{"id":17584,"date":"2017-11-29T13:46:58","date_gmt":"2017-11-29T16:46:58","guid":{"rendered":"http:\/\/cronicasyversiones.com\/?p=17584"},"modified":"2017-11-29T13:46:58","modified_gmt":"2017-11-29T16:46:58","slug":"radiohead-vuelve-a-la-argentina","status":"publish","type":"post","link":"http:\/\/cronicasyversiones.com\/?p=17584","title":{"rendered":"Radiohead vuelve a la Argentina"},"content":{"rendered":"<div style=\"padding-bottom:20px; padding-top:10px;\" class=\"hupso-share-buttons\"><!-- Hupso Share Buttons - https:\/\/www.hupso.com\/share\/ --><a class=\"hupso_counters\" href=\"https:\/\/www.hupso.com\/share\/\"><img decoding=\"async\" src=\"http:\/\/static.hupso.com\/share\/buttons\/lang\/es\/share-small.png\" style=\"border:0px; padding-top:2px; float:left;\" alt=\"Share Button\"\/><\/a><script type=\"text\/javascript\">var hupso_services_c=new Array(\"twitter\",\"facebook_like\",\"google\");var hupso_counters_lang = \"es_LA\";var hupso_image_folder_url = \"\";var hupso_twitter_via=\"crsyvrs\";var hupso_url_c=\"\";<\/script><script type=\"text\/javascript\" src=\"http:\/\/static.hupso.com\/share\/js\/counters.js\"><\/script><!-- Hupso Share Buttons --><\/div><h2>El notable quinteto brit\u00e1nico tocar\u00e1 el 14 de abril en Tecn\u00f3polis, en una escala de la gira que los llevar\u00e1 por distintos escenarios de Sudam\u00e9rica.<\/h2>\n<p><img loading=\"lazy\" decoding=\"async\" class=\"wp-image-17585 aligncenter\" src=\"http:\/\/cronicasyversiones.com\/wp-content\/uploads\/2017\/11\/radioheadnew.jpg\" alt=\"\" width=\"750\" height=\"422\" srcset=\"http:\/\/cronicasyversiones.com\/wp-content\/uploads\/2017\/11\/radioheadnew.jpg 770w, http:\/\/cronicasyversiones.com\/wp-content\/uploads\/2017\/11\/radioheadnew-300x169.jpg 300w, http:\/\/cronicasyversiones.com\/wp-content\/uploads\/2017\/11\/radioheadnew-768x432.jpg 768w\" sizes=\"auto, (max-width: 750px) 100vw, 750px\" \/><\/p>\n<p>El grupo brit\u00e1nico<strong> Radiohead<\/strong> anunci\u00f3 a trav\u00e9s de sus redes sociales que el 14 de abril se presentar\u00e1 en Buenos Aires,\u00a0 en el predio de <strong>Tecn\u00f3polis<\/strong>, en una escala de su nueva gira, y las entradas estar\u00e1 a la venta a partir del 7 de diciembre.<\/p>\n<p>La \u00fanica vez que Radiohead estuvo en Buenos Aires fue el 24 de marzo de 2009 en Geba, con la presentaci\u00f3n de <strong>\u00abIn Rainbows\u00bb.<\/strong><\/p>\n<p>Seg\u00fan adelant\u00f3 el quinteto de Oxford, la segunda visita al pa\u00eds estar\u00e1 en el marco de un periplo \u00a0sudamericana que incluye <strong>Chile (11), Per\u00fa (17), Brasil (20 y 22) y Colombia (25).<\/strong><\/p>\n<p>El \u00faltimo trabajo editado por el grupo liderado por Thom Yorke es <em><strong>\u00abA Moon Shaped Pool\u00bb,<\/strong><\/em> de 2016.<\/p>\n<p>Este a\u00f1o, los brit\u00e1nicos reeditaron a 20 a\u00f1os de su salida el mega exitoso <strong>\u00abOk Computer\u00bb<\/strong> con un disco doble con lados B.<\/p>\n<p><em><strong>LEA TAMBI\u00c9N:<\/strong><\/em><\/p>\n<div class=\"video-container\">\n<blockquote class=\"wp-embedded-content\" data-secret=\"rItWR4PaDi\"><p><a href=\"http:\/\/cronicasyversiones.com\/?p=17310\">The Last Internationale llega a la Argentina<\/a><\/p><\/blockquote>\n<p><iframe loading=\"lazy\" class=\"wp-embedded-content\" sandbox=\"allow-scripts\" security=\"restricted\" style=\"position: absolute; clip: rect(1px, 1px, 1px, 1px);\" title=\"\u00abThe Last Internationale llega a la Argentina\u00bb \u2014    \" src=\"http:\/\/cronicasyversiones.com\/?p=17310&#038;embed=true#?secret=WbioABp3SE#?secret=rItWR4PaDi\" data-secret=\"rItWR4PaDi\" width=\"600\" height=\"338\" frameborder=\"0\" marginwidth=\"0\" marginheight=\"0\" scrolling=\"no\"><\/iframe><\/div>\n<p><strong>Radiohead,<\/strong> una influyente banda inclusive por fuera de las fronteras del rock, comenz\u00f3 su camin\u00f3 a mediados de los \u00b480.<\/p>\n<p>Este grupo lo integran Thom Yorke en voz, guitarra y piano; Jonny Greenwood en guitarra\u00a0 y teclados; Ed O\u2019Brien en guitarra y\u00a0 segunda voz;\u00a0 Colin Greenwood\u00a0 en bajo y\u00a0 teclados; y Phil Selway\u00a0 en bater\u00eda y percusi\u00f3n.<\/p>\n<p>&nbsp;<\/p>\n<div style=\"padding-bottom:20px; padding-top:10px;\" class=\"hupso-share-buttons\"><!-- Hupso Share Buttons - https:\/\/www.hupso.com\/share\/ --><a class=\"hupso_counters\" href=\"https:\/\/www.hupso.com\/share\/\"><img decoding=\"async\" src=\"http:\/\/static.hupso.com\/share\/buttons\/lang\/es\/share-small.png\" style=\"border:0px; padding-top:2px; float:left;\" alt=\"Share Button\"\/><\/a><script type=\"text\/javascript\">var hupso_services_c=new Array(\"twitter\",\"facebook_like\",\"google\");var hupso_counters_lang = \"es_LA\";var hupso_image_folder_url = \"\";var hupso_twitter_via=\"crsyvrs\";var hupso_url_c=\"\";<\/script><script type=\"text\/javascript\" src=\"http:\/\/static.hupso.com\/share\/js\/counters.js\"><\/script><!-- Hupso Share Buttons --><\/div> ","protected":false},"excerpt":{"rendered":"<div style=\"padding-bottom:20px; padding-top:10px;\" class=\"hupso-share-buttons\"><!-- Hupso Share Buttons - https:\/\/www.hupso.com\/share\/ --><a class=\"hupso_counters\" href=\"https:\/\/www.hupso.com\/share\/\"><img src=\"http:\/\/static.hupso.com\/share\/buttons\/lang\/es\/share-small.png\" style=\"border:0px; padding-top:2px; float:left;\" alt=\"Share Button\"\/><\/a><script type=\"text\/javascript\">var hupso_services_c=new Array(\"twitter\",\"facebook_like\",\"google\");var hupso_counters_lang = \"es_LA\";var hupso_image_folder_url = \"\";var hupso_twitter_via=\"crsyvrs\";var hupso_url_c=\"\";<\/script><script type=\"text\/javascript\" src=\"http:\/\/static.hupso.com\/share\/js\/counters.js\"><\/script><!-- Hupso Share Buttons --><\/div><p>El notable quinteto brit\u00e1nico tocar\u00e1 el 14 de abril en Tecn\u00f3polis, en una escala de la gira que los llevar\u00e1 por distintos escenarios de Sudam\u00e9rica. El grupo brit\u00e1nico Radiohead anunci\u00f3 a trav\u00e9s de sus redes sociales que el 14&#46;&#46;&#46;<\/p>\n<div style=\"padding-bottom:20px; padding-top:10px;\" class=\"hupso-share-buttons\"><!-- Hupso Share Buttons - https:\/\/www.hupso.com\/share\/ --><a class=\"hupso_counters\" href=\"https:\/\/www.hupso.com\/share\/\"><img src=\"http:\/\/static.hupso.com\/share\/buttons\/lang\/es\/share-small.png\" style=\"border:0px; padding-top:2px; float:left;\" alt=\"Share Button\"\/><\/a><script type=\"text\/javascript\">var hupso_services_c=new Array(\"twitter\",\"facebook_like\",\"google\");var hupso_counters_lang = \"es_LA\";var hupso_image_folder_url = \"\";var hupso_twitter_via=\"crsyvrs\";var hupso_url_c=\"\";<\/script><script type=\"text\/javascript\" src=\"http:\/\/static.hupso.com\/share\/js\/counters.js\"><\/script><!-- Hupso Share Buttons --><\/div>","protected":false},"author":5,"featured_media":17585,"comment_status":"open","ping_status":"closed","sticky":false,"template":"","format":"standard","meta":{"footnotes":""},"categories":[3],"tags":[2172],"class_list":["post-17584","post","type-post","status-publish","format-standard","has-post-thumbnail","hentry","category-musica","tag-radiohead"],"_links":{"self":[{"href":"http:\/\/cronicasyversiones.com\/index.php?rest_route=\/wp\/v2\/posts\/17584","targetHints":{"allow":["GET"]}}],"collection":[{"href":"http:\/\/cronicasyversiones.com\/index.php?rest_route=\/wp\/v2\/posts"}],"about":[{"href":"http:\/\/cronicasyversiones.com\/index.php?rest_route=\/wp\/v2\/types\/post"}],"author":[{"embeddable":true,"href":"http:\/\/cronicasyversiones.com\/index.php?rest_route=\/wp\/v2\/users\/5"}],"replies":[{"embeddable":true,"href":"http:\/\/cronicasyversiones.com\/index.php?rest_route=%2Fwp%2Fv2%2Fcomments&post=17584"}],"version-history":[{"count":0,"href":"http:\/\/cronicasyversiones.com\/index.php?rest_route=\/wp\/v2\/posts\/17584\/revisions"}],"wp:featuredmedia":[{"embeddable":true,"href":"http:\/\/cronicasyversiones.com\/index.php?rest_route=\/wp\/v2\/media\/17585"}],"wp:attachment":[{"href":"http:\/\/cronicasyversiones.com\/index.php?rest_route=%2Fwp%2Fv2%2Fmedia&parent=17584"}],"wp:term":[{"taxonomy":"category","embeddable":true,"href":"http:\/\/cronicasyversiones.com\/index.php?rest_route=%2Fwp%2Fv2%2Fcategories&post=17584"},{"taxonomy":"post_tag","embeddable":true,"href":"http:\/\/cronicasyversiones.com\/index.php?rest_route=%2Fwp%2Fv2%2Ftags&post=17584"}],"curies":[{"name":"wp","href":"https:\/\/api.w.org\/{rel}","templated":true}]}}