{"id":1799,"date":"2014-05-01T21:41:51","date_gmt":"2014-05-02T00:41:51","guid":{"rendered":"http:\/\/cronicasyversiones.com\/?p=1799"},"modified":"2014-05-01T21:41:51","modified_gmt":"2014-05-02T00:41:51","slug":"carlos-santana-quiere-una-revolucion-de-conciencias","status":"publish","type":"post","link":"http:\/\/cronicasyversiones.com\/?p=1799","title":{"rendered":"Carlos Santana quiere \u201cuna revoluci\u00f3n de conciencias\u201d"},"content":{"rendered":"<div style=\"padding-bottom:20px; padding-top:10px;\" class=\"hupso-share-buttons\"><!-- Hupso Share Buttons - https:\/\/www.hupso.com\/share\/ --><a class=\"hupso_counters\" href=\"https:\/\/www.hupso.com\/share\/\"><img decoding=\"async\" src=\"http:\/\/static.hupso.com\/share\/buttons\/lang\/es\/share-small.png\" style=\"border:0px; padding-top:2px; float:left;\" alt=\"Share Button\"\/><\/a><script type=\"text\/javascript\">var hupso_services_c=new Array(\"twitter\",\"facebook_like\",\"google\");var hupso_counters_lang = \"es_LA\";var hupso_image_folder_url = \"\";var hupso_twitter_via=\"crsyvrs\";var hupso_url_c=\"\";<\/script><script type=\"text\/javascript\" src=\"http:\/\/static.hupso.com\/share\/js\/counters.js\"><\/script><!-- Hupso Share Buttons --><\/div><h2 style=\"text-align: justify;\">El guitarrista mexicano asegur\u00f3 que a esto apunta con \u201cCoraz\u00f3n\u201d, su nuevo disco. Adem\u00e1s, present\u00f3 el clip de \u201cSaidera\u201d , un adelanto del \u00e1lbum en el que participa Samuel Rosa.<\/h2>\n<p><a href=\"http:\/\/cronicasyversiones.com\/wp-content\/uploads\/2014\/05\/carlos_santana.jpg\"><img loading=\"lazy\" decoding=\"async\" class=\"size-full wp-image-1801 aligncenter\" alt=\"carlos_santana\" src=\"http:\/\/cronicasyversiones.com\/wp-content\/uploads\/2014\/05\/carlos_santana.jpg\" width=\"763\" height=\"487\" srcset=\"http:\/\/cronicasyversiones.com\/wp-content\/uploads\/2014\/05\/carlos_santana.jpg 763w, http:\/\/cronicasyversiones.com\/wp-content\/uploads\/2014\/05\/carlos_santana-300x191.jpg 300w, http:\/\/cronicasyversiones.com\/wp-content\/uploads\/2014\/05\/carlos_santana-624x398.jpg 624w\" sizes=\"auto, (max-width: 763px) 100vw, 763px\" \/><\/a><\/p>\n<p style=\"text-align: justify;\">\u00a0<strong>Carlos Santana<\/strong>, a punto de sacar a la venta su nueva producci\u00f3n, <em><strong>\u201cCoraz\u00f3n\u201d<\/strong><\/em>, asegur\u00f3 que su trabajo en la m\u00fasica apunta a generar \u201c<strong>una revoluci\u00f3n de conciencias<\/strong>\u201d.<\/p>\n<p>\u201cTengo mucho tiempo invertido, emocionalmente, en traer un cambio\u201d, afirm\u00f3 el genial guitarrista mexicano, cuya carrera musical estuvo desde siempre marcada por la fusi\u00f3n y la espiritualidad.<\/p>\n<p>\u201cAhora mi hija est\u00e1 totalmente comprometida, y yo tambi\u00e9n, en contar la historia de <strong>Dolores Huerta<\/strong>\u201d, dijo en referencia a la activista mexicana que en los a\u00f1os 60 luch\u00f3 junto al l\u00edder <strong>C\u00e9sar Ch\u00e1vez<\/strong> por los derechos de los campesinos llegados a Estados Unidos.<\/p>\n<p>\u201c<strong>Ella fue quien invent\u00f3 el \u2018s\u00ed se puede\u2018.<\/strong> Dolores es para los mexicanos en Estados Unidos como Rosa Parks y yo eleg\u00ed invertir cierta cantidad de dinero para dar luz a su historia\u201d, explic\u00f3 el legendario guitarrista, seg\u00fan inform\u00f3 la agencia de noticias DPA.<\/p>\n<p>Por \u00faltimo, al repasar su extensa trayectoria, Santana explic\u00f3 que \u201clo normal y natural para nosotros, los hippies, era caminar por la calle,<strong> tomar LSD, ayahuasca o marihuana<\/strong> y \u2018Coraz\u00f3n\u2018 (su \u00faltimo disco)tiene en la portada todo eso: los colores, la conciencia, la frecuencia. Luz, amor, paz y alegr\u00eda\u201d.<\/p>\n<p><strong>\u201cSaidera\u201d, el nuevo clip de Santana<\/strong><\/p>\n<p><em><strong>\u201cSaideira\u201d<\/strong><\/em>, el nuevo videoclip de <strong>Carlos Santana y Samuel Rosa<\/strong> recoge directamente el esp\u00edritu de la letra de la canci\u00f3n original de la banda brasile\u00f1a <strong>Skank<\/strong>, que narra la existencia de un local nocturno casi m\u00e1gico, donde todo el mundo es bienvenido, y puede ser libremente quien quiera ser, sin ninguna limitaci\u00f3n.<\/p>\n<p>El videoclip se film\u00f3 en un <strong>local nocturno de Madrid<\/strong> con un potente equipo de sonido, donde tanto Santana como Samuel Rosa tocaron realmente para su p\u00fablico en total proximidad.<\/p>\n<p><object width=\"560\" height=\"315\" classid=\"clsid:d27cdb6e-ae6d-11cf-96b8-444553540000\" codebase=\"http:\/\/download.macromedia.com\/pub\/shockwave\/cabs\/flash\/swflash.cab#version=6,0,40,0\"><param name=\"allowFullScreen\" value=\"true\" \/><param name=\"allowscriptaccess\" value=\"always\" \/><param name=\"src\" value=\"\/\/www.youtube.com\/v\/bZ2R-cj12zY?version=3&amp;hl=es_MX\" \/><param name=\"allowfullscreen\" value=\"true\" \/><embed width=\"560\" height=\"315\" type=\"application\/x-shockwave-flash\" src=\"\/\/www.youtube.com\/v\/bZ2R-cj12zY?version=3&amp;hl=es_MX\" allowFullScreen=\"true\" allowscriptaccess=\"always\" allowfullscreen=\"true\" \/><\/object><\/p>\n<div style=\"padding-bottom:20px; padding-top:10px;\" class=\"hupso-share-buttons\"><!-- Hupso Share Buttons - https:\/\/www.hupso.com\/share\/ --><a class=\"hupso_counters\" href=\"https:\/\/www.hupso.com\/share\/\"><img decoding=\"async\" src=\"http:\/\/static.hupso.com\/share\/buttons\/lang\/es\/share-small.png\" style=\"border:0px; padding-top:2px; float:left;\" alt=\"Share Button\"\/><\/a><script type=\"text\/javascript\">var hupso_services_c=new Array(\"twitter\",\"facebook_like\",\"google\");var hupso_counters_lang = \"es_LA\";var hupso_image_folder_url = \"\";var hupso_twitter_via=\"crsyvrs\";var hupso_url_c=\"\";<\/script><script type=\"text\/javascript\" src=\"http:\/\/static.hupso.com\/share\/js\/counters.js\"><\/script><!-- Hupso Share Buttons --><\/div> ","protected":false},"excerpt":{"rendered":"<div style=\"padding-bottom:20px; padding-top:10px;\" class=\"hupso-share-buttons\"><!-- Hupso Share Buttons - https:\/\/www.hupso.com\/share\/ --><a class=\"hupso_counters\" href=\"https:\/\/www.hupso.com\/share\/\"><img src=\"http:\/\/static.hupso.com\/share\/buttons\/lang\/es\/share-small.png\" style=\"border:0px; padding-top:2px; float:left;\" alt=\"Share Button\"\/><\/a><script type=\"text\/javascript\">var hupso_services_c=new Array(\"twitter\",\"facebook_like\",\"google\");var hupso_counters_lang = \"es_LA\";var hupso_image_folder_url = \"\";var hupso_twitter_via=\"crsyvrs\";var hupso_url_c=\"\";<\/script><script type=\"text\/javascript\" src=\"http:\/\/static.hupso.com\/share\/js\/counters.js\"><\/script><!-- Hupso Share Buttons --><\/div><p>El guitarrista mexicano asegur\u00f3 que a esto apunta con \u201cCoraz\u00f3n\u201d, su nuevo disco. Adem\u00e1s, present\u00f3 el clip de \u201cSaidera\u201d , un adelanto del \u00e1lbum en el que participa Samuel Rosa. \u00a0Carlos Santana, a punto de sacar a la venta&#46;&#46;&#46;<\/p>\n<div style=\"padding-bottom:20px; padding-top:10px;\" class=\"hupso-share-buttons\"><!-- Hupso Share Buttons - https:\/\/www.hupso.com\/share\/ --><a class=\"hupso_counters\" href=\"https:\/\/www.hupso.com\/share\/\"><img src=\"http:\/\/static.hupso.com\/share\/buttons\/lang\/es\/share-small.png\" style=\"border:0px; padding-top:2px; float:left;\" alt=\"Share Button\"\/><\/a><script type=\"text\/javascript\">var hupso_services_c=new Array(\"twitter\",\"facebook_like\",\"google\");var hupso_counters_lang = \"es_LA\";var hupso_image_folder_url = \"\";var hupso_twitter_via=\"crsyvrs\";var hupso_url_c=\"\";<\/script><script type=\"text\/javascript\" src=\"http:\/\/static.hupso.com\/share\/js\/counters.js\"><\/script><!-- Hupso Share Buttons --><\/div>","protected":false},"author":5,"featured_media":0,"comment_status":"open","ping_status":"open","sticky":false,"template":"","format":"standard","meta":{"footnotes":""},"categories":[3],"tags":[1161,16,1495,1496],"class_list":["post-1799","post","type-post","status-publish","format-standard","hentry","category-musica","tag-carlos-santana","tag-cronicas-y-versiones","tag-dolores-huerta","tag-samuel-rosa"],"_links":{"self":[{"href":"http:\/\/cronicasyversiones.com\/index.php?rest_route=\/wp\/v2\/posts\/1799","targetHints":{"allow":["GET"]}}],"collection":[{"href":"http:\/\/cronicasyversiones.com\/index.php?rest_route=\/wp\/v2\/posts"}],"about":[{"href":"http:\/\/cronicasyversiones.com\/index.php?rest_route=\/wp\/v2\/types\/post"}],"author":[{"embeddable":true,"href":"http:\/\/cronicasyversiones.com\/index.php?rest_route=\/wp\/v2\/users\/5"}],"replies":[{"embeddable":true,"href":"http:\/\/cronicasyversiones.com\/index.php?rest_route=%2Fwp%2Fv2%2Fcomments&post=1799"}],"version-history":[{"count":0,"href":"http:\/\/cronicasyversiones.com\/index.php?rest_route=\/wp\/v2\/posts\/1799\/revisions"}],"wp:attachment":[{"href":"http:\/\/cronicasyversiones.com\/index.php?rest_route=%2Fwp%2Fv2%2Fmedia&parent=1799"}],"wp:term":[{"taxonomy":"category","embeddable":true,"href":"http:\/\/cronicasyversiones.com\/index.php?rest_route=%2Fwp%2Fv2%2Fcategories&post=1799"},{"taxonomy":"post_tag","embeddable":true,"href":"http:\/\/cronicasyversiones.com\/index.php?rest_route=%2Fwp%2Fv2%2Ftags&post=1799"}],"curies":[{"name":"wp","href":"https:\/\/api.w.org\/{rel}","templated":true}]}}