{"id":18007,"date":"2018-01-05T07:42:26","date_gmt":"2018-01-05T10:42:26","guid":{"rendered":"http:\/\/cronicasyversiones.com\/?p=18007"},"modified":"2018-01-05T07:42:26","modified_gmt":"2018-01-05T10:42:26","slug":"cate-blanchett-presidira-el-jurado-del-festival-de-cannes","status":"publish","type":"post","link":"http:\/\/cronicasyversiones.com\/?p=18007","title":{"rendered":"Cate Blanchett presidir\u00e1 el jurado del Festival de Cannes"},"content":{"rendered":"<div style=\"padding-bottom:20px; padding-top:10px;\" class=\"hupso-share-buttons\"><!-- Hupso Share Buttons - https:\/\/www.hupso.com\/share\/ --><a class=\"hupso_counters\" href=\"https:\/\/www.hupso.com\/share\/\"><img decoding=\"async\" src=\"http:\/\/static.hupso.com\/share\/buttons\/lang\/es\/share-small.png\" style=\"border:0px; padding-top:2px; float:left;\" alt=\"Share Button\"\/><\/a><script type=\"text\/javascript\">var hupso_services_c=new Array(\"twitter\",\"facebook_like\",\"google\");var hupso_counters_lang = \"es_LA\";var hupso_image_folder_url = \"\";var hupso_twitter_via=\"crsyvrs\";var hupso_url_c=\"\";<\/script><script type=\"text\/javascript\" src=\"http:\/\/static.hupso.com\/share\/js\/counters.js\"><\/script><!-- Hupso Share Buttons --><\/div><h2>La actriz australiana suceder\u00e1 a Pedro Almod\u00f3var y su elecci\u00f3n responde a sus acciones en medio del esc\u00e1ndalo desatado en Hollywood por casos de abuso sexual.<\/h2>\n<p><img loading=\"lazy\" decoding=\"async\" class=\"wp-image-18008 aligncenter\" src=\"http:\/\/cronicasyversiones.com\/wp-content\/uploads\/2018\/01\/cate-1024x683.jpg\" alt=\"\" width=\"751\" height=\"501\" srcset=\"http:\/\/cronicasyversiones.com\/wp-content\/uploads\/2018\/01\/cate-1024x683.jpg 1024w, http:\/\/cronicasyversiones.com\/wp-content\/uploads\/2018\/01\/cate-300x200.jpg 300w, http:\/\/cronicasyversiones.com\/wp-content\/uploads\/2018\/01\/cate-768x512.jpg 768w, http:\/\/cronicasyversiones.com\/wp-content\/uploads\/2018\/01\/cate-480x320.jpg 480w, http:\/\/cronicasyversiones.com\/wp-content\/uploads\/2018\/01\/cate.jpg 1920w\" sizes=\"auto, (max-width: 751px) 100vw, 751px\" \/><\/p>\n<p><strong>Cate Blanchett<\/strong> ser\u00e1 este a\u00f1o la presidenta del jurado del<strong> Festival de Cannes<\/strong>, la cita cinematogr\u00e1fica de la Riviera francesa que tendr\u00e1 lugar entre el 8 y el 19 de mayo, y suceder\u00e1 de esta manera al espa\u00f1ol <strong>Pedro Almod\u00f3var.<\/strong><\/p>\n<blockquote><p>\u201cBlanchett ser\u00e1 una presidenta comprometida, una mujer apasionada y una espectadora generosa\u201d, manifestaron el presidente del Festival, Pierre Lescure, y su delegado general, Thierry Fr\u00e9maux, al realizar el anuncio.<\/p><\/blockquote>\n<p>Se supone que la elecci\u00f3n de la actriz australiana, adem\u00e1s de por su calibre art\u00edstico, \u00a0de debe a sus acciones en medio del esc\u00e1ndalo desatado en <strong>Hollywood<\/strong> por casos de abusos sexuales, al haber sido una de las primeras en realizar denuncias y en ser la impulsora de la iniciativa <em><strong>\u201cTime&#8217;s up\u201d (\u201cSe acaba el tiempo\u201d)<\/strong> <\/em>para sacar a la luz todas las acusaciones.<\/p>\n<p><em><strong>LEA TAMBI\u00c9N:\u00a0<\/strong><\/em><\/p>\n<div class=\"video-container\">\n<blockquote class=\"wp-embedded-content\" data-secret=\"SZjSsk3abG\"><p><a href=\"https:\/\/cronicasyversiones.com\/?p=17635\">Tarantino estrenar\u00e1 su pr\u00f3ximo film en el aniversario de la muerte de Sharon Tate<\/a><\/p><\/blockquote>\n<p><iframe loading=\"lazy\" class=\"wp-embedded-content\" sandbox=\"allow-scripts\" security=\"restricted\" style=\"position: absolute; clip: rect(1px, 1px, 1px, 1px);\" title=\"\u00abTarantino estrenar\u00e1 su pr\u00f3ximo film en el aniversario de la muerte de Sharon Tate\u00bb \u2014    \" src=\"https:\/\/cronicasyversiones.com\/?p=17635&#038;embed=true#?secret=xFksRCAqtR#?secret=SZjSsk3abG\" data-secret=\"SZjSsk3abG\" width=\"600\" height=\"338\" frameborder=\"0\" marginwidth=\"0\" marginheight=\"0\" scrolling=\"no\"><\/iframe><\/div>\n<p>Pero adem\u00e1s de este tema, el rol activista de la actriz tambi\u00e9n incluye su nombramiento como embajadora de buena voluntad para el Alto Comisionado de las Naciones Unidas para los refugiados.<\/p>\n<p>Cate Blanchett tambi\u00e9n cuenta en su haber con dos premios Oscar, por los films <em><strong>\u201cEl aviador\u201d,<\/strong><\/em> de Martin Scorsesse, en 2004, y por <em><strong>\u201cBlue Jasmine\u201d<\/strong><\/em>, de Woody Allen, en 2014; y varias nominaciones, dentro su frondosa filmograf\u00eda.<\/p>\n<div style=\"padding-bottom:20px; padding-top:10px;\" class=\"hupso-share-buttons\"><!-- Hupso Share Buttons - https:\/\/www.hupso.com\/share\/ --><a class=\"hupso_counters\" href=\"https:\/\/www.hupso.com\/share\/\"><img decoding=\"async\" src=\"http:\/\/static.hupso.com\/share\/buttons\/lang\/es\/share-small.png\" style=\"border:0px; padding-top:2px; float:left;\" alt=\"Share Button\"\/><\/a><script type=\"text\/javascript\">var hupso_services_c=new Array(\"twitter\",\"facebook_like\",\"google\");var hupso_counters_lang = \"es_LA\";var hupso_image_folder_url = \"\";var hupso_twitter_via=\"crsyvrs\";var hupso_url_c=\"\";<\/script><script type=\"text\/javascript\" src=\"http:\/\/static.hupso.com\/share\/js\/counters.js\"><\/script><!-- Hupso Share Buttons --><\/div> ","protected":false},"excerpt":{"rendered":"<div style=\"padding-bottom:20px; padding-top:10px;\" class=\"hupso-share-buttons\"><!-- Hupso Share Buttons - https:\/\/www.hupso.com\/share\/ --><a class=\"hupso_counters\" href=\"https:\/\/www.hupso.com\/share\/\"><img src=\"http:\/\/static.hupso.com\/share\/buttons\/lang\/es\/share-small.png\" style=\"border:0px; padding-top:2px; float:left;\" alt=\"Share Button\"\/><\/a><script type=\"text\/javascript\">var hupso_services_c=new Array(\"twitter\",\"facebook_like\",\"google\");var hupso_counters_lang = \"es_LA\";var hupso_image_folder_url = \"\";var hupso_twitter_via=\"crsyvrs\";var hupso_url_c=\"\";<\/script><script type=\"text\/javascript\" src=\"http:\/\/static.hupso.com\/share\/js\/counters.js\"><\/script><!-- Hupso Share Buttons --><\/div><p>La actriz australiana suceder\u00e1 a Pedro Almod\u00f3var y su elecci\u00f3n responde a sus acciones en medio del esc\u00e1ndalo desatado en Hollywood por casos de abuso sexual. Cate Blanchett ser\u00e1 este a\u00f1o la presidenta del jurado del Festival de Cannes,&#46;&#46;&#46;<\/p>\n<div style=\"padding-bottom:20px; padding-top:10px;\" class=\"hupso-share-buttons\"><!-- Hupso Share Buttons - https:\/\/www.hupso.com\/share\/ --><a class=\"hupso_counters\" href=\"https:\/\/www.hupso.com\/share\/\"><img src=\"http:\/\/static.hupso.com\/share\/buttons\/lang\/es\/share-small.png\" style=\"border:0px; padding-top:2px; float:left;\" alt=\"Share Button\"\/><\/a><script type=\"text\/javascript\">var hupso_services_c=new Array(\"twitter\",\"facebook_like\",\"google\");var hupso_counters_lang = \"es_LA\";var hupso_image_folder_url = \"\";var hupso_twitter_via=\"crsyvrs\";var hupso_url_c=\"\";<\/script><script type=\"text\/javascript\" src=\"http:\/\/static.hupso.com\/share\/js\/counters.js\"><\/script><!-- Hupso Share Buttons --><\/div>","protected":false},"author":5,"featured_media":18008,"comment_status":"open","ping_status":"closed","sticky":false,"template":"","format":"standard","meta":{"footnotes":""},"categories":[4],"tags":[59,971],"class_list":["post-18007","post","type-post","status-publish","format-standard","has-post-thumbnail","hentry","category-cine","tag-cate-blanchett","tag-festival-de-cannes"],"_links":{"self":[{"href":"http:\/\/cronicasyversiones.com\/index.php?rest_route=\/wp\/v2\/posts\/18007","targetHints":{"allow":["GET"]}}],"collection":[{"href":"http:\/\/cronicasyversiones.com\/index.php?rest_route=\/wp\/v2\/posts"}],"about":[{"href":"http:\/\/cronicasyversiones.com\/index.php?rest_route=\/wp\/v2\/types\/post"}],"author":[{"embeddable":true,"href":"http:\/\/cronicasyversiones.com\/index.php?rest_route=\/wp\/v2\/users\/5"}],"replies":[{"embeddable":true,"href":"http:\/\/cronicasyversiones.com\/index.php?rest_route=%2Fwp%2Fv2%2Fcomments&post=18007"}],"version-history":[{"count":0,"href":"http:\/\/cronicasyversiones.com\/index.php?rest_route=\/wp\/v2\/posts\/18007\/revisions"}],"wp:featuredmedia":[{"embeddable":true,"href":"http:\/\/cronicasyversiones.com\/index.php?rest_route=\/wp\/v2\/media\/18008"}],"wp:attachment":[{"href":"http:\/\/cronicasyversiones.com\/index.php?rest_route=%2Fwp%2Fv2%2Fmedia&parent=18007"}],"wp:term":[{"taxonomy":"category","embeddable":true,"href":"http:\/\/cronicasyversiones.com\/index.php?rest_route=%2Fwp%2Fv2%2Fcategories&post=18007"},{"taxonomy":"post_tag","embeddable":true,"href":"http:\/\/cronicasyversiones.com\/index.php?rest_route=%2Fwp%2Fv2%2Ftags&post=18007"}],"curies":[{"name":"wp","href":"https:\/\/api.w.org\/{rel}","templated":true}]}}