{"id":18014,"date":"2018-01-05T13:56:43","date_gmt":"2018-01-05T16:56:43","guid":{"rendered":"http:\/\/cronicasyversiones.com\/?p=18014"},"modified":"2018-01-05T13:56:43","modified_gmt":"2018-01-05T16:56:43","slug":"entonces-la-noche-con-cecilia-roth-y-dolores-fonzi-en-el-paseo-la-plaza","status":"publish","type":"post","link":"http:\/\/cronicasyversiones.com\/?p=18014","title":{"rendered":"\u201cEntonces la noche\u201d, con Cecilia Roth y Dolores Fonzi, en el Paseo La Plaza"},"content":{"rendered":"<div style=\"padding-bottom:20px; padding-top:10px;\" class=\"hupso-share-buttons\"><!-- Hupso Share Buttons - https:\/\/www.hupso.com\/share\/ --><a class=\"hupso_counters\" href=\"https:\/\/www.hupso.com\/share\/\"><img decoding=\"async\" src=\"http:\/\/static.hupso.com\/share\/buttons\/lang\/es\/share-small.png\" style=\"border:0px; padding-top:2px; float:left;\" alt=\"Share Button\"\/><\/a><script type=\"text\/javascript\">var hupso_services_c=new Array(\"twitter\",\"facebook_like\",\"google\");var hupso_counters_lang = \"es_LA\";var hupso_image_folder_url = \"\";var hupso_twitter_via=\"crsyvrs\";var hupso_url_c=\"\";<\/script><script type=\"text\/javascript\" src=\"http:\/\/static.hupso.com\/share\/js\/counters.js\"><\/script><!-- Hupso Share Buttons --><\/div><h2>En la obra, de Mart\u00edn Flores C\u00e1rdenas, cuatro personajes se sumergir\u00e1n en la oscuridad de una ciudad misteriosa sin saber muy bien qu\u00e9 est\u00e1n buscando.<\/h2>\n<p><img loading=\"lazy\" decoding=\"async\" class=\"wp-image-18015 aligncenter\" src=\"http:\/\/cronicasyversiones.com\/wp-content\/uploads\/2018\/01\/entonces.jpg\" alt=\"\" width=\"762\" height=\"463\" srcset=\"http:\/\/cronicasyversiones.com\/wp-content\/uploads\/2018\/01\/entonces.jpg 787w, http:\/\/cronicasyversiones.com\/wp-content\/uploads\/2018\/01\/entonces-300x182.jpg 300w, http:\/\/cronicasyversiones.com\/wp-content\/uploads\/2018\/01\/entonces-768x466.jpg 768w\" sizes=\"auto, (max-width: 762px) 100vw, 762px\" \/><\/p>\n<p><em><strong>\u201cEntonces la noche\u201d,<\/strong><\/em> protagonizada por <strong>Cecilia Roth<\/strong> y <strong>Dolores Fonzi<\/strong> junto a <strong>Guillermo Arengo<\/strong> y <strong>Ezequiel D\u00edaz,<\/strong> con dramaturgia y direcci\u00f3n de <strong>Mart\u00edn Flores C\u00e1rdenas,<\/strong> se estrena \u00a0mi\u00e9rcoles 10 de enero, a las 20.45, en la <strong>Sala Pablo Picasso del Paseo La Plaza,<\/strong> ubicada en la Avenida Corrientes 1660.<\/p>\n<p>Hubo un tiempo en el que los atardeceres invernales inspiraban paz e ideas rom\u00e1nticas. En la \u00e9poca en la que sucede esta obra, en cambio, <strong>la inminente llegada de la noche<\/strong> traer\u00e1 consigo miedo e incertidumbre.<\/p>\n<p>Cuatro personajes <strong>se sumergir\u00e1n en la oscuridad<\/strong> de una ciudad misteriosa sin saber muy bien qu\u00e9 est\u00e1n buscando ni con qu\u00e9 se pueden encontrar.<\/p>\n<p><em><strong>LEA TAMBI\u00c9N:\u00a0<\/strong><\/em><\/p>\n<div class=\"video-container\">\n<blockquote class=\"wp-embedded-content\" data-secret=\"IWxahoXPPt\"><p><a href=\"https:\/\/cronicasyversiones.com\/?p=17886\">\u201cComo si pasara un tren\u201d, de Lorena Romanin, en El Camar\u00edn de las Musas<\/a><\/p><\/blockquote>\n<p><iframe loading=\"lazy\" class=\"wp-embedded-content\" sandbox=\"allow-scripts\" security=\"restricted\" style=\"position: absolute; clip: rect(1px, 1px, 1px, 1px);\" title=\"\u00ab\u201cComo si pasara un tren\u201d, de Lorena Romanin, en El Camar\u00edn de las Musas\u00bb \u2014    \" src=\"https:\/\/cronicasyversiones.com\/?p=17886&#038;embed=true#?secret=RX6GV3Bsbf#?secret=IWxahoXPPt\" data-secret=\"IWxahoXPPt\" width=\"600\" height=\"338\" frameborder=\"0\" marginwidth=\"0\" marginheight=\"0\" scrolling=\"no\"><\/iframe><\/div>\n<blockquote><p>\u201cSuena el timbre en el medio de la noche. Me despierto sobresaltada y corro a atender el portero el\u00e9ctrico. Nadie habla. Es la segunda vez que suena y qui\u00e9n haya sido el o la que tocaba, no dijo una sola palabra. Afuera hace el fr\u00edo necesario como para matar a alguien, sin exagerar. Adentro, el calefactor al m\u00e1ximo emite un zumbido que tapa cualquier otro sonido posible, lo que me hace imaginar, con el cuarto completamente a oscuras, que esta es una madrugada sin tiempo\u2026\u201d<\/p><\/blockquote>\n<p>Esta puesta, que cuenta con los m\u00fasicos <strong>Fernando tur\u00a0 y Juli\u00e1n Rodr\u00edguez Rona,<\/strong> tendr\u00e1 funciones los mi\u00e9rcoles y jueves, a las 20.45, los viernes a las 21, los s\u00e1bados a las 20 y a las 22 y los domingos a las 20.<\/p>\n<p>&nbsp;<\/p>\n<div style=\"padding-bottom:20px; padding-top:10px;\" class=\"hupso-share-buttons\"><!-- Hupso Share Buttons - https:\/\/www.hupso.com\/share\/ --><a class=\"hupso_counters\" href=\"https:\/\/www.hupso.com\/share\/\"><img decoding=\"async\" src=\"http:\/\/static.hupso.com\/share\/buttons\/lang\/es\/share-small.png\" style=\"border:0px; padding-top:2px; float:left;\" alt=\"Share Button\"\/><\/a><script type=\"text\/javascript\">var hupso_services_c=new Array(\"twitter\",\"facebook_like\",\"google\");var hupso_counters_lang = \"es_LA\";var hupso_image_folder_url = \"\";var hupso_twitter_via=\"crsyvrs\";var hupso_url_c=\"\";<\/script><script type=\"text\/javascript\" src=\"http:\/\/static.hupso.com\/share\/js\/counters.js\"><\/script><!-- Hupso Share Buttons --><\/div> ","protected":false},"excerpt":{"rendered":"<div style=\"padding-bottom:20px; padding-top:10px;\" class=\"hupso-share-buttons\"><!-- Hupso Share Buttons - https:\/\/www.hupso.com\/share\/ --><a class=\"hupso_counters\" href=\"https:\/\/www.hupso.com\/share\/\"><img src=\"http:\/\/static.hupso.com\/share\/buttons\/lang\/es\/share-small.png\" style=\"border:0px; padding-top:2px; float:left;\" alt=\"Share Button\"\/><\/a><script type=\"text\/javascript\">var hupso_services_c=new Array(\"twitter\",\"facebook_like\",\"google\");var hupso_counters_lang = \"es_LA\";var hupso_image_folder_url = \"\";var hupso_twitter_via=\"crsyvrs\";var hupso_url_c=\"\";<\/script><script type=\"text\/javascript\" src=\"http:\/\/static.hupso.com\/share\/js\/counters.js\"><\/script><!-- Hupso Share Buttons --><\/div><p>En la obra, de Mart\u00edn Flores C\u00e1rdenas, cuatro personajes se sumergir\u00e1n en la oscuridad de una ciudad misteriosa sin saber muy bien qu\u00e9 est\u00e1n buscando. \u201cEntonces la noche\u201d, protagonizada por Cecilia Roth y Dolores Fonzi junto a Guillermo Arengo&#46;&#46;&#46;<\/p>\n<div style=\"padding-bottom:20px; padding-top:10px;\" class=\"hupso-share-buttons\"><!-- Hupso Share Buttons - https:\/\/www.hupso.com\/share\/ --><a class=\"hupso_counters\" href=\"https:\/\/www.hupso.com\/share\/\"><img src=\"http:\/\/static.hupso.com\/share\/buttons\/lang\/es\/share-small.png\" style=\"border:0px; padding-top:2px; float:left;\" alt=\"Share Button\"\/><\/a><script type=\"text\/javascript\">var hupso_services_c=new Array(\"twitter\",\"facebook_like\",\"google\");var hupso_counters_lang = \"es_LA\";var hupso_image_folder_url = \"\";var hupso_twitter_via=\"crsyvrs\";var hupso_url_c=\"\";<\/script><script type=\"text\/javascript\" src=\"http:\/\/static.hupso.com\/share\/js\/counters.js\"><\/script><!-- Hupso Share Buttons --><\/div>","protected":false},"author":5,"featured_media":18015,"comment_status":"open","ping_status":"closed","sticky":false,"template":"","format":"standard","meta":{"footnotes":""},"categories":[5],"tags":[1079,4281,8561,1447],"class_list":["post-18014","post","type-post","status-publish","format-standard","has-post-thumbnail","hentry","category-teatro","tag-cecilia-roth","tag-dolores-fonzi","tag-entonces-la-noche","tag-paseo-la-plaza"],"_links":{"self":[{"href":"http:\/\/cronicasyversiones.com\/index.php?rest_route=\/wp\/v2\/posts\/18014","targetHints":{"allow":["GET"]}}],"collection":[{"href":"http:\/\/cronicasyversiones.com\/index.php?rest_route=\/wp\/v2\/posts"}],"about":[{"href":"http:\/\/cronicasyversiones.com\/index.php?rest_route=\/wp\/v2\/types\/post"}],"author":[{"embeddable":true,"href":"http:\/\/cronicasyversiones.com\/index.php?rest_route=\/wp\/v2\/users\/5"}],"replies":[{"embeddable":true,"href":"http:\/\/cronicasyversiones.com\/index.php?rest_route=%2Fwp%2Fv2%2Fcomments&post=18014"}],"version-history":[{"count":0,"href":"http:\/\/cronicasyversiones.com\/index.php?rest_route=\/wp\/v2\/posts\/18014\/revisions"}],"wp:featuredmedia":[{"embeddable":true,"href":"http:\/\/cronicasyversiones.com\/index.php?rest_route=\/wp\/v2\/media\/18015"}],"wp:attachment":[{"href":"http:\/\/cronicasyversiones.com\/index.php?rest_route=%2Fwp%2Fv2%2Fmedia&parent=18014"}],"wp:term":[{"taxonomy":"category","embeddable":true,"href":"http:\/\/cronicasyversiones.com\/index.php?rest_route=%2Fwp%2Fv2%2Fcategories&post=18014"},{"taxonomy":"post_tag","embeddable":true,"href":"http:\/\/cronicasyversiones.com\/index.php?rest_route=%2Fwp%2Fv2%2Ftags&post=18014"}],"curies":[{"name":"wp","href":"https:\/\/api.w.org\/{rel}","templated":true}]}}