{"id":18229,"date":"2018-01-28T11:18:29","date_gmt":"2018-01-28T14:18:29","guid":{"rendered":"http:\/\/cronicasyversiones.com\/?p=18229"},"modified":"2018-01-28T11:18:29","modified_gmt":"2018-01-28T14:18:29","slug":"la-ultima-novela-de-isabel-allende-busca-llegar-al-cine-en-la-berlinale","status":"publish","type":"post","link":"http:\/\/cronicasyversiones.com\/?p=18229","title":{"rendered":"La \u00faltima novela de Isabel Allende busca llegar al cine en la Berlinale"},"content":{"rendered":"<div style=\"padding-bottom:20px; padding-top:10px;\" class=\"hupso-share-buttons\"><!-- Hupso Share Buttons - https:\/\/www.hupso.com\/share\/ --><a class=\"hupso_counters\" href=\"https:\/\/www.hupso.com\/share\/\"><img decoding=\"async\" src=\"http:\/\/static.hupso.com\/share\/buttons\/lang\/es\/share-small.png\" style=\"border:0px; padding-top:2px; float:left;\" alt=\"Share Button\"\/><\/a><script type=\"text\/javascript\">var hupso_services_c=new Array(\"twitter\",\"facebook_like\",\"google\");var hupso_counters_lang = \"es_LA\";var hupso_image_folder_url = \"\";var hupso_twitter_via=\"crsyvrs\";var hupso_url_c=\"\";<\/script><script type=\"text\/javascript\" src=\"http:\/\/static.hupso.com\/share\/js\/counters.js\"><\/script><!-- Hupso Share Buttons --><\/div><h2>\u00a0La \u00faltima novela que public\u00f3 la escritora chilena es uno de los doce libros que se presentar\u00e1n en la pr\u00f3xima edici\u00f3n del festival.<\/h2>\n<p><img loading=\"lazy\" decoding=\"async\" class=\" wp-image-18230 aligncenter\" src=\"http:\/\/cronicasyversiones.com\/wp-content\/uploads\/2018\/01\/allende.jpg\" alt=\"\" width=\"791\" height=\"488\" srcset=\"http:\/\/cronicasyversiones.com\/wp-content\/uploads\/2018\/01\/allende.jpg 658w, http:\/\/cronicasyversiones.com\/wp-content\/uploads\/2018\/01\/allende-300x185.jpg 300w\" sizes=\"auto, (max-width: 791px) 100vw, 791px\" \/><\/p>\n<p><em><strong>\u201cM\u00e1s all\u00e1 del invierno\u201d,<\/strong><\/em> la \u00faltima novela que public\u00f3 la escritora chilena<strong> Isabel Allende<\/strong>, es uno de los doce libros que se presentar\u00e1n en la pr\u00f3xima edici\u00f3n de la <strong>Berlinale,<\/strong> por su potencial para ser llevados a la gran pantalla.<\/p>\n<p>La organizaci\u00f3n del festival internacional de cine de Berl\u00edn public\u00f3 en un comunicado los nombres de las doce obras seleccionadas para la secci\u00f3n <em><strong>\u201cLibros en la Berlinale\u201d<\/strong><\/em> de la edici\u00f3n de este a\u00f1o, que tendr\u00e1 lugar entre el 15 y el 25 de febrero.<\/p>\n<p><em><strong>\u201cM\u00e1s all\u00e1 del invierno\u201d<\/strong><\/em> es, probablemente, la novela m\u00e1s americana de la escritora que reside en San Francisco y una de sus historias m\u00e1s personales, una obra \u201cabsolutamente actual que aborda la realidad de la emigraci\u00f3n y la identidad de la Am\u00e9rica de hoy a trav\u00e9s de unos personajes que encuentran la esperanza en el amor y en las segundas oportunidades\u201d.<\/p>\n<p>Isabel Allende parte en esta novela de una cita de Albert Camus -\u2018en medio del invierno aprend\u00ed por fin que hab\u00eda en m\u00ed un verano invencible\u201d- para urdir una trama que, a ritmo de<em><strong> \u201cthriller\u201d<\/strong><\/em>, presenta a unos personajes propios de la Am\u00e9rica de hoy que se hallan \u201cen el m\u00e1s profundo invierno de sus vidas\u2018: una chilena, una joven guatemalteca ilegal y un maduro jud\u00edo norteamericano.<\/p>\n<p>Los tres sobreviven a un terrible temporal de nieve que cae en pleno invierno sobre<strong> Nueva York<\/strong> y acaban aprendiendo que \u201cm\u00e1s all\u00e1 del invierno\u201d hay sitio para el amor inesperado y para \u201cel verano invencible\u201d que siempre ofrece la vida cuando menos se espera.<\/p>\n<p><em><strong>LEA TAMBI\u00c9N:<\/strong> <\/em><\/p>\n<div class=\"video-container\">\n<blockquote class=\"wp-embedded-content\" data-secret=\"iCUv4iuPz6\"><p><a href=\"http:\/\/cronicasyversiones.com\/?p=18203\">Peter Jackson aporta un film a las conmemoraciones de la Primera Guerra Mundial<\/a><\/p><\/blockquote>\n<p><iframe loading=\"lazy\" class=\"wp-embedded-content\" sandbox=\"allow-scripts\" security=\"restricted\" style=\"position: absolute; clip: rect(1px, 1px, 1px, 1px);\" title=\"\u00abPeter Jackson aporta un film a las conmemoraciones de la Primera Guerra Mundial\u00bb \u2014    \" src=\"http:\/\/cronicasyversiones.com\/?p=18203&#038;embed=true#?secret=bD8a9qRtFU#?secret=iCUv4iuPz6\" data-secret=\"iCUv4iuPz6\" width=\"600\" height=\"338\" frameborder=\"0\" marginwidth=\"0\" marginheight=\"0\" scrolling=\"no\"><\/iframe><\/div>\n<p>Adem\u00e1s de la novela de Allende en este acto se presentar\u00e1 \u201cFake Metal Jacket\u201d de Sven Recker, \u201cThe Other Amsterdam\u201d de Dato Turashvili, \u201cThe Million Kroner Kindness Competition\u201d de Arnfinn Kolerud y \u201c#egoland\u201d de Michael Nast.<\/p>\n<p>Adem\u00e1s, se promocionar\u00e1n las obras \u201cBakhita\u201d de V\u00e9ronique Olmi, \u201cMagda\u201d de Mazarine Pingeot, \u201cThe Girl in the Tree\u201d de Sebnem Isig\u00fczel, \u201cWhere the Missing Go\u201d de Emma Rowley, \u201cMartha\u2019s Dance\u201d de Tom Saller, \u201cHitler\u2019s Feast\u201d de Rosella Postorino y \u201cCaptain Horror\u2019s Island\u201d de Rodoula Pappa.<\/p>\n<p>Estos doce t\u00edtulos se han seleccionado de entre 150 candidaturas procedentes de 30 pa\u00edses.<\/p>\n<div style=\"padding-bottom:20px; padding-top:10px;\" class=\"hupso-share-buttons\"><!-- Hupso Share Buttons - https:\/\/www.hupso.com\/share\/ --><a class=\"hupso_counters\" href=\"https:\/\/www.hupso.com\/share\/\"><img decoding=\"async\" src=\"http:\/\/static.hupso.com\/share\/buttons\/lang\/es\/share-small.png\" style=\"border:0px; padding-top:2px; float:left;\" alt=\"Share Button\"\/><\/a><script type=\"text\/javascript\">var hupso_services_c=new Array(\"twitter\",\"facebook_like\",\"google\");var hupso_counters_lang = \"es_LA\";var hupso_image_folder_url = \"\";var hupso_twitter_via=\"crsyvrs\";var hupso_url_c=\"\";<\/script><script type=\"text\/javascript\" src=\"http:\/\/static.hupso.com\/share\/js\/counters.js\"><\/script><!-- Hupso Share Buttons --><\/div> ","protected":false},"excerpt":{"rendered":"<div style=\"padding-bottom:20px; padding-top:10px;\" class=\"hupso-share-buttons\"><!-- Hupso Share Buttons - https:\/\/www.hupso.com\/share\/ --><a class=\"hupso_counters\" href=\"https:\/\/www.hupso.com\/share\/\"><img src=\"http:\/\/static.hupso.com\/share\/buttons\/lang\/es\/share-small.png\" style=\"border:0px; padding-top:2px; float:left;\" alt=\"Share Button\"\/><\/a><script type=\"text\/javascript\">var hupso_services_c=new Array(\"twitter\",\"facebook_like\",\"google\");var hupso_counters_lang = \"es_LA\";var hupso_image_folder_url = \"\";var hupso_twitter_via=\"crsyvrs\";var hupso_url_c=\"\";<\/script><script type=\"text\/javascript\" src=\"http:\/\/static.hupso.com\/share\/js\/counters.js\"><\/script><!-- Hupso Share Buttons --><\/div><p>\u00a0La \u00faltima novela que public\u00f3 la escritora chilena es uno de los doce libros que se presentar\u00e1n en la pr\u00f3xima edici\u00f3n del festival. \u201cM\u00e1s all\u00e1 del invierno\u201d, la \u00faltima novela que public\u00f3 la escritora chilena Isabel Allende, es uno&#46;&#46;&#46;<\/p>\n<div style=\"padding-bottom:20px; padding-top:10px;\" class=\"hupso-share-buttons\"><!-- Hupso Share Buttons - https:\/\/www.hupso.com\/share\/ --><a class=\"hupso_counters\" href=\"https:\/\/www.hupso.com\/share\/\"><img src=\"http:\/\/static.hupso.com\/share\/buttons\/lang\/es\/share-small.png\" style=\"border:0px; padding-top:2px; float:left;\" alt=\"Share Button\"\/><\/a><script type=\"text\/javascript\">var hupso_services_c=new Array(\"twitter\",\"facebook_like\",\"google\");var hupso_counters_lang = \"es_LA\";var hupso_image_folder_url = \"\";var hupso_twitter_via=\"crsyvrs\";var hupso_url_c=\"\";<\/script><script type=\"text\/javascript\" src=\"http:\/\/static.hupso.com\/share\/js\/counters.js\"><\/script><!-- Hupso Share Buttons --><\/div>","protected":false},"author":5,"featured_media":18230,"comment_status":"open","ping_status":"closed","sticky":false,"template":"","format":"standard","meta":{"footnotes":""},"categories":[4,7],"tags":[3549,4571],"class_list":["post-18229","post","type-post","status-publish","format-standard","has-post-thumbnail","hentry","category-cine","category-literatura","tag-festival-de-cine-de-berlin","tag-isabel-allende"],"_links":{"self":[{"href":"http:\/\/cronicasyversiones.com\/index.php?rest_route=\/wp\/v2\/posts\/18229","targetHints":{"allow":["GET"]}}],"collection":[{"href":"http:\/\/cronicasyversiones.com\/index.php?rest_route=\/wp\/v2\/posts"}],"about":[{"href":"http:\/\/cronicasyversiones.com\/index.php?rest_route=\/wp\/v2\/types\/post"}],"author":[{"embeddable":true,"href":"http:\/\/cronicasyversiones.com\/index.php?rest_route=\/wp\/v2\/users\/5"}],"replies":[{"embeddable":true,"href":"http:\/\/cronicasyversiones.com\/index.php?rest_route=%2Fwp%2Fv2%2Fcomments&post=18229"}],"version-history":[{"count":0,"href":"http:\/\/cronicasyversiones.com\/index.php?rest_route=\/wp\/v2\/posts\/18229\/revisions"}],"wp:featuredmedia":[{"embeddable":true,"href":"http:\/\/cronicasyversiones.com\/index.php?rest_route=\/wp\/v2\/media\/18230"}],"wp:attachment":[{"href":"http:\/\/cronicasyversiones.com\/index.php?rest_route=%2Fwp%2Fv2%2Fmedia&parent=18229"}],"wp:term":[{"taxonomy":"category","embeddable":true,"href":"http:\/\/cronicasyversiones.com\/index.php?rest_route=%2Fwp%2Fv2%2Fcategories&post=18229"},{"taxonomy":"post_tag","embeddable":true,"href":"http:\/\/cronicasyversiones.com\/index.php?rest_route=%2Fwp%2Fv2%2Ftags&post=18229"}],"curies":[{"name":"wp","href":"https:\/\/api.w.org\/{rel}","templated":true}]}}