{"id":18249,"date":"2018-01-30T07:33:52","date_gmt":"2018-01-30T10:33:52","guid":{"rendered":"http:\/\/cronicasyversiones.com\/?p=18249"},"modified":"2018-01-30T07:33:52","modified_gmt":"2018-01-30T10:33:52","slug":"la-xl-brass-band-arma-la-fiesta-xl-en-lucille","status":"publish","type":"post","link":"http:\/\/cronicasyversiones.com\/?p=18249","title":{"rendered":"La XL Brass Band arma la \u201cFiesta XL\u201d en Lucille"},"content":{"rendered":"<div style=\"padding-bottom:20px; padding-top:10px;\" class=\"hupso-share-buttons\"><!-- Hupso Share Buttons - https:\/\/www.hupso.com\/share\/ --><a class=\"hupso_counters\" href=\"https:\/\/www.hupso.com\/share\/\"><img decoding=\"async\" src=\"http:\/\/static.hupso.com\/share\/buttons\/lang\/es\/share-small.png\" style=\"border:0px; padding-top:2px; float:left;\" alt=\"Share Button\"\/><\/a><script type=\"text\/javascript\">var hupso_services_c=new Array(\"twitter\",\"facebook_like\",\"google\");var hupso_counters_lang = \"es_LA\";var hupso_image_folder_url = \"\";var hupso_twitter_via=\"crsyvrs\";var hupso_url_c=\"\";<\/script><script type=\"text\/javascript\" src=\"http:\/\/static.hupso.com\/share\/js\/counters.js\"><\/script><!-- Hupso Share Buttons --><\/div><h2>Esta banda de vientos y percusi\u00f3n oficiar\u00e1 de anfitriona y se suman a la velada Seraf\u00edn Al\u00ed tr\u00edo, Los negronis y Segundo mundo.<\/h2>\n<p><img loading=\"lazy\" decoding=\"async\" class=\"wp-image-18250 aligncenter\" src=\"http:\/\/cronicasyversiones.com\/wp-content\/uploads\/2018\/01\/XL.jpg\" alt=\"\" width=\"750\" height=\"500\" srcset=\"http:\/\/cronicasyversiones.com\/wp-content\/uploads\/2018\/01\/XL.jpg 960w, http:\/\/cronicasyversiones.com\/wp-content\/uploads\/2018\/01\/XL-300x200.jpg 300w, http:\/\/cronicasyversiones.com\/wp-content\/uploads\/2018\/01\/XL-768x512.jpg 768w, http:\/\/cronicasyversiones.com\/wp-content\/uploads\/2018\/01\/XL-480x320.jpg 480w\" sizes=\"auto, (max-width: 750px) 100vw, 750px\" \/><\/p>\n<p>Con la <strong>XL Brass Band<\/strong> como anfitriona, se arma la <em><strong>\u201cFiesta XL\u201d<\/strong><\/em> con un poco de funk, balkan y otros ritmos que sonar\u00e1n el s\u00e1bado 3 de marzo a las 21 en <strong>Lucille<\/strong>, el local palermitano ubicado en Gorriti 5520.<\/p>\n<p>Adem\u00e1s del prestigioso grupo de vientos y percusi\u00f3n que convoca, en el escenario estar\u00e1n tambi\u00e9n <strong>Seraf\u00edn Al\u00ed tr\u00edo, Los negronis y Segundo mundo.<\/strong><\/p>\n<p>La \u00a0<strong>XL Brass Band<\/strong> propone un viaje musical que combina nola roots, funk y second line, para lograr un jazz descamisado. A partir de su formato aut\u00f3nomo y el ensamble de vientos con la percusi\u00f3n, cada presentaci\u00f3n invita a bailar.<\/p>\n<p>La XL Brass Band se forma con Federico Louzao Correa en tuba, Gerardo Mart\u00edn Santos en saxo, Federico Brandalisio en tromb\u00f3n, Daniel Falabella en trompeta y Edi Vallarino bater\u00eda.<\/p>\n<p><em><strong>LEA TAMBI\u00c9N:\u00a0<\/strong><\/em><\/p>\n<div class=\"video-container\">\n<blockquote class=\"wp-embedded-content\" data-secret=\"DgB6IJrH2u\"><p><a href=\"http:\/\/cronicasyversiones.com\/?p=18171\">La Orquesta Fern\u00e1ndez Fierro arranca un nuevo ciclo de recitales<\/a><\/p><\/blockquote>\n<p><iframe loading=\"lazy\" class=\"wp-embedded-content\" sandbox=\"allow-scripts\" security=\"restricted\" style=\"position: absolute; clip: rect(1px, 1px, 1px, 1px);\" title=\"\u00abLa Orquesta Fern\u00e1ndez Fierro arranca un nuevo ciclo de recitales\u00bb \u2014    \" src=\"http:\/\/cronicasyversiones.com\/?p=18171&#038;embed=true#?secret=srZdUrGHAE#?secret=DgB6IJrH2u\" data-secret=\"DgB6IJrH2u\" width=\"600\" height=\"338\" frameborder=\"0\" marginwidth=\"0\" marginheight=\"0\" scrolling=\"no\"><\/iframe><\/div>\n<p>Mientras que <strong>Seraf\u00edn Al\u00ed<\/strong> es guitarrista, cantante, compositor y productor musical. La talla de los m\u00fasicos con los que trabaj\u00f3 y la variedad de proyectos en los que particip\u00f3 se reflejan en su primer disco solista titulado \u00abHijo del Fuego\u00bb.<\/p>\n<p><strong>Los negronis<\/strong> es una banda instrumental de soul, funk &amp; afrobeat formada en 2017 que busca imprimir el sonido de Brooklin en su m\u00fasica. Actualmente se encuentran grabando su primer trabajo discogr\u00e1fico con 10 composiciones propias.<\/p>\n<p><a href=\"http:\/\/cronicasyversiones.com\/?p=16545\">Segundo mundo es una orquesta de m\u00fasica klezmer, balkan y gipsy.<\/a> Nacieron en 2004 y llevan editados tres discos; el \u00faltimo, \u201cFuror ancestral\u201d, sali\u00f3 el a\u00f1o pasado y ser\u00e1 el protagonista de su repertorio en la noche de la Fiesta XL.<\/p>\n<div style=\"padding-bottom:20px; padding-top:10px;\" class=\"hupso-share-buttons\"><!-- Hupso Share Buttons - https:\/\/www.hupso.com\/share\/ --><a class=\"hupso_counters\" href=\"https:\/\/www.hupso.com\/share\/\"><img decoding=\"async\" src=\"http:\/\/static.hupso.com\/share\/buttons\/lang\/es\/share-small.png\" style=\"border:0px; padding-top:2px; float:left;\" alt=\"Share Button\"\/><\/a><script type=\"text\/javascript\">var hupso_services_c=new Array(\"twitter\",\"facebook_like\",\"google\");var hupso_counters_lang = \"es_LA\";var hupso_image_folder_url = \"\";var hupso_twitter_via=\"crsyvrs\";var hupso_url_c=\"\";<\/script><script type=\"text\/javascript\" src=\"http:\/\/static.hupso.com\/share\/js\/counters.js\"><\/script><!-- Hupso Share Buttons --><\/div> ","protected":false},"excerpt":{"rendered":"<div style=\"padding-bottom:20px; padding-top:10px;\" class=\"hupso-share-buttons\"><!-- Hupso Share Buttons - https:\/\/www.hupso.com\/share\/ --><a class=\"hupso_counters\" href=\"https:\/\/www.hupso.com\/share\/\"><img src=\"http:\/\/static.hupso.com\/share\/buttons\/lang\/es\/share-small.png\" style=\"border:0px; padding-top:2px; float:left;\" alt=\"Share Button\"\/><\/a><script type=\"text\/javascript\">var hupso_services_c=new Array(\"twitter\",\"facebook_like\",\"google\");var hupso_counters_lang = \"es_LA\";var hupso_image_folder_url = \"\";var hupso_twitter_via=\"crsyvrs\";var hupso_url_c=\"\";<\/script><script type=\"text\/javascript\" src=\"http:\/\/static.hupso.com\/share\/js\/counters.js\"><\/script><!-- Hupso Share Buttons --><\/div><p>Esta banda de vientos y percusi\u00f3n oficiar\u00e1 de anfitriona y se suman a la velada Seraf\u00edn Al\u00ed tr\u00edo, Los negronis y Segundo mundo. Con la XL Brass Band como anfitriona, se arma la \u201cFiesta XL\u201d con un poco de&#46;&#46;&#46;<\/p>\n<div style=\"padding-bottom:20px; padding-top:10px;\" class=\"hupso-share-buttons\"><!-- Hupso Share Buttons - https:\/\/www.hupso.com\/share\/ --><a class=\"hupso_counters\" href=\"https:\/\/www.hupso.com\/share\/\"><img src=\"http:\/\/static.hupso.com\/share\/buttons\/lang\/es\/share-small.png\" style=\"border:0px; padding-top:2px; float:left;\" alt=\"Share Button\"\/><\/a><script type=\"text\/javascript\">var hupso_services_c=new Array(\"twitter\",\"facebook_like\",\"google\");var hupso_counters_lang = \"es_LA\";var hupso_image_folder_url = \"\";var hupso_twitter_via=\"crsyvrs\";var hupso_url_c=\"\";<\/script><script type=\"text\/javascript\" src=\"http:\/\/static.hupso.com\/share\/js\/counters.js\"><\/script><!-- Hupso Share Buttons --><\/div>","protected":false},"author":5,"featured_media":18250,"comment_status":"open","ping_status":"closed","sticky":false,"template":"","format":"standard","meta":{"footnotes":""},"categories":[3],"tags":[8608,8245,8609,7988],"class_list":["post-18249","post","type-post","status-publish","format-standard","has-post-thumbnail","hentry","category-musica","tag-los-negronis","tag-segundo-mundo","tag-serafin-ali","tag-xl-brass-band"],"_links":{"self":[{"href":"http:\/\/cronicasyversiones.com\/index.php?rest_route=\/wp\/v2\/posts\/18249","targetHints":{"allow":["GET"]}}],"collection":[{"href":"http:\/\/cronicasyversiones.com\/index.php?rest_route=\/wp\/v2\/posts"}],"about":[{"href":"http:\/\/cronicasyversiones.com\/index.php?rest_route=\/wp\/v2\/types\/post"}],"author":[{"embeddable":true,"href":"http:\/\/cronicasyversiones.com\/index.php?rest_route=\/wp\/v2\/users\/5"}],"replies":[{"embeddable":true,"href":"http:\/\/cronicasyversiones.com\/index.php?rest_route=%2Fwp%2Fv2%2Fcomments&post=18249"}],"version-history":[{"count":0,"href":"http:\/\/cronicasyversiones.com\/index.php?rest_route=\/wp\/v2\/posts\/18249\/revisions"}],"wp:featuredmedia":[{"embeddable":true,"href":"http:\/\/cronicasyversiones.com\/index.php?rest_route=\/wp\/v2\/media\/18250"}],"wp:attachment":[{"href":"http:\/\/cronicasyversiones.com\/index.php?rest_route=%2Fwp%2Fv2%2Fmedia&parent=18249"}],"wp:term":[{"taxonomy":"category","embeddable":true,"href":"http:\/\/cronicasyversiones.com\/index.php?rest_route=%2Fwp%2Fv2%2Fcategories&post=18249"},{"taxonomy":"post_tag","embeddable":true,"href":"http:\/\/cronicasyversiones.com\/index.php?rest_route=%2Fwp%2Fv2%2Ftags&post=18249"}],"curies":[{"name":"wp","href":"https:\/\/api.w.org\/{rel}","templated":true}]}}