{"id":18259,"date":"2018-01-29T15:33:42","date_gmt":"2018-01-29T18:33:42","guid":{"rendered":"http:\/\/cronicasyversiones.com\/?p=18259"},"modified":"2018-01-29T15:33:42","modified_gmt":"2018-01-29T18:33:42","slug":"penelope-cruz-premio-honorifico-en-los-cesar-del-cine-frances","status":"publish","type":"post","link":"http:\/\/cronicasyversiones.com\/?p=18259","title":{"rendered":"Pen\u00e9lope Cruz, premio honor\u00edfico en los C\u00e9sar del cine franc\u00e9s"},"content":{"rendered":"<div style=\"padding-bottom:20px; padding-top:10px;\" class=\"hupso-share-buttons\"><!-- Hupso Share Buttons - https:\/\/www.hupso.com\/share\/ --><a class=\"hupso_counters\" href=\"https:\/\/www.hupso.com\/share\/\"><img decoding=\"async\" src=\"http:\/\/static.hupso.com\/share\/buttons\/lang\/es\/share-small.png\" style=\"border:0px; padding-top:2px; float:left;\" alt=\"Share Button\"\/><\/a><script type=\"text\/javascript\">var hupso_services_c=new Array(\"twitter\",\"facebook_like\",\"google\");var hupso_counters_lang = \"es_LA\";var hupso_image_folder_url = \"\";var hupso_twitter_via=\"crsyvrs\";var hupso_url_c=\"\";<\/script><script type=\"text\/javascript\" src=\"http:\/\/static.hupso.com\/share\/js\/counters.js\"><\/script><!-- Hupso Share Buttons --><\/div><h2>La actriz espa\u00f1ola recibir\u00e1 este galard\u00f3n que otorga la Academia de Cine de Francia, reconocida por ser \u201cmusa de grandes directores\u201d.<\/h2>\n<p><img loading=\"lazy\" decoding=\"async\" class=\"wp-image-18260 aligncenter\" src=\"http:\/\/cronicasyversiones.com\/wp-content\/uploads\/2018\/01\/Penelope-Cruz-Net-Worth.jpg\" alt=\"\" width=\"751\" height=\"422\" srcset=\"http:\/\/cronicasyversiones.com\/wp-content\/uploads\/2018\/01\/Penelope-Cruz-Net-Worth.jpg 600w, http:\/\/cronicasyversiones.com\/wp-content\/uploads\/2018\/01\/Penelope-Cruz-Net-Worth-300x169.jpg 300w\" sizes=\"auto, (max-width: 751px) 100vw, 751px\" \/><\/p>\n<p><strong>Pen\u00e9lope Cruz<\/strong> recibir\u00e1 un premio honor\u00edfico en la ceremonia de los <strong>premios C\u00e9sar<\/strong>, los m\u00e1s importantes que otorga la <strong>Academia de Cine de Francia<\/strong>, que tendr\u00e1n lugar el pr\u00f3ximo 2 de marzo, en Par\u00eds.<\/p>\n<p>Esta instituci\u00f3n lo inform\u00f3 a trav\u00e9s de un comunicado, donde califica a la actriz espa\u00f1ola de \u201csublime y emotiva\u201d, resalta que fue sido <strong>\u201cmusa de grandes directores\u201d<\/strong> y responsable de actuaciones \u201cprecisas e incandescentes\u201d.<\/p>\n<blockquote><p>El texto \u00a0tambi\u00e9n destaca que la actriz tiene \u201cesa facultad de brillar tanto en las producciones internacionales como en las pel\u00edculas m\u00e1s \u00edntimas, tanto frente a la c\u00e1mara de Ridley Scott, Bob Marshall, Keneth Branagh, Sergio Castellitto, Fernando Trueba o, incluso Asghar Farhadi\u00bb.<\/p><\/blockquote>\n<p>La actriz espa\u00f1ola fue acreedora de un premio Goya del cine espa\u00f1ol por su labor en <em><strong>\u201cVolver\u201d<\/strong><\/em>, de <strong>Pedro Almod\u00f3var;<\/strong> la cual tambi\u00e9n le vali\u00f3 un reconocimiento en el <strong>Festival de Cannes de 2006.<\/strong><\/p>\n<p>En Hollywood, tuvo su primera incursi\u00f3n en <em><strong>\u201cVanilla Sky\u201d<\/strong><\/em>, la remake estadounidense de <em><strong>\u201cAbre los ojos\u201d,<\/strong><\/em> de <strong>Alejandro Amen\u00e1bar<\/strong>, que tambi\u00e9n la ten\u00eda como figura principal.<\/p>\n<p><em><strong>LEA TAMBI\u00c9N:\u00a0<\/strong><\/em><\/p>\n<div class=\"video-container\">\n<blockquote class=\"wp-embedded-content\" data-secret=\"YeZX3yLbro\"><p><a href=\"http:\/\/cronicasyversiones.com\/?p=18229\">La \u00faltima novela de Isabel Allende busca llegar al cine en la Berlinale<\/a><\/p><\/blockquote>\n<p><iframe loading=\"lazy\" class=\"wp-embedded-content\" sandbox=\"allow-scripts\" security=\"restricted\" style=\"position: absolute; clip: rect(1px, 1px, 1px, 1px);\" title=\"\u00abLa \u00faltima novela de Isabel Allende busca llegar al cine en la Berlinale\u00bb \u2014    \" src=\"http:\/\/cronicasyversiones.com\/?p=18229&#038;embed=true#?secret=7WSqx0VB2i#?secret=YeZX3yLbro\" data-secret=\"YeZX3yLbro\" width=\"600\" height=\"338\" frameborder=\"0\" marginwidth=\"0\" marginheight=\"0\" scrolling=\"no\"><\/iframe><\/div>\n<p>Su primera pel\u00edcula fue <em><strong>\u201cEl laberinto griego\u201d,<\/strong><\/em> en 1990, dirigida por <strong>Rafael Alc\u00e1zar,<\/strong> y despu\u00e9s vino su explosi\u00f3n cinematogr\u00e1fica con<em><strong> \u201cJam\u00f3n, jam\u00f3n\u201d<\/strong><\/em>, del director Bigas Luna en 1992. Luego encarn\u00f3 los m\u00e1s dis\u00edmiles papeles y se destac\u00f3 bajo la lente de diversos cineastas, como Pedro Amod\u00f3var y Woody Allen, entre otros.<\/p>\n<p>En 2008, fue elegida por Woody Allen, junto a Javier Bardem y Scarlett Johansson para el filme<em><strong> \u201cVicky Cristina Barcelona\u201d<\/strong><\/em>, papel por el que gan\u00f3 un Oscar como mejor actriz secundaria y un Bafta brit\u00e1nico.<\/p>\n<div style=\"padding-bottom:20px; padding-top:10px;\" class=\"hupso-share-buttons\"><!-- Hupso Share Buttons - https:\/\/www.hupso.com\/share\/ --><a class=\"hupso_counters\" href=\"https:\/\/www.hupso.com\/share\/\"><img decoding=\"async\" src=\"http:\/\/static.hupso.com\/share\/buttons\/lang\/es\/share-small.png\" style=\"border:0px; padding-top:2px; float:left;\" alt=\"Share Button\"\/><\/a><script type=\"text\/javascript\">var hupso_services_c=new Array(\"twitter\",\"facebook_like\",\"google\");var hupso_counters_lang = \"es_LA\";var hupso_image_folder_url = \"\";var hupso_twitter_via=\"crsyvrs\";var hupso_url_c=\"\";<\/script><script type=\"text\/javascript\" src=\"http:\/\/static.hupso.com\/share\/js\/counters.js\"><\/script><!-- Hupso Share Buttons --><\/div> ","protected":false},"excerpt":{"rendered":"<div style=\"padding-bottom:20px; padding-top:10px;\" class=\"hupso-share-buttons\"><!-- Hupso Share Buttons - https:\/\/www.hupso.com\/share\/ --><a class=\"hupso_counters\" href=\"https:\/\/www.hupso.com\/share\/\"><img src=\"http:\/\/static.hupso.com\/share\/buttons\/lang\/es\/share-small.png\" style=\"border:0px; padding-top:2px; float:left;\" alt=\"Share Button\"\/><\/a><script type=\"text\/javascript\">var hupso_services_c=new Array(\"twitter\",\"facebook_like\",\"google\");var hupso_counters_lang = \"es_LA\";var hupso_image_folder_url = \"\";var hupso_twitter_via=\"crsyvrs\";var hupso_url_c=\"\";<\/script><script type=\"text\/javascript\" src=\"http:\/\/static.hupso.com\/share\/js\/counters.js\"><\/script><!-- Hupso Share Buttons --><\/div><p>La actriz espa\u00f1ola recibir\u00e1 este galard\u00f3n que otorga la Academia de Cine de Francia, reconocida por ser \u201cmusa de grandes directores\u201d. Pen\u00e9lope Cruz recibir\u00e1 un premio honor\u00edfico en la ceremonia de los premios C\u00e9sar, los m\u00e1s importantes que otorga&#46;&#46;&#46;<\/p>\n<div style=\"padding-bottom:20px; padding-top:10px;\" class=\"hupso-share-buttons\"><!-- Hupso Share Buttons - https:\/\/www.hupso.com\/share\/ --><a class=\"hupso_counters\" href=\"https:\/\/www.hupso.com\/share\/\"><img src=\"http:\/\/static.hupso.com\/share\/buttons\/lang\/es\/share-small.png\" style=\"border:0px; padding-top:2px; float:left;\" alt=\"Share Button\"\/><\/a><script type=\"text\/javascript\">var hupso_services_c=new Array(\"twitter\",\"facebook_like\",\"google\");var hupso_counters_lang = \"es_LA\";var hupso_image_folder_url = \"\";var hupso_twitter_via=\"crsyvrs\";var hupso_url_c=\"\";<\/script><script type=\"text\/javascript\" src=\"http:\/\/static.hupso.com\/share\/js\/counters.js\"><\/script><!-- Hupso Share Buttons --><\/div>","protected":false},"author":5,"featured_media":18260,"comment_status":"open","ping_status":"closed","sticky":false,"template":"","format":"standard","meta":{"footnotes":""},"categories":[4],"tags":[541],"class_list":["post-18259","post","type-post","status-publish","format-standard","has-post-thumbnail","hentry","category-cine","tag-penelope-cruz"],"_links":{"self":[{"href":"http:\/\/cronicasyversiones.com\/index.php?rest_route=\/wp\/v2\/posts\/18259","targetHints":{"allow":["GET"]}}],"collection":[{"href":"http:\/\/cronicasyversiones.com\/index.php?rest_route=\/wp\/v2\/posts"}],"about":[{"href":"http:\/\/cronicasyversiones.com\/index.php?rest_route=\/wp\/v2\/types\/post"}],"author":[{"embeddable":true,"href":"http:\/\/cronicasyversiones.com\/index.php?rest_route=\/wp\/v2\/users\/5"}],"replies":[{"embeddable":true,"href":"http:\/\/cronicasyversiones.com\/index.php?rest_route=%2Fwp%2Fv2%2Fcomments&post=18259"}],"version-history":[{"count":0,"href":"http:\/\/cronicasyversiones.com\/index.php?rest_route=\/wp\/v2\/posts\/18259\/revisions"}],"wp:featuredmedia":[{"embeddable":true,"href":"http:\/\/cronicasyversiones.com\/index.php?rest_route=\/wp\/v2\/media\/18260"}],"wp:attachment":[{"href":"http:\/\/cronicasyversiones.com\/index.php?rest_route=%2Fwp%2Fv2%2Fmedia&parent=18259"}],"wp:term":[{"taxonomy":"category","embeddable":true,"href":"http:\/\/cronicasyversiones.com\/index.php?rest_route=%2Fwp%2Fv2%2Fcategories&post=18259"},{"taxonomy":"post_tag","embeddable":true,"href":"http:\/\/cronicasyversiones.com\/index.php?rest_route=%2Fwp%2Fv2%2Ftags&post=18259"}],"curies":[{"name":"wp","href":"https:\/\/api.w.org\/{rel}","templated":true}]}}