{"id":18555,"date":"2018-03-02T00:02:21","date_gmt":"2018-03-02T03:02:21","guid":{"rendered":"http:\/\/cronicasyversiones.com\/?p=18555"},"modified":"2018-03-01T16:20:39","modified_gmt":"2018-03-01T19:20:39","slug":"mujeres-de-fuego-un-ciclo-con-las-mujeres-del-rock-indie-argentino","status":"publish","type":"post","link":"http:\/\/cronicasyversiones.com\/?p=18555","title":{"rendered":"\u201cMujeres de fuego\u201d, un ciclo con las mujeres del rock indie argentino"},"content":{"rendered":"<div style=\"padding-bottom:20px; padding-top:10px;\" class=\"hupso-share-buttons\"><!-- Hupso Share Buttons - https:\/\/www.hupso.com\/share\/ --><a class=\"hupso_counters\" href=\"https:\/\/www.hupso.com\/share\/\"><img decoding=\"async\" src=\"http:\/\/static.hupso.com\/share\/buttons\/lang\/es\/share-small.png\" style=\"border:0px; padding-top:2px; float:left;\" alt=\"Share Button\"\/><\/a><script type=\"text\/javascript\">var hupso_services_c=new Array(\"twitter\",\"facebook_like\",\"google\");var hupso_counters_lang = \"es_LA\";var hupso_image_folder_url = \"\";var hupso_twitter_via=\"crsyvrs\";var hupso_url_c=\"\";<\/script><script type=\"text\/javascript\" src=\"http:\/\/static.hupso.com\/share\/js\/counters.js\"><\/script><!-- Hupso Share Buttons --><\/div><h2>Tendr\u00e1 lugar en el Centro Cultural Recoleta con las presentaciones de Rosario Blefari, Las Ligas Menores, Marina Fages y otras artistas.<\/h2>\n<p><img loading=\"lazy\" decoding=\"async\" class=\"wp-image-18556 aligncenter\" src=\"http:\/\/cronicasyversiones.com\/wp-content\/uploads\/2018\/03\/Fages.jpg\" alt=\"\" width=\"759\" height=\"506\" srcset=\"http:\/\/cronicasyversiones.com\/wp-content\/uploads\/2018\/03\/Fages.jpg 960w, http:\/\/cronicasyversiones.com\/wp-content\/uploads\/2018\/03\/Fages-300x200.jpg 300w, http:\/\/cronicasyversiones.com\/wp-content\/uploads\/2018\/03\/Fages-768x512.jpg 768w, http:\/\/cronicasyversiones.com\/wp-content\/uploads\/2018\/03\/Fages-480x320.jpg 480w\" sizes=\"auto, (max-width: 759px) 100vw, 759px\" \/><\/p>\n<p>El ciclo <em><strong>\u00abMujeres de Fuego\u00bb<\/strong><\/em> tendr\u00e1 lugar los s\u00e1bados de marzo en el <strong>Centro Cultural Recoleta<\/strong> para escuchar y homenajear a las mujeres referentes de la m\u00fasica independiente, como \u00a0<strong>Rosario Blefari, Las Ligas Menores, Marina Fages<\/strong> y otras artistas.<\/p>\n<p>Ocho artistas de diferentes escenas del rock independiente y emergente de toda la Argentina formaran parte de este ciclo curado por la periodista <strong>Albina Cabrera<\/strong> en el espacio porte\u00f1o ubicado en Jun\u00edn 1930.<\/p>\n<p>El s\u00e1bado 3 a las 19.30 en el Patio de los Naranjos actuar\u00e1n la platense <strong>Priscila Bermudas,<\/strong> la porte\u00f1a Mora Riel y DJ Mal\u00e9n Denis.<\/p>\n<p>El s\u00e1bado 10 ser\u00e1 el turno de <strong>La Piba Berreta,<\/strong> integrante del grupo <strong>Los Rusos HDP<\/strong>, el grupo punk mendocino <strong>Las Ex<\/strong> y <strong>Mal\u00e9n Denis.<\/strong><\/p>\n<p><em><strong>LEA TAMBI\u00c9N:\u00a0<\/strong><\/em><\/p>\n<div class=\"video-container\">\n<blockquote class=\"wp-embedded-content\" data-secret=\"p0tiHARofG\"><p><a href=\"http:\/\/cronicasyversiones.com\/?p=18513\">Julieta Venegas dar\u00e1 una clase magistral sobre sus propias lecturas<\/a><\/p><\/blockquote>\n<p><iframe loading=\"lazy\" class=\"wp-embedded-content\" sandbox=\"allow-scripts\" security=\"restricted\" style=\"position: absolute; clip: rect(1px, 1px, 1px, 1px);\" title=\"\u00abJulieta Venegas dar\u00e1 una clase magistral sobre sus propias lecturas\u00bb \u2014    \" src=\"http:\/\/cronicasyversiones.com\/?p=18513&#038;embed=true#?secret=LlSQ4vA6ju#?secret=p0tiHARofG\" data-secret=\"p0tiHARofG\" width=\"600\" height=\"338\" frameborder=\"0\" marginwidth=\"0\" marginheight=\"0\" scrolling=\"no\"><\/iframe><\/div>\n<p>Mientras que el s\u00e1bado 16 actuar\u00e1 la rockera indie platense <strong>Srta. Trueno Negro<\/strong>, luego la cantautora <strong>Marina Fages.<\/strong><\/p>\n<p>El cierre, siempre en el Patio de los Naranjos a las 19.30 correr\u00e1 por cuenta del grupo indie platense <strong>Las Ligas Menores,<\/strong> la ex l\u00edder de Su\u00e1rez <strong>Rosario Bl\u00e9fari<\/strong> y su banda, adem\u00e1s de un DJ set de <strong>Mal\u00e9n Denis.<\/strong><\/p>\n<div style=\"padding-bottom:20px; padding-top:10px;\" class=\"hupso-share-buttons\"><!-- Hupso Share Buttons - https:\/\/www.hupso.com\/share\/ --><a class=\"hupso_counters\" href=\"https:\/\/www.hupso.com\/share\/\"><img decoding=\"async\" src=\"http:\/\/static.hupso.com\/share\/buttons\/lang\/es\/share-small.png\" style=\"border:0px; padding-top:2px; float:left;\" alt=\"Share Button\"\/><\/a><script type=\"text\/javascript\">var hupso_services_c=new Array(\"twitter\",\"facebook_like\",\"google\");var hupso_counters_lang = \"es_LA\";var hupso_image_folder_url = \"\";var hupso_twitter_via=\"crsyvrs\";var hupso_url_c=\"\";<\/script><script type=\"text\/javascript\" src=\"http:\/\/static.hupso.com\/share\/js\/counters.js\"><\/script><!-- Hupso Share Buttons --><\/div> ","protected":false},"excerpt":{"rendered":"<div style=\"padding-bottom:20px; padding-top:10px;\" class=\"hupso-share-buttons\"><!-- Hupso Share Buttons - https:\/\/www.hupso.com\/share\/ --><a class=\"hupso_counters\" href=\"https:\/\/www.hupso.com\/share\/\"><img src=\"http:\/\/static.hupso.com\/share\/buttons\/lang\/es\/share-small.png\" style=\"border:0px; padding-top:2px; float:left;\" alt=\"Share Button\"\/><\/a><script type=\"text\/javascript\">var hupso_services_c=new Array(\"twitter\",\"facebook_like\",\"google\");var hupso_counters_lang = \"es_LA\";var hupso_image_folder_url = \"\";var hupso_twitter_via=\"crsyvrs\";var hupso_url_c=\"\";<\/script><script type=\"text\/javascript\" src=\"http:\/\/static.hupso.com\/share\/js\/counters.js\"><\/script><!-- Hupso Share Buttons --><\/div><p>Tendr\u00e1 lugar en el Centro Cultural Recoleta con las presentaciones de Rosario Blefari, Las Ligas Menores, Marina Fages y otras artistas. El ciclo \u00abMujeres de Fuego\u00bb tendr\u00e1 lugar los s\u00e1bados de marzo en el Centro Cultural Recoleta para escuchar&#46;&#46;&#46;<\/p>\n<div style=\"padding-bottom:20px; padding-top:10px;\" class=\"hupso-share-buttons\"><!-- Hupso Share Buttons - https:\/\/www.hupso.com\/share\/ --><a class=\"hupso_counters\" href=\"https:\/\/www.hupso.com\/share\/\"><img src=\"http:\/\/static.hupso.com\/share\/buttons\/lang\/es\/share-small.png\" style=\"border:0px; padding-top:2px; float:left;\" alt=\"Share Button\"\/><\/a><script type=\"text\/javascript\">var hupso_services_c=new Array(\"twitter\",\"facebook_like\",\"google\");var hupso_counters_lang = \"es_LA\";var hupso_image_folder_url = \"\";var hupso_twitter_via=\"crsyvrs\";var hupso_url_c=\"\";<\/script><script type=\"text\/javascript\" src=\"http:\/\/static.hupso.com\/share\/js\/counters.js\"><\/script><!-- Hupso Share Buttons --><\/div>","protected":false},"author":5,"featured_media":18556,"comment_status":"open","ping_status":"closed","sticky":false,"template":"","format":"standard","meta":{"footnotes":""},"categories":[3],"tags":[180,8676,1636,8675],"class_list":["post-18555","post","type-post","status-publish","format-standard","has-post-thumbnail","hentry","category-musica","tag-centro-cultural-recoleta","tag-las-ligas-menores","tag-marina-fages","tag-rosario-blefari"],"_links":{"self":[{"href":"http:\/\/cronicasyversiones.com\/index.php?rest_route=\/wp\/v2\/posts\/18555","targetHints":{"allow":["GET"]}}],"collection":[{"href":"http:\/\/cronicasyversiones.com\/index.php?rest_route=\/wp\/v2\/posts"}],"about":[{"href":"http:\/\/cronicasyversiones.com\/index.php?rest_route=\/wp\/v2\/types\/post"}],"author":[{"embeddable":true,"href":"http:\/\/cronicasyversiones.com\/index.php?rest_route=\/wp\/v2\/users\/5"}],"replies":[{"embeddable":true,"href":"http:\/\/cronicasyversiones.com\/index.php?rest_route=%2Fwp%2Fv2%2Fcomments&post=18555"}],"version-history":[{"count":0,"href":"http:\/\/cronicasyversiones.com\/index.php?rest_route=\/wp\/v2\/posts\/18555\/revisions"}],"wp:featuredmedia":[{"embeddable":true,"href":"http:\/\/cronicasyversiones.com\/index.php?rest_route=\/wp\/v2\/media\/18556"}],"wp:attachment":[{"href":"http:\/\/cronicasyversiones.com\/index.php?rest_route=%2Fwp%2Fv2%2Fmedia&parent=18555"}],"wp:term":[{"taxonomy":"category","embeddable":true,"href":"http:\/\/cronicasyversiones.com\/index.php?rest_route=%2Fwp%2Fv2%2Fcategories&post=18555"},{"taxonomy":"post_tag","embeddable":true,"href":"http:\/\/cronicasyversiones.com\/index.php?rest_route=%2Fwp%2Fv2%2Ftags&post=18555"}],"curies":[{"name":"wp","href":"https:\/\/api.w.org\/{rel}","templated":true}]}}