{"id":18587,"date":"2018-03-05T13:18:09","date_gmt":"2018-03-05T16:18:09","guid":{"rendered":"http:\/\/cronicasyversiones.com\/?p=18587"},"modified":"2018-03-05T13:23:12","modified_gmt":"2018-03-05T16:23:12","slug":"la-linterna-magica-cineclub-para-chicos-festeja-sus-10-anos-en-el-konex","status":"publish","type":"post","link":"http:\/\/cronicasyversiones.com\/?p=18587","title":{"rendered":"La Linterna M\u00e1gica, cineclub para chicos, festeja sus 10 a\u00f1os en el Konex"},"content":{"rendered":"<div style=\"padding-bottom:20px; padding-top:10px;\" class=\"hupso-share-buttons\"><!-- Hupso Share Buttons - https:\/\/www.hupso.com\/share\/ --><a class=\"hupso_counters\" href=\"https:\/\/www.hupso.com\/share\/\"><img decoding=\"async\" src=\"http:\/\/static.hupso.com\/share\/buttons\/lang\/es\/share-small.png\" style=\"border:0px; padding-top:2px; float:left;\" alt=\"Share Button\"\/><\/a><script type=\"text\/javascript\">var hupso_services_c=new Array(\"twitter\",\"facebook_like\",\"google\");var hupso_counters_lang = \"es_LA\";var hupso_image_folder_url = \"\";var hupso_twitter_via=\"crsyvrs\";var hupso_url_c=\"\";<\/script><script type=\"text\/javascript\" src=\"http:\/\/static.hupso.com\/share\/js\/counters.js\"><\/script><!-- Hupso Share Buttons --><\/div><h2>Este ciclo de formaci\u00f3n de peque\u00f1os cin\u00e9filos comienza esta celebraci\u00f3n con la proyecci\u00f3n del film \u00abTiempos modernos\u00bb, de Charles Chaplin.<\/h2>\n<p><img loading=\"lazy\" decoding=\"async\" class=\"wp-image-18588 aligncenter\" src=\"http:\/\/cronicasyversiones.com\/wp-content\/uploads\/2018\/03\/linterna-1024x673.jpg\" alt=\"\" width=\"750\" height=\"493\" srcset=\"http:\/\/cronicasyversiones.com\/wp-content\/uploads\/2018\/03\/linterna.jpg 1024w, http:\/\/cronicasyversiones.com\/wp-content\/uploads\/2018\/03\/linterna-300x197.jpg 300w, http:\/\/cronicasyversiones.com\/wp-content\/uploads\/2018\/03\/linterna-768x505.jpg 768w\" sizes=\"auto, (max-width: 750px) 100vw, 750px\" \/><\/p>\n<p>El cineclub para chicos <strong>La Linterna M\u00e1gica<\/strong> comienza el pr\u00f3ximo s\u00e1bado, en <strong>Ciudad Cultural Konex,<\/strong> su d\u00e9cimo a\u00f1o de formaci\u00f3n de peque\u00f1os cin\u00e9filos con la proyecci\u00f3n de <strong><em>\u00abTiempos modernos\u00bb, <\/em><\/strong>de <strong>Charles Chaplin<\/strong>, con m\u00fasica en vivo, tal como el film fue presentado en su estreno en 1936.<\/p>\n<p><strong>La Linterna M\u00e1gica<\/strong> es un club de cine internacional exclusivo para chicos de 6 a 12 a\u00f1os que los invita a descubrir el placer del cine en pantalla grande y los introduce en el lenguaje cinematogr\u00e1fico de forma did\u00e1ctica y divertida.<\/p>\n<p>Antes de cada proyecci\u00f3n, los chicos presencian una obra de teatro a modo de introducci\u00f3n, en la que se trabajan conceptos cinematogr\u00e1ficos relacionados con el film y con el cine en general.<\/p>\n<p>El objetivo es acercarlos al arte desde el arte ya que es un <strong>espacio de aprendizaje, de pertenencia,<\/strong> de participaci\u00f3n y\u00a0 de gestaci\u00f3n de una mirada cr\u00edtica sobre lo que se ve.<\/p>\n<p><strong>La Linterna M\u00e1gica<\/strong> se cre\u00f3 en Suiza a principios de los \u00b490 y r\u00e1pidamente se extendi\u00f3 por Europa y algunos pa\u00edses africanos. Las pel\u00edculas, seleccionadas especialmente, abarcan todas las \u00e9pocas del cine, los pa\u00edses, las lenguas y las est\u00e9ticas m\u00e1s diversas. Inclusive pel\u00edculas nunca estrenadas en nuestro pa\u00eds y funciones especiales de cortometrajes.<\/p>\n<p>Argentina es el\u00a0 primer pa\u00eds de Am\u00e9rica en contar con La Linterna M\u00e1gica desde 2008. En su d\u00e9cimo a\u00f1o consecutivo de existencia en nuestro pa\u00eds, tiene programadas 9 funciones en la Ciudad de Buenos Aires.<\/p>\n<p><em><strong>LEA TAMBI\u00c9N:\u00a0<\/strong><\/em><\/p>\n<div class=\"video-container\">\n<blockquote class=\"wp-embedded-content\" data-secret=\"8Sz14YxGFL\"><p><a href=\"http:\/\/cronicasyversiones.com\/?p=18476\">\u201cUn d\u00eda como vos\u201d, una obra para chicos con m\u00fasica de Diego Frenkel<\/a><\/p><\/blockquote>\n<p><iframe loading=\"lazy\" class=\"wp-embedded-content\" sandbox=\"allow-scripts\" security=\"restricted\" style=\"position: absolute; clip: rect(1px, 1px, 1px, 1px);\" title=\"\u00ab\u201cUn d\u00eda como vos\u201d, una obra para chicos con m\u00fasica de Diego Frenkel\u00bb \u2014    \" src=\"http:\/\/cronicasyversiones.com\/?p=18476&#038;embed=true#?secret=Uk7pCDx4iG#?secret=8Sz14YxGFL\" data-secret=\"8Sz14YxGFL\" width=\"600\" height=\"338\" frameborder=\"0\" marginwidth=\"0\" marginheight=\"0\" scrolling=\"no\"><\/iframe><\/div>\n<p>Este cine club infantil funciona a trav\u00e9s de una membres\u00eda anual, que se abona por \u00fanica vez y que incluye el env\u00edo a domicilio de una revista una semana previa a cada funci\u00f3n, las obras de teatro y la proyecci\u00f3n de las pel\u00edculas.<\/p>\n<p>Cabe destacar que los ni\u00f1os ingresan sin la compa\u00f1\u00eda de sus padres\/ adulto responsable a la sala,\u00a0 ya que en la misma se encuentra personal especializado para tal fin.<\/p>\n<p>La Linterna M\u00e1gica apunta a la educaci\u00f3n del espectador, a alimentar la mente y la emoci\u00f3n de quienes ya son el futuro.<\/p>\n<div style=\"padding-bottom:20px; padding-top:10px;\" class=\"hupso-share-buttons\"><!-- Hupso Share Buttons - https:\/\/www.hupso.com\/share\/ --><a class=\"hupso_counters\" href=\"https:\/\/www.hupso.com\/share\/\"><img decoding=\"async\" src=\"http:\/\/static.hupso.com\/share\/buttons\/lang\/es\/share-small.png\" style=\"border:0px; padding-top:2px; float:left;\" alt=\"Share Button\"\/><\/a><script type=\"text\/javascript\">var hupso_services_c=new Array(\"twitter\",\"facebook_like\",\"google\");var hupso_counters_lang = \"es_LA\";var hupso_image_folder_url = \"\";var hupso_twitter_via=\"crsyvrs\";var hupso_url_c=\"\";<\/script><script type=\"text\/javascript\" src=\"http:\/\/static.hupso.com\/share\/js\/counters.js\"><\/script><!-- Hupso Share Buttons --><\/div> ","protected":false},"excerpt":{"rendered":"<div style=\"padding-bottom:20px; padding-top:10px;\" class=\"hupso-share-buttons\"><!-- Hupso Share Buttons - https:\/\/www.hupso.com\/share\/ --><a class=\"hupso_counters\" href=\"https:\/\/www.hupso.com\/share\/\"><img src=\"http:\/\/static.hupso.com\/share\/buttons\/lang\/es\/share-small.png\" style=\"border:0px; padding-top:2px; float:left;\" alt=\"Share Button\"\/><\/a><script type=\"text\/javascript\">var hupso_services_c=new Array(\"twitter\",\"facebook_like\",\"google\");var hupso_counters_lang = \"es_LA\";var hupso_image_folder_url = \"\";var hupso_twitter_via=\"crsyvrs\";var hupso_url_c=\"\";<\/script><script type=\"text\/javascript\" src=\"http:\/\/static.hupso.com\/share\/js\/counters.js\"><\/script><!-- Hupso Share Buttons --><\/div><p>Este ciclo de formaci\u00f3n de peque\u00f1os cin\u00e9filos comienza esta celebraci\u00f3n con la proyecci\u00f3n del film \u00abTiempos modernos\u00bb, de Charles Chaplin. El cineclub para chicos La Linterna M\u00e1gica comienza el pr\u00f3ximo s\u00e1bado, en Ciudad Cultural Konex, su d\u00e9cimo a\u00f1o de&#46;&#46;&#46;<\/p>\n<div style=\"padding-bottom:20px; padding-top:10px;\" class=\"hupso-share-buttons\"><!-- Hupso Share Buttons - https:\/\/www.hupso.com\/share\/ --><a class=\"hupso_counters\" href=\"https:\/\/www.hupso.com\/share\/\"><img src=\"http:\/\/static.hupso.com\/share\/buttons\/lang\/es\/share-small.png\" style=\"border:0px; padding-top:2px; float:left;\" alt=\"Share Button\"\/><\/a><script type=\"text\/javascript\">var hupso_services_c=new Array(\"twitter\",\"facebook_like\",\"google\");var hupso_counters_lang = \"es_LA\";var hupso_image_folder_url = \"\";var hupso_twitter_via=\"crsyvrs\";var hupso_url_c=\"\";<\/script><script type=\"text\/javascript\" src=\"http:\/\/static.hupso.com\/share\/js\/counters.js\"><\/script><!-- Hupso Share Buttons --><\/div>","protected":false},"author":5,"featured_media":18588,"comment_status":"open","ping_status":"closed","sticky":false,"template":"","format":"standard","meta":{"footnotes":""},"categories":[4],"tags":[2761,7690],"class_list":["post-18587","post","type-post","status-publish","format-standard","has-post-thumbnail","hentry","category-cine","tag-ciudad-cultural-konex","tag-la-linterna-magica"],"_links":{"self":[{"href":"http:\/\/cronicasyversiones.com\/index.php?rest_route=\/wp\/v2\/posts\/18587","targetHints":{"allow":["GET"]}}],"collection":[{"href":"http:\/\/cronicasyversiones.com\/index.php?rest_route=\/wp\/v2\/posts"}],"about":[{"href":"http:\/\/cronicasyversiones.com\/index.php?rest_route=\/wp\/v2\/types\/post"}],"author":[{"embeddable":true,"href":"http:\/\/cronicasyversiones.com\/index.php?rest_route=\/wp\/v2\/users\/5"}],"replies":[{"embeddable":true,"href":"http:\/\/cronicasyversiones.com\/index.php?rest_route=%2Fwp%2Fv2%2Fcomments&post=18587"}],"version-history":[{"count":0,"href":"http:\/\/cronicasyversiones.com\/index.php?rest_route=\/wp\/v2\/posts\/18587\/revisions"}],"wp:featuredmedia":[{"embeddable":true,"href":"http:\/\/cronicasyversiones.com\/index.php?rest_route=\/wp\/v2\/media\/18588"}],"wp:attachment":[{"href":"http:\/\/cronicasyversiones.com\/index.php?rest_route=%2Fwp%2Fv2%2Fmedia&parent=18587"}],"wp:term":[{"taxonomy":"category","embeddable":true,"href":"http:\/\/cronicasyversiones.com\/index.php?rest_route=%2Fwp%2Fv2%2Fcategories&post=18587"},{"taxonomy":"post_tag","embeddable":true,"href":"http:\/\/cronicasyversiones.com\/index.php?rest_route=%2Fwp%2Fv2%2Ftags&post=18587"}],"curies":[{"name":"wp","href":"https:\/\/api.w.org\/{rel}","templated":true}]}}