{"id":18640,"date":"2018-03-10T10:01:21","date_gmt":"2018-03-10T13:01:21","guid":{"rendered":"http:\/\/cronicasyversiones.com\/?p=18640"},"modified":"2018-03-10T10:01:21","modified_gmt":"2018-03-10T13:01:21","slug":"homenajean-a-mafalda-en-italia","status":"publish","type":"post","link":"http:\/\/cronicasyversiones.com\/?p=18640","title":{"rendered":"Homenajean a Mafalda en Italia"},"content":{"rendered":"<div style=\"padding-bottom:20px; padding-top:10px;\" class=\"hupso-share-buttons\"><!-- Hupso Share Buttons - https:\/\/www.hupso.com\/share\/ --><a class=\"hupso_counters\" href=\"https:\/\/www.hupso.com\/share\/\"><img decoding=\"async\" src=\"http:\/\/static.hupso.com\/share\/buttons\/lang\/es\/share-small.png\" style=\"border:0px; padding-top:2px; float:left;\" alt=\"Share Button\"\/><\/a><script type=\"text\/javascript\">var hupso_services_c=new Array(\"twitter\",\"facebook_like\",\"google\");var hupso_counters_lang = \"es_LA\";var hupso_image_folder_url = \"\";var hupso_twitter_via=\"crsyvrs\";var hupso_url_c=\"\";<\/script><script type=\"text\/javascript\" src=\"http:\/\/static.hupso.com\/share\/js\/counters.js\"><\/script><!-- Hupso Share Buttons --><\/div><h2>Se realizar\u00e1n una serie de exposiciones, a prop\u00f3sito de cumplirse 50 a\u00f1os de la publicaci\u00f3n en ese pa\u00eds de las tiras de Quino.<\/h2>\n<p><img loading=\"lazy\" decoding=\"async\" class=\"size-full wp-image-18641 aligncenter\" src=\"http:\/\/cronicasyversiones.com\/wp-content\/uploads\/2018\/03\/mafalda_09_672-458_resize.jpg\" alt=\"\" width=\"672\" height=\"455\" srcset=\"http:\/\/cronicasyversiones.com\/wp-content\/uploads\/2018\/03\/mafalda_09_672-458_resize.jpg 672w, http:\/\/cronicasyversiones.com\/wp-content\/uploads\/2018\/03\/mafalda_09_672-458_resize-300x203.jpg 300w\" sizes=\"auto, (max-width: 672px) 100vw, 672px\" \/><\/p>\n<p>A 50 a\u00f1os de la primera publicaci\u00f3n en<strong> Italia<\/strong> de <strong>Mafalda,<\/strong> la ni\u00f1a creada por <strong>Quino<\/strong> que amaba a Los Beatles y odiaba a la sopa, tendr\u00e1 una seguidilla de exhibiciones en ese pa\u00eds.<\/p>\n<p>Una muestra itinerante en las bibliotecas italianas con la <strong>Declaraci\u00f3n de los Derechos del Ni\u00f1o de Unicef<\/strong> ilustrada por Quino ser\u00e1 uno de sus homenajes.<\/p>\n<p>El otro tiene que ver con una exposici\u00f3n, que ser\u00e1 inaugurada en octubre en el <strong>Museo Diotti en Casalmaggiore,<\/strong> en la Provincia de Cremona, con la reproducci\u00f3n de las tiras originales<\/p>\n<p>La primera aparici\u00f3n de Mafalda en Italia fue con una antolog\u00eda publicada en 1968 por la editorial Feltrinelli.<\/p>\n<p>Aunque fue la colecci\u00f3n Bompiani de 1969 <em><strong>\u00abMafalda la contestataria\u00bb<\/strong><\/em>, con el prefacio del escritor y semi\u00f3logo italiano, <strong>Umberto Eco<\/strong>, la que la hizo famosa en Italia. Despu\u00e9s lleg\u00f3 la tira diaria de Paese Sera, uno de los primeros diario que decidi\u00f3 recibirla.<\/p>\n<p>La colecci\u00f3n completa de tiras se recopil\u00f3 en<em><strong> \u00abTutto Mafalda\u00bb,<\/strong> <\/em>un libro para conocer todos los detalles sobre el personaje y su brillante creador, rico en testimonios y contenido exclusivo<\/p>\n<p><em><strong>\u00abTutto Mafalda\u00bb<\/strong> <\/em>fue lanzado en 2016 para Magazzini Salani, &#8211; su editorial italiana desde 2006, que la celebra el 9 de marzo en<em><strong> \u00abTempo di Libri\u00bb<\/strong><\/em>, en la jornada que la Feria internacional de la editorial, con comienzo el 8 de marzo, dedica a los rebeldes.<\/p>\n<p><em><strong>LEA TAMBI\u00c9N:\u00a0<\/strong><\/em><\/p>\n<div class=\"video-container\">\n<blockquote class=\"wp-embedded-content\" data-secret=\"zmVVOJ7KxG\"><p><a href=\"http:\/\/cronicasyversiones.com\/?p=17656\">Mafalda ser\u00e1 traducida al armenio<\/a><\/p><\/blockquote>\n<p><iframe loading=\"lazy\" class=\"wp-embedded-content\" sandbox=\"allow-scripts\" security=\"restricted\" style=\"position: absolute; clip: rect(1px, 1px, 1px, 1px);\" title=\"\u00abMafalda ser\u00e1 traducida al armenio\u00bb \u2014    \" src=\"http:\/\/cronicasyversiones.com\/?p=17656&#038;embed=true#?secret=JbdQtTAmaq#?secret=zmVVOJ7KxG\" data-secret=\"zmVVOJ7KxG\" width=\"600\" height=\"338\" frameborder=\"0\" marginwidth=\"0\" marginheight=\"0\" scrolling=\"no\"><\/iframe><\/div>\n<p>Quino, el creador de esta tira que se public\u00f3 entre 1964 y 1973, defini\u00f3 a Mafalda como un \u201cespejo de la clase media latinoamericana y de la juventud progresista\u201d.<\/p>\n<p>A pesar de que Mafalda s\u00f3lo se public\u00f3 durante menos que una d\u00e9cada, un tiempo mucho menor a otros cl\u00e1sicos del humor gr\u00e1fico, el furor posterior gener\u00f3 que la tira se traduzca a 30 idiomas y lleve vendido en la Argentina m\u00e1s de 20 millones de ejemplares y una suculenta cantidad en otras latitudes<\/p>\n<div style=\"padding-bottom:20px; padding-top:10px;\" class=\"hupso-share-buttons\"><!-- Hupso Share Buttons - https:\/\/www.hupso.com\/share\/ --><a class=\"hupso_counters\" href=\"https:\/\/www.hupso.com\/share\/\"><img decoding=\"async\" src=\"http:\/\/static.hupso.com\/share\/buttons\/lang\/es\/share-small.png\" style=\"border:0px; padding-top:2px; float:left;\" alt=\"Share Button\"\/><\/a><script type=\"text\/javascript\">var hupso_services_c=new Array(\"twitter\",\"facebook_like\",\"google\");var hupso_counters_lang = \"es_LA\";var hupso_image_folder_url = \"\";var hupso_twitter_via=\"crsyvrs\";var hupso_url_c=\"\";<\/script><script type=\"text\/javascript\" src=\"http:\/\/static.hupso.com\/share\/js\/counters.js\"><\/script><!-- Hupso Share Buttons --><\/div> ","protected":false},"excerpt":{"rendered":"<div style=\"padding-bottom:20px; padding-top:10px;\" class=\"hupso-share-buttons\"><!-- Hupso Share Buttons - https:\/\/www.hupso.com\/share\/ --><a class=\"hupso_counters\" href=\"https:\/\/www.hupso.com\/share\/\"><img src=\"http:\/\/static.hupso.com\/share\/buttons\/lang\/es\/share-small.png\" style=\"border:0px; padding-top:2px; float:left;\" alt=\"Share Button\"\/><\/a><script type=\"text\/javascript\">var hupso_services_c=new Array(\"twitter\",\"facebook_like\",\"google\");var hupso_counters_lang = \"es_LA\";var hupso_image_folder_url = \"\";var hupso_twitter_via=\"crsyvrs\";var hupso_url_c=\"\";<\/script><script type=\"text\/javascript\" src=\"http:\/\/static.hupso.com\/share\/js\/counters.js\"><\/script><!-- Hupso Share Buttons --><\/div><p>Se realizar\u00e1n una serie de exposiciones, a prop\u00f3sito de cumplirse 50 a\u00f1os de la publicaci\u00f3n en ese pa\u00eds de las tiras de Quino. A 50 a\u00f1os de la primera publicaci\u00f3n en Italia de Mafalda, la ni\u00f1a creada por Quino&#46;&#46;&#46;<\/p>\n<div style=\"padding-bottom:20px; padding-top:10px;\" class=\"hupso-share-buttons\"><!-- Hupso Share Buttons - https:\/\/www.hupso.com\/share\/ --><a class=\"hupso_counters\" href=\"https:\/\/www.hupso.com\/share\/\"><img src=\"http:\/\/static.hupso.com\/share\/buttons\/lang\/es\/share-small.png\" style=\"border:0px; padding-top:2px; float:left;\" alt=\"Share Button\"\/><\/a><script type=\"text\/javascript\">var hupso_services_c=new Array(\"twitter\",\"facebook_like\",\"google\");var hupso_counters_lang = \"es_LA\";var hupso_image_folder_url = \"\";var hupso_twitter_via=\"crsyvrs\";var hupso_url_c=\"\";<\/script><script type=\"text\/javascript\" src=\"http:\/\/static.hupso.com\/share\/js\/counters.js\"><\/script><!-- Hupso Share Buttons --><\/div>","protected":false},"author":5,"featured_media":18641,"comment_status":"open","ping_status":"closed","sticky":false,"template":"","format":"standard","meta":{"footnotes":""},"categories":[8,7],"tags":[62,850],"class_list":["post-18640","post","type-post","status-publish","format-standard","has-post-thumbnail","hentry","category-artes-plasticas","category-literatura","tag-mafalda","tag-quino"],"_links":{"self":[{"href":"http:\/\/cronicasyversiones.com\/index.php?rest_route=\/wp\/v2\/posts\/18640","targetHints":{"allow":["GET"]}}],"collection":[{"href":"http:\/\/cronicasyversiones.com\/index.php?rest_route=\/wp\/v2\/posts"}],"about":[{"href":"http:\/\/cronicasyversiones.com\/index.php?rest_route=\/wp\/v2\/types\/post"}],"author":[{"embeddable":true,"href":"http:\/\/cronicasyversiones.com\/index.php?rest_route=\/wp\/v2\/users\/5"}],"replies":[{"embeddable":true,"href":"http:\/\/cronicasyversiones.com\/index.php?rest_route=%2Fwp%2Fv2%2Fcomments&post=18640"}],"version-history":[{"count":0,"href":"http:\/\/cronicasyversiones.com\/index.php?rest_route=\/wp\/v2\/posts\/18640\/revisions"}],"wp:featuredmedia":[{"embeddable":true,"href":"http:\/\/cronicasyversiones.com\/index.php?rest_route=\/wp\/v2\/media\/18641"}],"wp:attachment":[{"href":"http:\/\/cronicasyversiones.com\/index.php?rest_route=%2Fwp%2Fv2%2Fmedia&parent=18640"}],"wp:term":[{"taxonomy":"category","embeddable":true,"href":"http:\/\/cronicasyversiones.com\/index.php?rest_route=%2Fwp%2Fv2%2Fcategories&post=18640"},{"taxonomy":"post_tag","embeddable":true,"href":"http:\/\/cronicasyversiones.com\/index.php?rest_route=%2Fwp%2Fv2%2Ftags&post=18640"}],"curies":[{"name":"wp","href":"https:\/\/api.w.org\/{rel}","templated":true}]}}