{"id":18648,"date":"2018-03-11T10:10:04","date_gmt":"2018-03-11T13:10:04","guid":{"rendered":"http:\/\/cronicasyversiones.com\/?p=18648"},"modified":"2018-03-11T10:10:25","modified_gmt":"2018-03-11T13:10:25","slug":"raly-barrionuevo-y-milena-salamanca-junto-a-la-jam-de-folklore","status":"publish","type":"post","link":"http:\/\/cronicasyversiones.com\/?p=18648","title":{"rendered":"Raly Barrionuevo y Milena Salamanca, junto a la Jam de Folklore"},"content":{"rendered":"<div style=\"padding-bottom:20px; padding-top:10px;\" class=\"hupso-share-buttons\"><!-- Hupso Share Buttons - https:\/\/www.hupso.com\/share\/ --><a class=\"hupso_counters\" href=\"https:\/\/www.hupso.com\/share\/\"><img decoding=\"async\" src=\"http:\/\/static.hupso.com\/share\/buttons\/lang\/es\/share-small.png\" style=\"border:0px; padding-top:2px; float:left;\" alt=\"Share Button\"\/><\/a><script type=\"text\/javascript\">var hupso_services_c=new Array(\"twitter\",\"facebook_like\",\"google\");var hupso_counters_lang = \"es_LA\";var hupso_image_folder_url = \"\";var hupso_twitter_via=\"crsyvrs\";var hupso_url_c=\"\";<\/script><script type=\"text\/javascript\" src=\"http:\/\/static.hupso.com\/share\/js\/counters.js\"><\/script><!-- Hupso Share Buttons --><\/div><h2>En este show en Cocina de Culturas de C\u00f3rdoba, ambos artistas reparar\u00e1n las canciones de sus trabajos discogr\u00e1ficos m\u00e1s recientes.<\/h2>\n<p><img loading=\"lazy\" decoding=\"async\" class=\" wp-image-18649 aligncenter\" src=\"http:\/\/cronicasyversiones.com\/wp-content\/uploads\/2018\/03\/mile-1024x683.jpg\" alt=\"\" width=\"750\" height=\"500\" srcset=\"http:\/\/cronicasyversiones.com\/wp-content\/uploads\/2018\/03\/mile-1024x683.jpg 1024w, http:\/\/cronicasyversiones.com\/wp-content\/uploads\/2018\/03\/mile-300x200.jpg 300w, http:\/\/cronicasyversiones.com\/wp-content\/uploads\/2018\/03\/mile-768x512.jpg 768w, http:\/\/cronicasyversiones.com\/wp-content\/uploads\/2018\/03\/mile-480x320.jpg 480w, http:\/\/cronicasyversiones.com\/wp-content\/uploads\/2018\/03\/mile.jpg 1950w\" sizes=\"auto, (max-width: 750px) 100vw, 750px\" \/><\/p>\n<p><strong>Raly Barrionuevo<\/strong> y <strong>Milena Salamanca<\/strong> fueron \u00a0convidados por la<strong> Jam de Folklore<\/strong> para participar del concierto que se realizar\u00e1 el pr\u00f3ximo jueves a las 22 en <strong>Cocina de Culturas,<\/strong> en Julio Roca 491, de la ciudad de C\u00f3rdoba.<\/p>\n<p>Durante el show, el santiague\u00f1o \u00a0recorrer\u00e1 los temas de <em><strong>\u00abLa Ni\u00f1a de Los Andamios\u00bb<\/strong><\/em>, su \u00faltimo disco en estudio, editado en el 2017 y presentado durante la Pe\u00f1a Trashumante que se llev\u00f3 a cabo en Cosqu\u00edn en octubre del a\u00f1o pasado con un resonante \u00e9xito.<\/p>\n<p>Mientras que la artista bonaerense repasar\u00e1 temas de su primer disco<em><strong> \u00abK&#8217;arallanta\u00bb,<\/strong><\/em> y canciones nuevas que ser\u00e1n plasmadas en una nueva producci\u00f3n discogr\u00e1fica que ya est\u00e1 grabando.<\/p>\n<p>La Jam de Folklore, integrado por Juli\u00e1n Beaulieu en guitarra, Chelko Paj\u00f3n en bandone\u00f3n, Diego Bravo en teclados y Jos\u00e9 \u00abNegro\u00bb G\u00f3mez en percusi\u00f3n, acaba de editar su primer disco en vivo, registrado durante los conciertos realizados en octubre de 2016 en Cocina de Culturas.<\/p>\n<p><em><strong>LEA TAMBI\u00c9N:<\/strong> <\/em><\/p>\n<div class=\"video-container\">\n<blockquote class=\"wp-embedded-content\" data-secret=\"ZhVYUGoTwf\"><p><a href=\"http:\/\/cronicasyversiones.com\/?p=18609\">Cuerdos Vocales celebra sus cinco a\u00f1os de vida en Caras y Caretas<\/a><\/p><\/blockquote>\n<p><iframe loading=\"lazy\" class=\"wp-embedded-content\" sandbox=\"allow-scripts\" security=\"restricted\" style=\"position: absolute; clip: rect(1px, 1px, 1px, 1px);\" title=\"\u00abCuerdos Vocales celebra sus cinco a\u00f1os de vida en Caras y Caretas\u00bb \u2014    \" src=\"http:\/\/cronicasyversiones.com\/?p=18609&#038;embed=true#?secret=zxOjTEuMPt#?secret=ZhVYUGoTwf\" data-secret=\"ZhVYUGoTwf\" width=\"600\" height=\"338\" frameborder=\"0\" marginwidth=\"0\" marginheight=\"0\" scrolling=\"no\"><\/iframe><\/div>\n<p>Fue grabado, masterizado y mezclado por Desd\u00e9mona Estudio, e incluye temas con invitados como <strong>Mery Mur\u00faa, Emiliano Zerbini, Juan I\u00f1aki, el DJ Fede Flores, Paola Bernal, Ramiro Gonz\u00e1lez y Sof\u00eda del Moral.<\/strong><\/p>\n<p>A partir del 2017 cada mes, el cuarteto cordob\u00e9s se presentan en Cocina de Culturas con artistas de todo el pa\u00eds, en un ciclo que ya se ha convertido en cl\u00e1sico.<\/p>\n<p>Por el mismo pasaron artistas de gran calibre, como Ver\u00f3nica Condom\u00ed, Rub\u00e9n Mono Izarrualde, Luciana Jury, D\u00fao Coplanacu, La Bruja Salguero, Nadia Larcher, Manu Sija, Melania P\u00e9rez, cerrado el a\u00f1o con un homenaje a Violeta Parra en las voces de Mery Mur\u00faa, Paola Bernal, Virginia Mazzini y Airena Ortube.<\/p>\n<p>El ciclo 2018 arranc\u00f3 con todo y la primera fecha fue a sala llena, con la presencia de Franco Luciani, Victoria Birchner y Mery Mur\u00faa.<\/p>\n<p>&nbsp;<\/p>\n<div style=\"padding-bottom:20px; padding-top:10px;\" class=\"hupso-share-buttons\"><!-- Hupso Share Buttons - https:\/\/www.hupso.com\/share\/ --><a class=\"hupso_counters\" href=\"https:\/\/www.hupso.com\/share\/\"><img decoding=\"async\" src=\"http:\/\/static.hupso.com\/share\/buttons\/lang\/es\/share-small.png\" style=\"border:0px; padding-top:2px; float:left;\" alt=\"Share Button\"\/><\/a><script type=\"text\/javascript\">var hupso_services_c=new Array(\"twitter\",\"facebook_like\",\"google\");var hupso_counters_lang = \"es_LA\";var hupso_image_folder_url = \"\";var hupso_twitter_via=\"crsyvrs\";var hupso_url_c=\"\";<\/script><script type=\"text\/javascript\" src=\"http:\/\/static.hupso.com\/share\/js\/counters.js\"><\/script><!-- Hupso Share Buttons --><\/div> ","protected":false},"excerpt":{"rendered":"<div style=\"padding-bottom:20px; padding-top:10px;\" class=\"hupso-share-buttons\"><!-- Hupso Share Buttons - https:\/\/www.hupso.com\/share\/ --><a class=\"hupso_counters\" href=\"https:\/\/www.hupso.com\/share\/\"><img src=\"http:\/\/static.hupso.com\/share\/buttons\/lang\/es\/share-small.png\" style=\"border:0px; padding-top:2px; float:left;\" alt=\"Share Button\"\/><\/a><script type=\"text\/javascript\">var hupso_services_c=new Array(\"twitter\",\"facebook_like\",\"google\");var hupso_counters_lang = \"es_LA\";var hupso_image_folder_url = \"\";var hupso_twitter_via=\"crsyvrs\";var hupso_url_c=\"\";<\/script><script type=\"text\/javascript\" src=\"http:\/\/static.hupso.com\/share\/js\/counters.js\"><\/script><!-- Hupso Share Buttons --><\/div><p>En este show en Cocina de Culturas de C\u00f3rdoba, ambos artistas reparar\u00e1n las canciones de sus trabajos discogr\u00e1ficos m\u00e1s recientes. Raly Barrionuevo y Milena Salamanca fueron \u00a0convidados por la Jam de Folklore para participar del concierto que se realizar\u00e1&#46;&#46;&#46;<\/p>\n<div style=\"padding-bottom:20px; padding-top:10px;\" class=\"hupso-share-buttons\"><!-- Hupso Share Buttons - https:\/\/www.hupso.com\/share\/ --><a class=\"hupso_counters\" href=\"https:\/\/www.hupso.com\/share\/\"><img src=\"http:\/\/static.hupso.com\/share\/buttons\/lang\/es\/share-small.png\" style=\"border:0px; padding-top:2px; float:left;\" alt=\"Share Button\"\/><\/a><script type=\"text\/javascript\">var hupso_services_c=new Array(\"twitter\",\"facebook_like\",\"google\");var hupso_counters_lang = \"es_LA\";var hupso_image_folder_url = \"\";var hupso_twitter_via=\"crsyvrs\";var hupso_url_c=\"\";<\/script><script type=\"text\/javascript\" src=\"http:\/\/static.hupso.com\/share\/js\/counters.js\"><\/script><!-- Hupso Share Buttons --><\/div>","protected":false},"author":5,"featured_media":18649,"comment_status":"open","ping_status":"closed","sticky":false,"template":"","format":"standard","meta":{"footnotes":""},"categories":[3],"tags":[1136,8690,8689,4504],"class_list":["post-18648","post","type-post","status-publish","format-standard","has-post-thumbnail","hentry","category-musica","tag-folklore","tag-jam-de-folklore","tag-milena-salamanca","tag-raly-barrionuevo"],"_links":{"self":[{"href":"http:\/\/cronicasyversiones.com\/index.php?rest_route=\/wp\/v2\/posts\/18648","targetHints":{"allow":["GET"]}}],"collection":[{"href":"http:\/\/cronicasyversiones.com\/index.php?rest_route=\/wp\/v2\/posts"}],"about":[{"href":"http:\/\/cronicasyversiones.com\/index.php?rest_route=\/wp\/v2\/types\/post"}],"author":[{"embeddable":true,"href":"http:\/\/cronicasyversiones.com\/index.php?rest_route=\/wp\/v2\/users\/5"}],"replies":[{"embeddable":true,"href":"http:\/\/cronicasyversiones.com\/index.php?rest_route=%2Fwp%2Fv2%2Fcomments&post=18648"}],"version-history":[{"count":0,"href":"http:\/\/cronicasyversiones.com\/index.php?rest_route=\/wp\/v2\/posts\/18648\/revisions"}],"wp:featuredmedia":[{"embeddable":true,"href":"http:\/\/cronicasyversiones.com\/index.php?rest_route=\/wp\/v2\/media\/18649"}],"wp:attachment":[{"href":"http:\/\/cronicasyversiones.com\/index.php?rest_route=%2Fwp%2Fv2%2Fmedia&parent=18648"}],"wp:term":[{"taxonomy":"category","embeddable":true,"href":"http:\/\/cronicasyversiones.com\/index.php?rest_route=%2Fwp%2Fv2%2Fcategories&post=18648"},{"taxonomy":"post_tag","embeddable":true,"href":"http:\/\/cronicasyversiones.com\/index.php?rest_route=%2Fwp%2Fv2%2Ftags&post=18648"}],"curies":[{"name":"wp","href":"https:\/\/api.w.org\/{rel}","templated":true}]}}