{"id":18713,"date":"2018-03-19T09:28:09","date_gmt":"2018-03-19T12:28:09","guid":{"rendered":"http:\/\/cronicasyversiones.com\/?p=18713"},"modified":"2018-03-19T09:28:09","modified_gmt":"2018-03-19T12:28:09","slug":"la-camerata-argentina-con-nahuel-pennisi-de-invitado-estelar","status":"publish","type":"post","link":"http:\/\/cronicasyversiones.com\/?p=18713","title":{"rendered":"La Camerata Argentina, con Nahuel Pennisi de invitado estelar"},"content":{"rendered":"<div style=\"padding-bottom:20px; padding-top:10px;\" class=\"hupso-share-buttons\"><!-- Hupso Share Buttons - https:\/\/www.hupso.com\/share\/ --><a class=\"hupso_counters\" href=\"https:\/\/www.hupso.com\/share\/\"><img decoding=\"async\" src=\"http:\/\/static.hupso.com\/share\/buttons\/lang\/es\/share-small.png\" style=\"border:0px; padding-top:2px; float:left;\" alt=\"Share Button\"\/><\/a><script type=\"text\/javascript\">var hupso_services_c=new Array(\"twitter\",\"facebook_like\",\"google\");var hupso_counters_lang = \"es_LA\";var hupso_image_folder_url = \"\";var hupso_twitter_via=\"crsyvrs\";var hupso_url_c=\"\";<\/script><script type=\"text\/javascript\" src=\"http:\/\/static.hupso.com\/share\/js\/counters.js\"><\/script><!-- Hupso Share Buttons --><\/div><h2>La formaci\u00f3n, dirigida por el violinista Pablo Agri y con arreglos del pianista Cristian Z\u00e1rate, repasar\u00e1 obras de la argentina junto con el talentoso contautor<\/h2>\n<p><img loading=\"lazy\" decoding=\"async\" class=\"size-full wp-image-18714 aligncenter\" src=\"http:\/\/cronicasyversiones.com\/wp-content\/uploads\/2018\/03\/NahuelPennisi2.png\" alt=\"\" width=\"730\" height=\"485\" srcset=\"http:\/\/cronicasyversiones.com\/wp-content\/uploads\/2018\/03\/NahuelPennisi2.png 730w, http:\/\/cronicasyversiones.com\/wp-content\/uploads\/2018\/03\/NahuelPennisi2-300x199.png 300w, http:\/\/cronicasyversiones.com\/wp-content\/uploads\/2018\/03\/NahuelPennisi2-480x320.png 480w\" sizes=\"auto, (max-width: 730px) 100vw, 730px\" \/><\/p>\n<p>Dirigida por el violinista <strong>Pablo Agri<\/strong> y con arreglos del pianista <strong>Cristian Z\u00e1rate,<\/strong> la <strong>Camerata Argentina<\/strong> se presenta junto al \u00a0guitarrista y cantante<strong> Nahuel Pennisi,<\/strong> para repasar obras cumbre como \u201cPiedra y camino\u201d, \u201cLos mareados\u201d, \u201cLa pome\u00f1a\u201d y \u201cLa maza\u201d, entre otras.<\/p>\n<p>La cita ser\u00e1 el s\u00e1bado 31 de marzo Sala Sinf\u00f3nica del <strong>Centro Cultural Kirchner,<\/strong> ubicado en Sarmiento 151, con entrada gratuita.<\/p>\n<p>Nahuel Pennisi es un guitarrista, compositor y cantante autodidacta,<strong> Nahuel Pennisi<\/strong> naci\u00f3 en Buenos Aires en 1990.<\/p>\n<p>Due\u00f1o de un o\u00eddo absoluto, a los cuatro a\u00f1os comenz\u00f3 a tocar melod\u00edas en un teclado, m\u00e1s tarde comenz\u00f3 a tocar el bajo y, desde los ocho a\u00f1os, la guitarra, desarrollando una t\u00e9cnica completamente personal de ejecuci\u00f3n, con el instrumento recostado sobre sus piernas.<\/p>\n<p>A los diecis\u00e9is a\u00f1os y mientras cursaba el secundario comenz\u00f3 a trabajar como m\u00fasico callejero. Al terminar la escuela se dedic\u00f3 de lleno a la m\u00fasica.<\/p>\n<p>En 2009 particip\u00f3 por primera vez en el <strong>Festival de Folklore de Cosqu\u00edn<\/strong>, donde conoci\u00f3 a Luis Salinas, con quien comenzar\u00eda a tocar en sus conciertos.<\/p>\n<p>En 2012 grab\u00f3 de manera independiente el disco <em><strong>\u201cEl sue\u00f1o de la canci\u00f3n\u201d<\/strong><\/em>, producido por Poppi Spatocco. En 2014 fue convocado por Christina Pluhar, directora del ensamble L&#8217;Arpeggiatta, para protagonizar Orfeo Cham\u00e1n, versi\u00f3n en espa\u00f1ol de la \u00f3pera de Monteverdi, en el Teatro Mayor Julio Mario Santo Domingo de Bogot\u00e1, Colombia.<\/p>\n<p>A fines de 2015 edit\u00f3 <em><strong>\u201cPrimavera\u201d,<\/strong> <\/em>integrada mayormente por canciones propias y con colaboraciones de invitados como Franco Luciani, Teresa Parodi, Chango Spasiuk, Luis Salinas y Tery Langer (Carajo).<\/p>\n<p>En 2017 lanz\u00f3<em><strong> \u201cFeliz\u201d<\/strong><\/em>, grabado y mezclado en Los Angeles, con catorce nuevas canciones escritas junto a su socio compositivo Le\u00f3n Cuy\u00e9, y la participaci\u00f3n como invitada en Somos de la cantante de flamenco Ni\u00f1a Pastori.<\/p>\n<p><em><strong>LEA TAMBI\u00c9N:<\/strong> <\/em><\/p>\n<div class=\"video-container\">\n<blockquote class=\"wp-embedded-content\" data-secret=\"oMNQQkVLvi\"><p><a href=\"https:\/\/cronicasyversiones.com\/?p=18609\">Cuerdos Vocales celebra sus cinco a\u00f1os de vida en Caras y Caretas<\/a><\/p><\/blockquote>\n<p><iframe loading=\"lazy\" class=\"wp-embedded-content\" sandbox=\"allow-scripts\" security=\"restricted\" style=\"position: absolute; clip: rect(1px, 1px, 1px, 1px);\" title=\"\u00abCuerdos Vocales celebra sus cinco a\u00f1os de vida en Caras y Caretas\u00bb \u2014    \" src=\"https:\/\/cronicasyversiones.com\/?p=18609&#038;embed=true#?secret=VCkOKqrMsm#?secret=oMNQQkVLvi\" data-secret=\"oMNQQkVLvi\" width=\"600\" height=\"338\" frameborder=\"0\" marginwidth=\"0\" marginheight=\"0\" scrolling=\"no\"><\/iframe><\/div>\n<p>La <strong>Camerata Argentina<\/strong> es un proyecto did\u00e1ctico-musical que nace a partir de las clases dictadas por Pablo Agri en diferentes provincias del pa\u00eds. Su objetivo es difundir la obra de compositores argentinos y promover el intercambio entre m\u00fasicos nuevos y consagrados. Actu\u00f3 junto a Gustavo Beytelmann, Susana Rinaldi, Juan Esteban Cuacci, Leonardo S\u00e1nchez, Nicol\u00e1s Guerschberg, Nicol\u00e1s Ledesma, Horacio Romo y Cristian Z\u00e1rate, entre otros.<\/p>\n<blockquote><p>Seg\u00fan explica Agri: \u201cla Camerata naci\u00f3 como expresi\u00f3n de nuestro compromiso social, trabajamos para hacer de cada regi\u00f3n de la Argentina un espacio de oportunidades para los j\u00f3venes m\u00fasicos que posean el talento y no tengan los recursos econ\u00f3micos para concretar el sue\u00f1o de tocar en una gran orquesta\u201d.<\/p><\/blockquote>\n<p>Violinista y director, <strong>Pablo Agri<\/strong> comenz\u00f3 sus estudios en el Conservatorio Provincial Juli\u00e1n Aguirre con el maestro Bernardo Prusak. En 1984 form\u00f3 parte de la Orquesta Juvenil de Radio Nacional y en 1986 comenz\u00f3 a tomar clases con el maestro Szymsia Bajour. Integr\u00f3 la Orquesta del Tango de la Ciudad de Buenos Aires.<\/p>\n<p>Ha sido nombrado Personalidad Destacada de la Cultura de la Ciudad de Buenos Aires por la Legislatura Porte\u00f1a en octubre de 2014. Adem\u00e1s, Agri integra la Orquesta Sinf\u00f3nica Nacional desde 1992.<\/p>\n<div style=\"padding-bottom:20px; padding-top:10px;\" class=\"hupso-share-buttons\"><!-- Hupso Share Buttons - https:\/\/www.hupso.com\/share\/ --><a class=\"hupso_counters\" href=\"https:\/\/www.hupso.com\/share\/\"><img decoding=\"async\" src=\"http:\/\/static.hupso.com\/share\/buttons\/lang\/es\/share-small.png\" style=\"border:0px; padding-top:2px; float:left;\" alt=\"Share Button\"\/><\/a><script type=\"text\/javascript\">var hupso_services_c=new Array(\"twitter\",\"facebook_like\",\"google\");var hupso_counters_lang = \"es_LA\";var hupso_image_folder_url = \"\";var hupso_twitter_via=\"crsyvrs\";var hupso_url_c=\"\";<\/script><script type=\"text\/javascript\" src=\"http:\/\/static.hupso.com\/share\/js\/counters.js\"><\/script><!-- Hupso Share Buttons --><\/div> ","protected":false},"excerpt":{"rendered":"<div style=\"padding-bottom:20px; padding-top:10px;\" class=\"hupso-share-buttons\"><!-- Hupso Share Buttons - https:\/\/www.hupso.com\/share\/ --><a class=\"hupso_counters\" href=\"https:\/\/www.hupso.com\/share\/\"><img src=\"http:\/\/static.hupso.com\/share\/buttons\/lang\/es\/share-small.png\" style=\"border:0px; padding-top:2px; float:left;\" alt=\"Share Button\"\/><\/a><script type=\"text\/javascript\">var hupso_services_c=new Array(\"twitter\",\"facebook_like\",\"google\");var hupso_counters_lang = \"es_LA\";var hupso_image_folder_url = \"\";var hupso_twitter_via=\"crsyvrs\";var hupso_url_c=\"\";<\/script><script type=\"text\/javascript\" src=\"http:\/\/static.hupso.com\/share\/js\/counters.js\"><\/script><!-- Hupso Share Buttons --><\/div><p>La formaci\u00f3n, dirigida por el violinista Pablo Agri y con arreglos del pianista Cristian Z\u00e1rate, repasar\u00e1 obras de la argentina junto con el talentoso contautor Dirigida por el violinista Pablo Agri y con arreglos del pianista Cristian Z\u00e1rate, la&#46;&#46;&#46;<\/p>\n<div style=\"padding-bottom:20px; padding-top:10px;\" class=\"hupso-share-buttons\"><!-- Hupso Share Buttons - https:\/\/www.hupso.com\/share\/ --><a class=\"hupso_counters\" href=\"https:\/\/www.hupso.com\/share\/\"><img src=\"http:\/\/static.hupso.com\/share\/buttons\/lang\/es\/share-small.png\" style=\"border:0px; padding-top:2px; float:left;\" alt=\"Share Button\"\/><\/a><script type=\"text\/javascript\">var hupso_services_c=new Array(\"twitter\",\"facebook_like\",\"google\");var hupso_counters_lang = \"es_LA\";var hupso_image_folder_url = \"\";var hupso_twitter_via=\"crsyvrs\";var hupso_url_c=\"\";<\/script><script type=\"text\/javascript\" src=\"http:\/\/static.hupso.com\/share\/js\/counters.js\"><\/script><!-- Hupso Share Buttons --><\/div>","protected":false},"author":5,"featured_media":0,"comment_status":"open","ping_status":"closed","sticky":false,"template":"","format":"standard","meta":{"footnotes":""},"categories":[3],"tags":[8706,7887,1543],"class_list":["post-18713","post","type-post","status-publish","format-standard","hentry","category-musica","tag-camerata-argentina","tag-nahuel-pennisi","tag-pablo-agri"],"_links":{"self":[{"href":"http:\/\/cronicasyversiones.com\/index.php?rest_route=\/wp\/v2\/posts\/18713","targetHints":{"allow":["GET"]}}],"collection":[{"href":"http:\/\/cronicasyversiones.com\/index.php?rest_route=\/wp\/v2\/posts"}],"about":[{"href":"http:\/\/cronicasyversiones.com\/index.php?rest_route=\/wp\/v2\/types\/post"}],"author":[{"embeddable":true,"href":"http:\/\/cronicasyversiones.com\/index.php?rest_route=\/wp\/v2\/users\/5"}],"replies":[{"embeddable":true,"href":"http:\/\/cronicasyversiones.com\/index.php?rest_route=%2Fwp%2Fv2%2Fcomments&post=18713"}],"version-history":[{"count":0,"href":"http:\/\/cronicasyversiones.com\/index.php?rest_route=\/wp\/v2\/posts\/18713\/revisions"}],"wp:attachment":[{"href":"http:\/\/cronicasyversiones.com\/index.php?rest_route=%2Fwp%2Fv2%2Fmedia&parent=18713"}],"wp:term":[{"taxonomy":"category","embeddable":true,"href":"http:\/\/cronicasyversiones.com\/index.php?rest_route=%2Fwp%2Fv2%2Fcategories&post=18713"},{"taxonomy":"post_tag","embeddable":true,"href":"http:\/\/cronicasyversiones.com\/index.php?rest_route=%2Fwp%2Fv2%2Ftags&post=18713"}],"curies":[{"name":"wp","href":"https:\/\/api.w.org\/{rel}","templated":true}]}}