{"id":18726,"date":"2018-03-21T09:28:33","date_gmt":"2018-03-21T12:28:33","guid":{"rendered":"http:\/\/cronicasyversiones.com\/?p=18726"},"modified":"2018-03-21T09:28:33","modified_gmt":"2018-03-21T12:28:33","slug":"aca-seca-sale-a-escena-en-formato-sinfonico","status":"publish","type":"post","link":"http:\/\/cronicasyversiones.com\/?p=18726","title":{"rendered":"Aca Seca sale a escena en formato sinf\u00f3nico"},"content":{"rendered":"<div style=\"padding-bottom:20px; padding-top:10px;\" class=\"hupso-share-buttons\"><!-- Hupso Share Buttons - https:\/\/www.hupso.com\/share\/ --><a class=\"hupso_counters\" href=\"https:\/\/www.hupso.com\/share\/\"><img decoding=\"async\" src=\"http:\/\/static.hupso.com\/share\/buttons\/lang\/es\/share-small.png\" style=\"border:0px; padding-top:2px; float:left;\" alt=\"Share Button\"\/><\/a><script type=\"text\/javascript\">var hupso_services_c=new Array(\"twitter\",\"facebook_like\",\"google\");var hupso_counters_lang = \"es_LA\";var hupso_image_folder_url = \"\";var hupso_twitter_via=\"crsyvrs\";var hupso_url_c=\"\";<\/script><script type=\"text\/javascript\" src=\"http:\/\/static.hupso.com\/share\/js\/counters.js\"><\/script><!-- Hupso Share Buttons --><\/div><h2>El tr\u00edo estar\u00e1 acompa\u00f1ado por la Orquesta sinf\u00edn, con los arreglos y la direcci\u00f3n de Exequiel Mantega, como parte del ciclo \u00abEstaciones sinf\u00f3nicas\u00bb.<\/h2>\n<p><img loading=\"lazy\" decoding=\"async\" class=\"wp-image-18727 aligncenter\" src=\"http:\/\/cronicasyversiones.com\/wp-content\/uploads\/2018\/03\/aca-seca.jpg\" alt=\"\" width=\"749\" height=\"499\" srcset=\"http:\/\/cronicasyversiones.com\/wp-content\/uploads\/2018\/03\/aca-seca.jpg 960w, http:\/\/cronicasyversiones.com\/wp-content\/uploads\/2018\/03\/aca-seca-300x200.jpg 300w, http:\/\/cronicasyversiones.com\/wp-content\/uploads\/2018\/03\/aca-seca-768x512.jpg 768w, http:\/\/cronicasyversiones.com\/wp-content\/uploads\/2018\/03\/aca-seca-480x320.jpg 480w\" sizes=\"auto, (max-width: 749px) 100vw, 749px\" \/><\/p>\n<p>El tr\u00edo <strong>Aca Seca<\/strong>, acompa\u00f1ado por la <strong>Orquesta SinFin<\/strong>, saldr\u00e1 a escena el domingo 25 de marzo a las 20 como parte del ciclo <em><strong>\u00abEstaciones sinf\u00f3nicas\u00bb<\/strong><\/em>, en el <strong>Centro Cultural Kirchner<\/strong> , ubicado en Sarmiento 151.<\/p>\n<p>El grupo, una de las formaciones del \u00abnuevo\u00bb folklore de mayor repercusi\u00f3n, est\u00e1 integrado por el guitarrista <strong>Juan Quintero<\/strong>, el pianista <strong>Andr\u00e9s Beeuwsaert<\/strong> y el percusionista <strong>Mariano Cantero.<\/strong><\/p>\n<p>En esta oportunidad estar\u00e1n acompa\u00f1ados por una orquesta conformada por m\u00e1s de 30 m\u00fasicos, con los arreglos y la direcci\u00f3n de <strong>Exequiel Mantega<\/strong>.<\/p>\n<p><em><strong>LEA TAMBI\u00c9N:\u00a0<\/strong><\/em><\/p>\n<div class=\"video-container\">\n<blockquote class=\"wp-embedded-content\" data-secret=\"3ZP0fZ6ec2\"><p><a href=\"https:\/\/cronicasyversiones.com\/?p=18609\">Cuerdos Vocales celebra sus cinco a\u00f1os de vida en Caras y Caretas<\/a><\/p><\/blockquote>\n<p><iframe loading=\"lazy\" class=\"wp-embedded-content\" sandbox=\"allow-scripts\" security=\"restricted\" style=\"position: absolute; clip: rect(1px, 1px, 1px, 1px);\" title=\"\u00abCuerdos Vocales celebra sus cinco a\u00f1os de vida en Caras y Caretas\u00bb \u2014    \" src=\"https:\/\/cronicasyversiones.com\/?p=18609&#038;embed=true#?secret=QzQ4uuIXkC#?secret=3ZP0fZ6ec2\" data-secret=\"3ZP0fZ6ec2\" width=\"600\" height=\"338\" frameborder=\"0\" marginwidth=\"0\" marginheight=\"0\" scrolling=\"no\"><\/iframe><\/div>\n<p>El ciclo <em><strong>\u00abEstaciones Sinf\u00f3nicas\u00bb<\/strong><\/em> tuvo su primera presentaci\u00f3n el 22 de septiembre de 2017 en la sala Sinf\u00f3nica con un concierto de primavera que tuvo como protagonista al grupo <strong>Duratierra<\/strong> y un repertorio de temas de su disco <em><strong>\u00abCr\u00eda\u00bb<\/strong><\/em>.<\/p>\n<p>El programa continu\u00f3 el 20 de diciembre con el concierto de verano, que tuvo como solista a la cantante <strong>Nadia Larcher<\/strong>. Ac\u00e1 Seca representar\u00e1 la estaci\u00f3n de oto\u00f1o.<\/p>\n<div style=\"padding-bottom:20px; padding-top:10px;\" class=\"hupso-share-buttons\"><!-- Hupso Share Buttons - https:\/\/www.hupso.com\/share\/ --><a class=\"hupso_counters\" href=\"https:\/\/www.hupso.com\/share\/\"><img decoding=\"async\" src=\"http:\/\/static.hupso.com\/share\/buttons\/lang\/es\/share-small.png\" style=\"border:0px; padding-top:2px; float:left;\" alt=\"Share Button\"\/><\/a><script type=\"text\/javascript\">var hupso_services_c=new Array(\"twitter\",\"facebook_like\",\"google\");var hupso_counters_lang = \"es_LA\";var hupso_image_folder_url = \"\";var hupso_twitter_via=\"crsyvrs\";var hupso_url_c=\"\";<\/script><script type=\"text\/javascript\" src=\"http:\/\/static.hupso.com\/share\/js\/counters.js\"><\/script><!-- Hupso Share Buttons --><\/div> ","protected":false},"excerpt":{"rendered":"<div style=\"padding-bottom:20px; padding-top:10px;\" class=\"hupso-share-buttons\"><!-- Hupso Share Buttons - https:\/\/www.hupso.com\/share\/ --><a class=\"hupso_counters\" href=\"https:\/\/www.hupso.com\/share\/\"><img src=\"http:\/\/static.hupso.com\/share\/buttons\/lang\/es\/share-small.png\" style=\"border:0px; padding-top:2px; float:left;\" alt=\"Share Button\"\/><\/a><script type=\"text\/javascript\">var hupso_services_c=new Array(\"twitter\",\"facebook_like\",\"google\");var hupso_counters_lang = \"es_LA\";var hupso_image_folder_url = \"\";var hupso_twitter_via=\"crsyvrs\";var hupso_url_c=\"\";<\/script><script type=\"text\/javascript\" src=\"http:\/\/static.hupso.com\/share\/js\/counters.js\"><\/script><!-- Hupso Share Buttons --><\/div><p>El tr\u00edo estar\u00e1 acompa\u00f1ado por la Orquesta sinf\u00edn, con los arreglos y la direcci\u00f3n de Exequiel Mantega, como parte del ciclo \u00abEstaciones sinf\u00f3nicas\u00bb. El tr\u00edo Aca Seca, acompa\u00f1ado por la Orquesta SinFin, saldr\u00e1 a escena el domingo 25 de&#46;&#46;&#46;<\/p>\n<div style=\"padding-bottom:20px; padding-top:10px;\" class=\"hupso-share-buttons\"><!-- Hupso Share Buttons - https:\/\/www.hupso.com\/share\/ --><a class=\"hupso_counters\" href=\"https:\/\/www.hupso.com\/share\/\"><img src=\"http:\/\/static.hupso.com\/share\/buttons\/lang\/es\/share-small.png\" style=\"border:0px; padding-top:2px; float:left;\" alt=\"Share Button\"\/><\/a><script type=\"text\/javascript\">var hupso_services_c=new Array(\"twitter\",\"facebook_like\",\"google\");var hupso_counters_lang = \"es_LA\";var hupso_image_folder_url = \"\";var hupso_twitter_via=\"crsyvrs\";var hupso_url_c=\"\";<\/script><script type=\"text\/javascript\" src=\"http:\/\/static.hupso.com\/share\/js\/counters.js\"><\/script><!-- Hupso Share Buttons --><\/div>","protected":false},"author":5,"featured_media":18727,"comment_status":"open","ping_status":"closed","sticky":false,"template":"","format":"standard","meta":{"footnotes":""},"categories":[3],"tags":[4769,1136],"class_list":["post-18726","post","type-post","status-publish","format-standard","has-post-thumbnail","hentry","category-musica","tag-aca-seca","tag-folklore"],"_links":{"self":[{"href":"http:\/\/cronicasyversiones.com\/index.php?rest_route=\/wp\/v2\/posts\/18726","targetHints":{"allow":["GET"]}}],"collection":[{"href":"http:\/\/cronicasyversiones.com\/index.php?rest_route=\/wp\/v2\/posts"}],"about":[{"href":"http:\/\/cronicasyversiones.com\/index.php?rest_route=\/wp\/v2\/types\/post"}],"author":[{"embeddable":true,"href":"http:\/\/cronicasyversiones.com\/index.php?rest_route=\/wp\/v2\/users\/5"}],"replies":[{"embeddable":true,"href":"http:\/\/cronicasyversiones.com\/index.php?rest_route=%2Fwp%2Fv2%2Fcomments&post=18726"}],"version-history":[{"count":0,"href":"http:\/\/cronicasyversiones.com\/index.php?rest_route=\/wp\/v2\/posts\/18726\/revisions"}],"wp:featuredmedia":[{"embeddable":true,"href":"http:\/\/cronicasyversiones.com\/index.php?rest_route=\/wp\/v2\/media\/18727"}],"wp:attachment":[{"href":"http:\/\/cronicasyversiones.com\/index.php?rest_route=%2Fwp%2Fv2%2Fmedia&parent=18726"}],"wp:term":[{"taxonomy":"category","embeddable":true,"href":"http:\/\/cronicasyversiones.com\/index.php?rest_route=%2Fwp%2Fv2%2Fcategories&post=18726"},{"taxonomy":"post_tag","embeddable":true,"href":"http:\/\/cronicasyversiones.com\/index.php?rest_route=%2Fwp%2Fv2%2Ftags&post=18726"}],"curies":[{"name":"wp","href":"https:\/\/api.w.org\/{rel}","templated":true}]}}