{"id":18740,"date":"2018-03-21T09:27:50","date_gmt":"2018-03-21T12:27:50","guid":{"rendered":"http:\/\/cronicasyversiones.com\/?p=18740"},"modified":"2018-03-21T09:27:50","modified_gmt":"2018-03-21T12:27:50","slug":"el-bafici-celebra-sus-20-anos-de-vida","status":"publish","type":"post","link":"http:\/\/cronicasyversiones.com\/?p=18740","title":{"rendered":"El Bafici celebra sus 20 a\u00f1os de vida"},"content":{"rendered":"<div style=\"padding-bottom:20px; padding-top:10px;\" class=\"hupso-share-buttons\"><!-- Hupso Share Buttons - https:\/\/www.hupso.com\/share\/ --><a class=\"hupso_counters\" href=\"https:\/\/www.hupso.com\/share\/\"><img decoding=\"async\" src=\"http:\/\/static.hupso.com\/share\/buttons\/lang\/es\/share-small.png\" style=\"border:0px; padding-top:2px; float:left;\" alt=\"Share Button\"\/><\/a><script type=\"text\/javascript\">var hupso_services_c=new Array(\"twitter\",\"facebook_like\",\"google\");var hupso_counters_lang = \"es_LA\";var hupso_image_folder_url = \"\";var hupso_twitter_via=\"crsyvrs\";var hupso_url_c=\"\";<\/script><script type=\"text\/javascript\" src=\"http:\/\/static.hupso.com\/share\/js\/counters.js\"><\/script><!-- Hupso Share Buttons --><\/div><h2>Esta nueva edici\u00f3n del\u00a0Buenos Aires Festival Internacional de Cine Independiente\u00a0 contar\u00e1 con presencias internacionales y tendr\u00e1 36 sedes.<\/h2>\n<p><img loading=\"lazy\" decoding=\"async\" class=\"wp-image-18741 aligncenter\" src=\"http:\/\/cronicasyversiones.com\/wp-content\/uploads\/2018\/03\/bafici.jpg\" alt=\"\" width=\"751\" height=\"423\" srcset=\"http:\/\/cronicasyversiones.com\/wp-content\/uploads\/2018\/03\/bafici.jpg 960w, http:\/\/cronicasyversiones.com\/wp-content\/uploads\/2018\/03\/bafici-300x169.jpg 300w, http:\/\/cronicasyversiones.com\/wp-content\/uploads\/2018\/03\/bafici-768x432.jpg 768w\" sizes=\"auto, (max-width: 751px) 100vw, 751px\" \/><\/p>\n<p class=\"x_MsoNormal\">El <strong>Buenos Aires Festival Internacional de Cine Independiente (Bafici)<\/strong> celebrar\u00e1 sus 20 a\u00f1os de vida en una nueva edici\u00f3n que tendr\u00e1 lugar entre el 11 y el 22 de abril pr\u00f3ximo y contar\u00e1 con la presencia de figuras internacionales de fuste, como el franc\u00e9s <strong>Philippe Garrel<\/strong>, el estadounidense<strong> John Waters<\/strong> y el austr\u00edaco <strong>Johann Lurf.<\/strong><\/p>\n<p class=\"x_MsoNormal\">Adem\u00e1s, esta edici\u00f3n tendr\u00e1 36 sedes, que est\u00e1n distribuidas en 15 barrios de la ciudad de Buenos Aires, 107 pr\u00e9mieres mundiales e internacionales, y otras 99 pel\u00edculas americanas y latinoamericanas.<\/p>\n<p class=\"x_MsoNormal\">La apertura del festival se llevar\u00e1 a cabo el mi\u00e9rcoles 11 de abril en el Cine Gaumont, en simult\u00e1neo con Plaza Francia, y estar\u00e1 a cargo de la pel\u00edcula argentina<em><strong> \u201cLas Vegas\u201d,<\/strong><\/em> una comedia nost\u00e1lgica de Juan Villegas.<\/p>\n<p class=\"x_MsoNormal\">La funci\u00f3n de clausura ser\u00e1 el 22 en el Gaumont con<em><strong> \u201cIsla de perros\u201d<\/strong><\/em>, la nueva producci\u00f3n animada de Wes Anderson, que se estren\u00f3 en la apertura del Festival de Berl\u00edn en febrero pasado.<\/p>\n<p class=\"x_MsoNormal\">El cine argentino tendr\u00e1 una importante presencia en la<strong> Competencia Internacional,<\/strong> con tres pel\u00edculas protagonizadas por mujeres: \u00abPaisaje\u00bb, de Jimena Blanco, \u00abLa flor\u00bb, de Mariano Llin\u00e1s, y la coproducci\u00f3n con Chile \u00abDry Martina\u00bb, dirigida por el chileno radicado en Buenos Aires Che Sandoval y protagonizada por Antonella Costa.<\/p>\n<p class=\"x_MsoNormal\">En la <strong>Competencia Internacional<\/strong> tambi\u00e9n concursan \u201cAzougue Nazar\u00e9\u201d, de Tiago Melo (Brasil), \u201cLes Faux Tatouages\u201d, de Pascal Plante (Canad\u00e1), \u201cFrom Where We\u2019ve Fallen\u201d, de Wang Feifei (China), \u201cVirus tropical\u201d, de Santiago Caicedo (Colombia), \u201cA Tiger in Winter\u201d, de Lee Kwang-kuk (Corea del Sur), \u201c1048 lunes\u201d, de Charlotte Serrand (Francia) y \u201cVillage Rockstars\u201d, de Rima Das (India), entre otras.<\/p>\n<p class=\"x_MsoNormal\">La <strong>Competencia Argentina,<\/strong> en tanto, ofrecer\u00e1 este a\u00f1o los nuevos filmes de autores consagrados como Albertina Carri (\u201cLas hijas del fuego\u201d), Ra\u00fal Perrone (\u201cExpiaci\u00f3n\u201d), Sergio Wolf (\u201cEsto no es un golpe\u201d) y Jos\u00e9 Campusano (\u201cEl silencio a gritos\u201d), , entre otras.<\/p>\n<p><em><strong>LEA TAMBI\u00c9N:\u00a0<\/strong><\/em><\/p>\n<div class=\"video-container\">\n<blockquote class=\"wp-embedded-content\" data-secret=\"ZybEiSBj3k\"><p><a href=\"https:\/\/cronicasyversiones.com\/?p=18614\">\u201cLos olvidados\u201d, un film de terror en las ruinas en Epecu\u00e9n<\/a><\/p><\/blockquote>\n<p><iframe loading=\"lazy\" class=\"wp-embedded-content\" sandbox=\"allow-scripts\" security=\"restricted\" style=\"position: absolute; clip: rect(1px, 1px, 1px, 1px);\" title=\"\u00ab\u201cLos olvidados\u201d, un film de terror en las ruinas en Epecu\u00e9n\u00bb \u2014    \" src=\"https:\/\/cronicasyversiones.com\/?p=18614&#038;embed=true#?secret=5aF5mAjZeF#?secret=ZybEiSBj3k\" data-secret=\"ZybEiSBj3k\" width=\"600\" height=\"338\" frameborder=\"0\" marginwidth=\"0\" marginheight=\"0\" scrolling=\"no\"><\/iframe><\/div>\n<p class=\"x_MsoNormal\"><strong>El Bafici contar\u00e1 con la cifra r\u00e9cord de 36 sedes,<\/strong> distribuidas en m\u00e1s de 15 barrios porte\u00f1os: a las tradicionales Village Recoleta, Village Caballito, Cine Gaumont, Arte Multiplex Belgrano, Alianza Francesa y el Cultural San Mart\u00edn se suman el regreso de la Sala Leopoldo Lugones y proyecciones gratuitas en espacios culturales de Boedo, Chacarita, Parque Chacabuco, Paternal, Pompeya, N\u00fa\u00f1ez y Palermo.<\/p>\n<p class=\"x_MsoNormal\">Tambi\u00e9n habr\u00e1 charlas y encuentros en la <strong>Usina del Arte, el Museo del Cine y el Museo de Arte Moderno de Buenos Aires (Mamba)<\/strong>, as\u00ed como actividades y proyecciones gratuitas para toda la familia en los barrios Los Piletones, Rodrigo Bueno, Sald\u00edas, Los Perales, Lugano I y II, 21.24, Complejo Padre Mugica, Barrio 31, 1.11.14, F\u00e1tima y Cilda\u00f1ez.<\/p>\n<p class=\"x_MsoNormal\">Tambi\u00e9n se realizar\u00e1n funciones gratuitas de cine al aire libre en la Plaza Francia, en el Anfiteatro del Parque\u00a0\u00a0Centenario, en Costanera Sur y en Parque Saavedra.<\/p>\n<div style=\"padding-bottom:20px; padding-top:10px;\" class=\"hupso-share-buttons\"><!-- Hupso Share Buttons - https:\/\/www.hupso.com\/share\/ --><a class=\"hupso_counters\" href=\"https:\/\/www.hupso.com\/share\/\"><img decoding=\"async\" src=\"http:\/\/static.hupso.com\/share\/buttons\/lang\/es\/share-small.png\" style=\"border:0px; padding-top:2px; float:left;\" alt=\"Share Button\"\/><\/a><script type=\"text\/javascript\">var hupso_services_c=new Array(\"twitter\",\"facebook_like\",\"google\");var hupso_counters_lang = \"es_LA\";var hupso_image_folder_url = \"\";var hupso_twitter_via=\"crsyvrs\";var hupso_url_c=\"\";<\/script><script type=\"text\/javascript\" src=\"http:\/\/static.hupso.com\/share\/js\/counters.js\"><\/script><!-- Hupso Share Buttons --><\/div> ","protected":false},"excerpt":{"rendered":"<div style=\"padding-bottom:20px; padding-top:10px;\" class=\"hupso-share-buttons\"><!-- Hupso Share Buttons - https:\/\/www.hupso.com\/share\/ --><a class=\"hupso_counters\" href=\"https:\/\/www.hupso.com\/share\/\"><img src=\"http:\/\/static.hupso.com\/share\/buttons\/lang\/es\/share-small.png\" style=\"border:0px; padding-top:2px; float:left;\" alt=\"Share Button\"\/><\/a><script type=\"text\/javascript\">var hupso_services_c=new Array(\"twitter\",\"facebook_like\",\"google\");var hupso_counters_lang = \"es_LA\";var hupso_image_folder_url = \"\";var hupso_twitter_via=\"crsyvrs\";var hupso_url_c=\"\";<\/script><script type=\"text\/javascript\" src=\"http:\/\/static.hupso.com\/share\/js\/counters.js\"><\/script><!-- Hupso Share Buttons --><\/div><p>Esta nueva edici\u00f3n del\u00a0Buenos Aires Festival Internacional de Cine Independiente\u00a0 contar\u00e1 con presencias internacionales y tendr\u00e1 36 sedes. El Buenos Aires Festival Internacional de Cine Independiente (Bafici) celebrar\u00e1 sus 20 a\u00f1os de vida en una nueva edici\u00f3n que tendr\u00e1&#46;&#46;&#46;<\/p>\n<div style=\"padding-bottom:20px; padding-top:10px;\" class=\"hupso-share-buttons\"><!-- Hupso Share Buttons - https:\/\/www.hupso.com\/share\/ --><a class=\"hupso_counters\" href=\"https:\/\/www.hupso.com\/share\/\"><img src=\"http:\/\/static.hupso.com\/share\/buttons\/lang\/es\/share-small.png\" style=\"border:0px; padding-top:2px; float:left;\" alt=\"Share Button\"\/><\/a><script type=\"text\/javascript\">var hupso_services_c=new Array(\"twitter\",\"facebook_like\",\"google\");var hupso_counters_lang = \"es_LA\";var hupso_image_folder_url = \"\";var hupso_twitter_via=\"crsyvrs\";var hupso_url_c=\"\";<\/script><script type=\"text\/javascript\" src=\"http:\/\/static.hupso.com\/share\/js\/counters.js\"><\/script><!-- Hupso Share Buttons --><\/div>","protected":false},"author":5,"featured_media":18741,"comment_status":"open","ping_status":"closed","sticky":false,"template":"","format":"standard","meta":{"footnotes":""},"categories":[4],"tags":[1139,3998],"class_list":["post-18740","post","type-post","status-publish","format-standard","has-post-thumbnail","hentry","category-cine","tag-bafici","tag-cine-gaumont"],"_links":{"self":[{"href":"http:\/\/cronicasyversiones.com\/index.php?rest_route=\/wp\/v2\/posts\/18740","targetHints":{"allow":["GET"]}}],"collection":[{"href":"http:\/\/cronicasyversiones.com\/index.php?rest_route=\/wp\/v2\/posts"}],"about":[{"href":"http:\/\/cronicasyversiones.com\/index.php?rest_route=\/wp\/v2\/types\/post"}],"author":[{"embeddable":true,"href":"http:\/\/cronicasyversiones.com\/index.php?rest_route=\/wp\/v2\/users\/5"}],"replies":[{"embeddable":true,"href":"http:\/\/cronicasyversiones.com\/index.php?rest_route=%2Fwp%2Fv2%2Fcomments&post=18740"}],"version-history":[{"count":0,"href":"http:\/\/cronicasyversiones.com\/index.php?rest_route=\/wp\/v2\/posts\/18740\/revisions"}],"wp:featuredmedia":[{"embeddable":true,"href":"http:\/\/cronicasyversiones.com\/index.php?rest_route=\/wp\/v2\/media\/18741"}],"wp:attachment":[{"href":"http:\/\/cronicasyversiones.com\/index.php?rest_route=%2Fwp%2Fv2%2Fmedia&parent=18740"}],"wp:term":[{"taxonomy":"category","embeddable":true,"href":"http:\/\/cronicasyversiones.com\/index.php?rest_route=%2Fwp%2Fv2%2Fcategories&post=18740"},{"taxonomy":"post_tag","embeddable":true,"href":"http:\/\/cronicasyversiones.com\/index.php?rest_route=%2Fwp%2Fv2%2Ftags&post=18740"}],"curies":[{"name":"wp","href":"https:\/\/api.w.org\/{rel}","templated":true}]}}