{"id":18744,"date":"2018-03-21T12:40:50","date_gmt":"2018-03-21T15:40:50","guid":{"rendered":"http:\/\/cronicasyversiones.com\/?p=18744"},"modified":"2018-03-21T12:40:50","modified_gmt":"2018-03-21T15:40:50","slug":"charly-garcia-nominado-al-salon-de-la-fama-de-los-compositores-latinos","status":"publish","type":"post","link":"http:\/\/cronicasyversiones.com\/?p=18744","title":{"rendered":"Charly Garc\u00eda, nominado al Sal\u00f3n de la Fama de los Compositores Latinos"},"content":{"rendered":"<div style=\"padding-bottom:20px; padding-top:10px;\" class=\"hupso-share-buttons\"><!-- Hupso Share Buttons - https:\/\/www.hupso.com\/share\/ --><a class=\"hupso_counters\" href=\"https:\/\/www.hupso.com\/share\/\"><img decoding=\"async\" src=\"http:\/\/static.hupso.com\/share\/buttons\/lang\/es\/share-small.png\" style=\"border:0px; padding-top:2px; float:left;\" alt=\"Share Button\"\/><\/a><script type=\"text\/javascript\">var hupso_services_c=new Array(\"twitter\",\"facebook_like\",\"google\");var hupso_counters_lang = \"es_LA\";var hupso_image_folder_url = \"\";var hupso_twitter_via=\"crsyvrs\";var hupso_url_c=\"\";<\/script><script type=\"text\/javascript\" src=\"http:\/\/static.hupso.com\/share\/js\/counters.js\"><\/script><!-- Hupso Share Buttons --><\/div><h2>El Bicolor integra la lista junto a Jo\u00e3o Gilberto, Juanes, Chucho Valdez, Marco Antonio Sol\u00eds, Gloria Trevi, Willy Col\u00f3n y Joan Manuel Serrat, entre otros.<\/h2>\n<p><img loading=\"lazy\" decoding=\"async\" class=\"wp-image-18745 aligncenter\" src=\"http:\/\/cronicasyversiones.com\/wp-content\/uploads\/2018\/03\/charly-garcia.jpg\" alt=\"\" width=\"755\" height=\"422\" srcset=\"http:\/\/cronicasyversiones.com\/wp-content\/uploads\/2018\/03\/charly-garcia.jpg 640w, http:\/\/cronicasyversiones.com\/wp-content\/uploads\/2018\/03\/charly-garcia-300x168.jpg 300w\" sizes=\"auto, (max-width: 755px) 100vw, 755px\" \/><\/p>\n<p><strong>Charly Garc\u00eda, Jo\u00e3o Gilberto, Juanes, Chucho Valdez, Marco Antonio Sol\u00eds, Gloria Trevi, Willy Col\u00f3n y Joan Manuel Serrat<\/strong> est\u00e1n entre los nominados al <strong>Sal\u00f3n de la Fama de los Compositores Latinos<\/strong> para el 2018.<\/p>\n<p>Los 24 autores y cantautores de la lista, revelada por la junta directiva del<strong> Sal\u00f3n de la Fama de los Compositores Latinos,<\/strong> representa una variedad de g\u00e9neros musicales y pa\u00edses latinoamericanos.<\/p>\n<p>Tambi\u00e9n incluyen a <strong>Horacio Salinas, Vico C, Rub\u00e9n Rada y Oscar D&#8217;Le\u00f3n<\/strong>, entre otros. Los seis que m\u00e1s votos obtengan ser\u00e1n incorporados al sal\u00f3n durante la sexta entrega anual de los <strong>Premios La Musa<\/strong>, que se realizar\u00e1 el 18 de octubre en Miami.<\/p>\n<p><em><strong>LEA TAMBI\u00c9N:\u00a0<\/strong><\/em><\/p>\n<div class=\"video-container\">\n<blockquote class=\"wp-embedded-content\" data-secret=\"rwyo9Ivsvb\"><p><a href=\"https:\/\/cronicasyversiones.com\/?p=18547\">Un libro recorre los conciertos de Charly Garc\u00eda<\/a><\/p><\/blockquote>\n<p><iframe loading=\"lazy\" class=\"wp-embedded-content\" sandbox=\"allow-scripts\" security=\"restricted\" style=\"position: absolute; clip: rect(1px, 1px, 1px, 1px);\" title=\"\u00abUn libro recorre los conciertos de Charly Garc\u00eda\u00bb \u2014    \" src=\"https:\/\/cronicasyversiones.com\/?p=18547&#038;embed=true#?secret=Z9pMppAnci#?secret=rwyo9Ivsvb\" data-secret=\"rwyo9Ivsvb\" width=\"600\" height=\"338\" frameborder=\"0\" marginwidth=\"0\" marginheight=\"0\" scrolling=\"no\"><\/iframe><\/div>\n<p>Los ganadores se dar\u00e1n a conocer el 1 de mayo y los fans podr\u00e1n votar por sus favoritos desde el lunes hasta la medianoche del 15 de abril registr\u00e1ndose gratuitamente como miembros del sal\u00f3n en el sitio <em>http:\/\/www.latinsonghall.com\/<\/em><\/p>\n<p>El <strong>Sal\u00f3n de la Fama<\/strong> honra y celebra la vida y la m\u00fasica de los compositores m\u00e1s destacados de la industria de la m\u00fasica latina y busca inspirar a nuevas generaciones de artistas a trav\u00e9s de clases magistrales, talleres, becas e iniciativas digitales.<\/p>\n<div style=\"padding-bottom:20px; padding-top:10px;\" class=\"hupso-share-buttons\"><!-- Hupso Share Buttons - https:\/\/www.hupso.com\/share\/ --><a class=\"hupso_counters\" href=\"https:\/\/www.hupso.com\/share\/\"><img decoding=\"async\" src=\"http:\/\/static.hupso.com\/share\/buttons\/lang\/es\/share-small.png\" style=\"border:0px; padding-top:2px; float:left;\" alt=\"Share Button\"\/><\/a><script type=\"text\/javascript\">var hupso_services_c=new Array(\"twitter\",\"facebook_like\",\"google\");var hupso_counters_lang = \"es_LA\";var hupso_image_folder_url = \"\";var hupso_twitter_via=\"crsyvrs\";var hupso_url_c=\"\";<\/script><script type=\"text\/javascript\" src=\"http:\/\/static.hupso.com\/share\/js\/counters.js\"><\/script><!-- Hupso Share Buttons --><\/div> ","protected":false},"excerpt":{"rendered":"<div style=\"padding-bottom:20px; padding-top:10px;\" class=\"hupso-share-buttons\"><!-- Hupso Share Buttons - https:\/\/www.hupso.com\/share\/ --><a class=\"hupso_counters\" href=\"https:\/\/www.hupso.com\/share\/\"><img src=\"http:\/\/static.hupso.com\/share\/buttons\/lang\/es\/share-small.png\" style=\"border:0px; padding-top:2px; float:left;\" alt=\"Share Button\"\/><\/a><script type=\"text\/javascript\">var hupso_services_c=new Array(\"twitter\",\"facebook_like\",\"google\");var hupso_counters_lang = \"es_LA\";var hupso_image_folder_url = \"\";var hupso_twitter_via=\"crsyvrs\";var hupso_url_c=\"\";<\/script><script type=\"text\/javascript\" src=\"http:\/\/static.hupso.com\/share\/js\/counters.js\"><\/script><!-- Hupso Share Buttons --><\/div><p>El Bicolor integra la lista junto a Jo\u00e3o Gilberto, Juanes, Chucho Valdez, Marco Antonio Sol\u00eds, Gloria Trevi, Willy Col\u00f3n y Joan Manuel Serrat, entre otros. Charly Garc\u00eda, Jo\u00e3o Gilberto, Juanes, Chucho Valdez, Marco Antonio Sol\u00eds, Gloria Trevi, Willy Col\u00f3n&#46;&#46;&#46;<\/p>\n<div style=\"padding-bottom:20px; padding-top:10px;\" class=\"hupso-share-buttons\"><!-- Hupso Share Buttons - https:\/\/www.hupso.com\/share\/ --><a class=\"hupso_counters\" href=\"https:\/\/www.hupso.com\/share\/\"><img src=\"http:\/\/static.hupso.com\/share\/buttons\/lang\/es\/share-small.png\" style=\"border:0px; padding-top:2px; float:left;\" alt=\"Share Button\"\/><\/a><script type=\"text\/javascript\">var hupso_services_c=new Array(\"twitter\",\"facebook_like\",\"google\");var hupso_counters_lang = \"es_LA\";var hupso_image_folder_url = \"\";var hupso_twitter_via=\"crsyvrs\";var hupso_url_c=\"\";<\/script><script type=\"text\/javascript\" src=\"http:\/\/static.hupso.com\/share\/js\/counters.js\"><\/script><!-- Hupso Share Buttons --><\/div>","protected":false},"author":5,"featured_media":18745,"comment_status":"open","ping_status":"closed","sticky":false,"template":"","format":"standard","meta":{"footnotes":""},"categories":[3],"tags":[126],"class_list":["post-18744","post","type-post","status-publish","format-standard","has-post-thumbnail","hentry","category-musica","tag-charly-garcia"],"_links":{"self":[{"href":"http:\/\/cronicasyversiones.com\/index.php?rest_route=\/wp\/v2\/posts\/18744","targetHints":{"allow":["GET"]}}],"collection":[{"href":"http:\/\/cronicasyversiones.com\/index.php?rest_route=\/wp\/v2\/posts"}],"about":[{"href":"http:\/\/cronicasyversiones.com\/index.php?rest_route=\/wp\/v2\/types\/post"}],"author":[{"embeddable":true,"href":"http:\/\/cronicasyversiones.com\/index.php?rest_route=\/wp\/v2\/users\/5"}],"replies":[{"embeddable":true,"href":"http:\/\/cronicasyversiones.com\/index.php?rest_route=%2Fwp%2Fv2%2Fcomments&post=18744"}],"version-history":[{"count":0,"href":"http:\/\/cronicasyversiones.com\/index.php?rest_route=\/wp\/v2\/posts\/18744\/revisions"}],"wp:featuredmedia":[{"embeddable":true,"href":"http:\/\/cronicasyversiones.com\/index.php?rest_route=\/wp\/v2\/media\/18745"}],"wp:attachment":[{"href":"http:\/\/cronicasyversiones.com\/index.php?rest_route=%2Fwp%2Fv2%2Fmedia&parent=18744"}],"wp:term":[{"taxonomy":"category","embeddable":true,"href":"http:\/\/cronicasyversiones.com\/index.php?rest_route=%2Fwp%2Fv2%2Fcategories&post=18744"},{"taxonomy":"post_tag","embeddable":true,"href":"http:\/\/cronicasyversiones.com\/index.php?rest_route=%2Fwp%2Fv2%2Ftags&post=18744"}],"curies":[{"name":"wp","href":"https:\/\/api.w.org\/{rel}","templated":true}]}}