{"id":18802,"date":"2018-03-27T13:51:46","date_gmt":"2018-03-27T16:51:46","guid":{"rendered":"http:\/\/cronicasyversiones.com\/?p=18802"},"modified":"2018-03-27T13:51:59","modified_gmt":"2018-03-27T16:51:59","slug":"arranca-la-tercera-temporada-de-the-magicians","status":"publish","type":"post","link":"http:\/\/cronicasyversiones.com\/?p=18802","title":{"rendered":"Arranca la tercera temporada de \u201cThe Magicians\u201d"},"content":{"rendered":"<div style=\"padding-bottom:20px; padding-top:10px;\" class=\"hupso-share-buttons\"><!-- Hupso Share Buttons - https:\/\/www.hupso.com\/share\/ --><a class=\"hupso_counters\" href=\"https:\/\/www.hupso.com\/share\/\"><img decoding=\"async\" src=\"http:\/\/static.hupso.com\/share\/buttons\/lang\/es\/share-small.png\" style=\"border:0px; padding-top:2px; float:left;\" alt=\"Share Button\"\/><\/a><script type=\"text\/javascript\">var hupso_services_c=new Array(\"twitter\",\"facebook_like\",\"google\");var hupso_counters_lang = \"es_LA\";var hupso_image_folder_url = \"\";var hupso_twitter_via=\"crsyvrs\";var hupso_url_c=\"\";<\/script><script type=\"text\/javascript\" src=\"http:\/\/static.hupso.com\/share\/js\/counters.js\"><\/script><!-- Hupso Share Buttons --><\/div><h2>Sify pone en pantalla los nuevos episodios de esta serie basada en la exitosa trilog\u00eda de novelas del mismo nombre, obra de Lev Grossman.<\/h2>\n<p><img loading=\"lazy\" decoding=\"async\" class=\"wp-image-18803 aligncenter\" src=\"http:\/\/cronicasyversiones.com\/wp-content\/uploads\/2018\/03\/magi.jpg\" alt=\"\" width=\"751\" height=\"423\" srcset=\"http:\/\/cronicasyversiones.com\/wp-content\/uploads\/2018\/03\/magi.jpg 600w, http:\/\/cronicasyversiones.com\/wp-content\/uploads\/2018\/03\/magi-300x169.jpg 300w\" sizes=\"auto, (max-width: 751px) 100vw, 751px\" \/><\/p>\n<p>El martes 3 de abril a las 23, <strong>Syfy<\/strong> estrena la tercera temporada de<em><strong> \u201cThe Magicians\u201d,<\/strong><\/em> la serie basada en la exitosa trilog\u00eda de novelas del mismo nombre, obra de <strong>Lev Grossman,<\/strong> se centra en el personaje de Quentin Coldwater (Jason Ralph).<\/p>\n<p>\u00c9l, junto a sus compa\u00f1eros, descubre sus habilidades m\u00e1gicas en la Universidad de Brakebills, una instituci\u00f3n secreta especializada en magia.<\/p>\n<p>De todos modos, a lo largo del aprendizaje, comprender\u00e1n que las historias sobre las que leyeron de ni\u00f1os son demasiado reales y, sin darse cuenta, el poder de la magia adquirir\u00e1 fuerte dimensi\u00f3n en sus vidas.<\/p>\n<p>Al comienzo de la tercera temporada, la magia se extinguir\u00e1 tras haber sido interrumpida y dejar\u00e1 de fluir hacia el mundo de <strong>Quentin y el de Fillory. <\/strong><\/p>\n<p>Julia Wicker (Stella Maeve) demostrar\u00e1 su habilidad para continuar generando algunas chispas, demostrando que la magia podr\u00eda regresar. Quentin y sus amigos se embarcar\u00e1n en una b\u00fasqueda \u00e9pica para traerla de vuelta.\u00c9N:<\/p>\n<p><em><strong>LEA TAMBI\u00c9N:\u00a0<\/strong><\/em><\/p>\n<div class=\"video-container\">\n<blockquote class=\"wp-embedded-content\" data-secret=\"UdXs4i01FH\"><p><a href=\"https:\/\/cronicasyversiones.com\/?p=18439\">Universal Channel estrena la segunda temporada de \u201cLucifer\u201d<\/a><\/p><\/blockquote>\n<p><iframe loading=\"lazy\" class=\"wp-embedded-content\" sandbox=\"allow-scripts\" security=\"restricted\" style=\"position: absolute; clip: rect(1px, 1px, 1px, 1px);\" title=\"\u00abUniversal Channel estrena la segunda temporada de \u201cLucifer\u201d\u00bb \u2014    \" src=\"https:\/\/cronicasyversiones.com\/?p=18439&#038;embed=true#?secret=FOXOeh1xks#?secret=UdXs4i01FH\" data-secret=\"UdXs4i01FH\" width=\"600\" height=\"338\" frameborder=\"0\" marginwidth=\"0\" marginheight=\"0\" scrolling=\"no\"><\/iframe><\/div>\n<p>Al mismo tiempo, los protagonistas emprender\u00e1n <strong>una misi\u00f3n para salvar la Tierra<\/strong> inconsciente de la destrucci\u00f3n causada por ciertas fuerzas que estuvieron \u00a0acech\u00e1ndola detr\u00e1s de una cortina de ilusi\u00f3n a lo largo del tiempo.<\/p>\n<p>El problema es que la gente com\u00fan no tiene noci\u00f3n de lo cerca que est\u00e1n de convertirse en una especie extinta, raz\u00f3n por la cual los protagonistas deber\u00e1n intervenir para salvar a la raza humana.<\/p>\n<p>&nbsp;<\/p>\n<div style=\"padding-bottom:20px; padding-top:10px;\" class=\"hupso-share-buttons\"><!-- Hupso Share Buttons - https:\/\/www.hupso.com\/share\/ --><a class=\"hupso_counters\" href=\"https:\/\/www.hupso.com\/share\/\"><img decoding=\"async\" src=\"http:\/\/static.hupso.com\/share\/buttons\/lang\/es\/share-small.png\" style=\"border:0px; padding-top:2px; float:left;\" alt=\"Share Button\"\/><\/a><script type=\"text\/javascript\">var hupso_services_c=new Array(\"twitter\",\"facebook_like\",\"google\");var hupso_counters_lang = \"es_LA\";var hupso_image_folder_url = \"\";var hupso_twitter_via=\"crsyvrs\";var hupso_url_c=\"\";<\/script><script type=\"text\/javascript\" src=\"http:\/\/static.hupso.com\/share\/js\/counters.js\"><\/script><!-- Hupso Share Buttons --><\/div> ","protected":false},"excerpt":{"rendered":"<div style=\"padding-bottom:20px; padding-top:10px;\" class=\"hupso-share-buttons\"><!-- Hupso Share Buttons - https:\/\/www.hupso.com\/share\/ --><a class=\"hupso_counters\" href=\"https:\/\/www.hupso.com\/share\/\"><img src=\"http:\/\/static.hupso.com\/share\/buttons\/lang\/es\/share-small.png\" style=\"border:0px; padding-top:2px; float:left;\" alt=\"Share Button\"\/><\/a><script type=\"text\/javascript\">var hupso_services_c=new Array(\"twitter\",\"facebook_like\",\"google\");var hupso_counters_lang = \"es_LA\";var hupso_image_folder_url = \"\";var hupso_twitter_via=\"crsyvrs\";var hupso_url_c=\"\";<\/script><script type=\"text\/javascript\" src=\"http:\/\/static.hupso.com\/share\/js\/counters.js\"><\/script><!-- Hupso Share Buttons --><\/div><p>Sify pone en pantalla los nuevos episodios de esta serie basada en la exitosa trilog\u00eda de novelas del mismo nombre, obra de Lev Grossman. El martes 3 de abril a las 23, Syfy estrena la tercera temporada de \u201cThe&#46;&#46;&#46;<\/p>\n<div style=\"padding-bottom:20px; padding-top:10px;\" class=\"hupso-share-buttons\"><!-- Hupso Share Buttons - https:\/\/www.hupso.com\/share\/ --><a class=\"hupso_counters\" href=\"https:\/\/www.hupso.com\/share\/\"><img src=\"http:\/\/static.hupso.com\/share\/buttons\/lang\/es\/share-small.png\" style=\"border:0px; padding-top:2px; float:left;\" alt=\"Share Button\"\/><\/a><script type=\"text\/javascript\">var hupso_services_c=new Array(\"twitter\",\"facebook_like\",\"google\");var hupso_counters_lang = \"es_LA\";var hupso_image_folder_url = \"\";var hupso_twitter_via=\"crsyvrs\";var hupso_url_c=\"\";<\/script><script type=\"text\/javascript\" src=\"http:\/\/static.hupso.com\/share\/js\/counters.js\"><\/script><!-- Hupso Share Buttons --><\/div>","protected":false},"author":5,"featured_media":18803,"comment_status":"open","ping_status":"closed","sticky":false,"template":"","format":"standard","meta":{"footnotes":""},"categories":[6],"tags":[1865,7836],"class_list":["post-18802","post","type-post","status-publish","format-standard","has-post-thumbnail","hentry","category-radio-y-tv","tag-syfy","tag-the-magicians"],"_links":{"self":[{"href":"http:\/\/cronicasyversiones.com\/index.php?rest_route=\/wp\/v2\/posts\/18802","targetHints":{"allow":["GET"]}}],"collection":[{"href":"http:\/\/cronicasyversiones.com\/index.php?rest_route=\/wp\/v2\/posts"}],"about":[{"href":"http:\/\/cronicasyversiones.com\/index.php?rest_route=\/wp\/v2\/types\/post"}],"author":[{"embeddable":true,"href":"http:\/\/cronicasyversiones.com\/index.php?rest_route=\/wp\/v2\/users\/5"}],"replies":[{"embeddable":true,"href":"http:\/\/cronicasyversiones.com\/index.php?rest_route=%2Fwp%2Fv2%2Fcomments&post=18802"}],"version-history":[{"count":0,"href":"http:\/\/cronicasyversiones.com\/index.php?rest_route=\/wp\/v2\/posts\/18802\/revisions"}],"wp:featuredmedia":[{"embeddable":true,"href":"http:\/\/cronicasyversiones.com\/index.php?rest_route=\/wp\/v2\/media\/18803"}],"wp:attachment":[{"href":"http:\/\/cronicasyversiones.com\/index.php?rest_route=%2Fwp%2Fv2%2Fmedia&parent=18802"}],"wp:term":[{"taxonomy":"category","embeddable":true,"href":"http:\/\/cronicasyversiones.com\/index.php?rest_route=%2Fwp%2Fv2%2Fcategories&post=18802"},{"taxonomy":"post_tag","embeddable":true,"href":"http:\/\/cronicasyversiones.com\/index.php?rest_route=%2Fwp%2Fv2%2Ftags&post=18802"}],"curies":[{"name":"wp","href":"https:\/\/api.w.org\/{rel}","templated":true}]}}