{"id":18867,"date":"2018-04-04T09:39:42","date_gmt":"2018-04-04T12:39:42","guid":{"rendered":"http:\/\/cronicasyversiones.com\/?p=18867"},"modified":"2018-04-04T09:39:55","modified_gmt":"2018-04-04T12:39:55","slug":"arranca-el-ciclo-ellas-en-la-voz-con-un-homenaje-a-violeta-parra","status":"publish","type":"post","link":"http:\/\/cronicasyversiones.com\/?p=18867","title":{"rendered":"Arranca el ciclo \u201cEllas en la voz\u201d con un homenaje a Violeta Parra"},"content":{"rendered":"<div style=\"padding-bottom:20px; padding-top:10px;\" class=\"hupso-share-buttons\"><!-- Hupso Share Buttons - https:\/\/www.hupso.com\/share\/ --><a class=\"hupso_counters\" href=\"https:\/\/www.hupso.com\/share\/\"><img decoding=\"async\" src=\"http:\/\/static.hupso.com\/share\/buttons\/lang\/es\/share-small.png\" style=\"border:0px; padding-top:2px; float:left;\" alt=\"Share Button\"\/><\/a><script type=\"text\/javascript\">var hupso_services_c=new Array(\"twitter\",\"facebook_like\",\"google\");var hupso_counters_lang = \"es_LA\";var hupso_image_folder_url = \"\";var hupso_twitter_via=\"crsyvrs\";var hupso_url_c=\"\";<\/script><script type=\"text\/javascript\" src=\"http:\/\/static.hupso.com\/share\/js\/counters.js\"><\/script><!-- Hupso Share Buttons --><\/div><div>\n<h2 class=\"x_MsoNormal\">El primero de los cuatro conciertos se centrar\u00e1 en la artista chilena contar\u00e1 con Chiqui Ledesma, Dorita Ch\u00e1vez, Carla Giannini, Paula Ferr\u00e9 y Norma Peralta.<\/h2>\n<p><img loading=\"lazy\" decoding=\"async\" class=\"wp-image-18868 aligncenter\" src=\"http:\/\/cronicasyversiones.com\/wp-content\/uploads\/2018\/04\/todas-1024x682.jpg\" alt=\"\" width=\"752\" height=\"501\" srcset=\"http:\/\/cronicasyversiones.com\/wp-content\/uploads\/2018\/04\/todas-1024x682.jpg 1024w, http:\/\/cronicasyversiones.com\/wp-content\/uploads\/2018\/04\/todas-300x200.jpg 300w, http:\/\/cronicasyversiones.com\/wp-content\/uploads\/2018\/04\/todas-768x512.jpg 768w, http:\/\/cronicasyversiones.com\/wp-content\/uploads\/2018\/04\/todas-480x320.jpg 480w, http:\/\/cronicasyversiones.com\/wp-content\/uploads\/2018\/04\/todas.jpg 1280w\" sizes=\"auto, (max-width: 752px) 100vw, 752px\" \/><\/p>\n<p class=\"x_MsoNormal\">El ciclo <em><strong>\u201cEllas en la voz\u201d<\/strong><\/em> tendr\u00e1 cuatro conciertos que recorrer\u00e1n destacadas obras del repertorio folcl\u00f3rico y la m\u00fasica latinoamericana y comenzar\u00e1 con un homenaje a <strong>Violeta Parra.<\/strong><\/p>\n<p class=\"x_MsoNormal\">Este encuentro ser\u00e1 para\u00a0\u00a0reconocer,\u00a0\u00a0redescubrir,\u00a0\u00a0disfrutar y valorar el legado, la obra\u00a0\u00a0y la vigencia de esta gran compositora y folklorista\u00a0\u00a0chilena y crear as\u00ed\u00a0\u00a0un puente entre dos generaciones y dos culturas.<\/p>\n<p class=\"x_MsoNormal\">La cita ser\u00e1 el jueves 19 de abril a las 21 en el <strong>Teatro Monteviejo<\/strong>, ubicado en Lavalle 3177, en el barrio porte\u00f1o de Abasto.<\/p>\n<p class=\"x_MsoNormal\">All\u00ed un grupo de destacadas cantoras del folklore, integrado por <strong>Chiqui Ledesma, Dorita Ch\u00e1vez, Carla Giannini, Paula Ferr\u00e9 y Norma Peralta,<\/strong>\u00a0\u00a0presentar\u00e1n en vivo el disco <em><strong>\u201cDespu\u00e9s de vivir un siglo, Argentina celebra a Violeta Parra\u201d.<\/strong><\/em><\/p>\n<p class=\"x_MsoNormal\">Se abordar\u00e1 en el show nuevas versiones de cada canci\u00f3n del disco y ser\u00e1 por ello una valiosa manera de honrar la obra de la cantautora, junto a <strong>Osvaldo Burucu\u00e1<\/strong> en guitarra, <strong>Jos\u00e9 Bal\u00e9<\/strong> en percusi\u00f3n y m\u00fasicos invitados.<\/p>\n<p class=\"x_MsoNormal\">\u201c<strong>Para m\u00ed fue una revelaci\u00f3n extraordinaria<\/strong>, me hizo cambiar la direcci\u00f3n del barco en el que estaba embarcada. Me sigue dando vuelta la cabeza, su repertorio era extraordinario\u201d, le comenta a <strong>Norma Peralta<\/strong>, una de las participantes del concierto, sobre lo represent\u00f3 toparse con la obra de<strong> Violeta Parra.<\/strong><\/p>\n<blockquote>\n<p class=\"x_MsoNormal\">\u201cMe gusta cantarla, comprenderla, yo la vivo a Violeta Parra cuando la canto. Era una gran artista, sab\u00eda hacer todo bien, lamento que haya partido tan r\u00e1pido\u201d, agrega la cantante en di\u00e1logo con Cr\u00f3nicas y versiones.<\/p>\n<\/blockquote>\n<p class=\"x_MsoNormal\">Para Norma, las composiciones de la chilena eran <strong>\u201cpoderosas y de lucha\u201d<\/strong> y la define como mujeres <strong>\u201cpulsuda\u201d<\/strong>, con su pulso firme.<\/p>\n<p><em><strong>LEA TAMBI\u00c9N:\u00a0<\/strong><\/em><\/p>\n<div class=\"video-container\">\n<blockquote class=\"wp-embedded-content\" data-secret=\"GqxRiAFuWI\"><p><a href=\"http:\/\/cronicasyversiones.com\/?p=18757\">Gordon Buenos Aires Cuarteto, conciertos para la primera infancia<\/a><\/p><\/blockquote>\n<p><iframe loading=\"lazy\" class=\"wp-embedded-content\" sandbox=\"allow-scripts\" security=\"restricted\" style=\"position: absolute; clip: rect(1px, 1px, 1px, 1px);\" title=\"\u00abGordon Buenos Aires Cuarteto, conciertos para la primera infancia\u00bb \u2014    \" src=\"http:\/\/cronicasyversiones.com\/?p=18757&#038;embed=true#?secret=po6yIFYuer#?secret=GqxRiAFuWI\" data-secret=\"GqxRiAFuWI\" width=\"600\" height=\"338\" frameborder=\"0\" marginwidth=\"0\" marginheight=\"0\" scrolling=\"no\"><\/iframe><\/div>\n<p>&nbsp;<\/p>\n<p class=\"x_MsoNormal\">\u201cViajaba en forma elemental, recopilando material en los pueblos profundos. Daba la vida en cada espect\u00e1culo\u201d, agrega sobre la labor antropol\u00f3gica y art\u00edstica de la chilena.<\/p>\n<p class=\"x_MsoNormal\">Entre otras composiciones de Violeta Parra, Norma Pelarta interpretar\u00e1 <em><strong>\u201cSe\u00f1oritas y se\u00f1oritas\u201d<\/strong><\/em> y <em><strong>\u201cArriba quemando el sol\u201d.<\/strong><\/em><\/p>\n<p class=\"x_MsoNormal\">Al margen de su admiraci\u00f3n por Violeta Parra, Norma Peralta canta desde hace 50 a\u00f1os y edit\u00f3 su primer disco en 1972. <a href=\"http:\/\/cronicasyversiones.com\/?p=18786\">Sus inicios en el folklore fueron junto a Miguel Abuelo, su hermano.<\/a><\/p>\n<blockquote>\n<p class=\"x_MsoNormal\">\u201cEmpezamos juntos empezando a hacer folklore y despu\u00e9s cada uno agarro su camino. Miguel manejaba una formaci\u00f3n muy amplia, Miguel era Miguel\u201d, recuerda.<\/p>\n<\/blockquote>\n<p class=\"x_MsoNormal\">A pesar de larga carrera, nunca le interesaron las luces de la fama. \u201cSiempre estuve cantando por todos lados, pero nunca me interes\u00f3 la fama, nunca busqu\u00e9 eso. Si Miguel no le hubiera importado la fama, estar\u00eda entre nosotros\u201d, cierra.<\/p>\n<h2><strong>Contin\u00faa el ciclo<\/strong><\/h2>\n<p class=\"x_MsoNormal\">El ciclo <em><strong>\u201cEllas en la voz\u201d<\/strong><\/em> continuar\u00e1 en el Teatro Monteviejo con <strong>Florencia D\u00e1valos<\/strong>, el jueves 17 de mayo,\u00a0\u00a0\u00a0y con <strong>Flor Bobadilla Oliva<\/strong>, el jueves 21 de junio.<\/p>\n<p class=\"x_MsoNormal\"><strong>Georgina Hassan<\/strong> cerrar el ciclo, en el mimo escenario de las anteriores presentaciones, el jueves 19 de julio.<\/p>\n<p class=\"x_MsoNormal\">\n<\/div>\n<p>&nbsp;<\/p>\n<p>&nbsp;<\/p>\n<div style=\"padding-bottom:20px; padding-top:10px;\" class=\"hupso-share-buttons\"><!-- Hupso Share Buttons - https:\/\/www.hupso.com\/share\/ --><a class=\"hupso_counters\" href=\"https:\/\/www.hupso.com\/share\/\"><img decoding=\"async\" src=\"http:\/\/static.hupso.com\/share\/buttons\/lang\/es\/share-small.png\" style=\"border:0px; padding-top:2px; float:left;\" alt=\"Share Button\"\/><\/a><script type=\"text\/javascript\">var hupso_services_c=new Array(\"twitter\",\"facebook_like\",\"google\");var hupso_counters_lang = \"es_LA\";var hupso_image_folder_url = \"\";var hupso_twitter_via=\"crsyvrs\";var hupso_url_c=\"\";<\/script><script type=\"text\/javascript\" src=\"http:\/\/static.hupso.com\/share\/js\/counters.js\"><\/script><!-- Hupso Share Buttons --><\/div> ","protected":false},"excerpt":{"rendered":"<div style=\"padding-bottom:20px; padding-top:10px;\" class=\"hupso-share-buttons\"><!-- Hupso Share Buttons - https:\/\/www.hupso.com\/share\/ --><a class=\"hupso_counters\" href=\"https:\/\/www.hupso.com\/share\/\"><img src=\"http:\/\/static.hupso.com\/share\/buttons\/lang\/es\/share-small.png\" style=\"border:0px; padding-top:2px; float:left;\" alt=\"Share Button\"\/><\/a><script type=\"text\/javascript\">var hupso_services_c=new Array(\"twitter\",\"facebook_like\",\"google\");var hupso_counters_lang = \"es_LA\";var hupso_image_folder_url = \"\";var hupso_twitter_via=\"crsyvrs\";var hupso_url_c=\"\";<\/script><script type=\"text\/javascript\" src=\"http:\/\/static.hupso.com\/share\/js\/counters.js\"><\/script><!-- Hupso Share Buttons --><\/div><p>El primero de los cuatro conciertos se centrar\u00e1 en la artista chilena contar\u00e1 con Chiqui Ledesma, Dorita Ch\u00e1vez, Carla Giannini, Paula Ferr\u00e9 y Norma Peralta. El ciclo \u201cEllas en la voz\u201d tendr\u00e1 cuatro conciertos que recorrer\u00e1n destacadas obras del&#46;&#46;&#46;<\/p>\n<div style=\"padding-bottom:20px; padding-top:10px;\" class=\"hupso-share-buttons\"><!-- Hupso Share Buttons - https:\/\/www.hupso.com\/share\/ --><a class=\"hupso_counters\" href=\"https:\/\/www.hupso.com\/share\/\"><img src=\"http:\/\/static.hupso.com\/share\/buttons\/lang\/es\/share-small.png\" style=\"border:0px; padding-top:2px; float:left;\" alt=\"Share Button\"\/><\/a><script type=\"text\/javascript\">var hupso_services_c=new Array(\"twitter\",\"facebook_like\",\"google\");var hupso_counters_lang = \"es_LA\";var hupso_image_folder_url = \"\";var hupso_twitter_via=\"crsyvrs\";var hupso_url_c=\"\";<\/script><script type=\"text\/javascript\" src=\"http:\/\/static.hupso.com\/share\/js\/counters.js\"><\/script><!-- Hupso Share Buttons --><\/div>","protected":false},"author":5,"featured_media":18868,"comment_status":"open","ping_status":"closed","sticky":false,"template":"","format":"standard","meta":{"footnotes":""},"categories":[3],"tags":[8731,8729,8730,8733,8732,4108],"class_list":["post-18867","post","type-post","status-publish","format-standard","has-post-thumbnail","hentry","category-musica","tag-carla-giannini","tag-chiqui-ledesma","tag-dorita-chavez","tag-norma-peralta","tag-paula-ferre","tag-violeta-parra"],"_links":{"self":[{"href":"http:\/\/cronicasyversiones.com\/index.php?rest_route=\/wp\/v2\/posts\/18867","targetHints":{"allow":["GET"]}}],"collection":[{"href":"http:\/\/cronicasyversiones.com\/index.php?rest_route=\/wp\/v2\/posts"}],"about":[{"href":"http:\/\/cronicasyversiones.com\/index.php?rest_route=\/wp\/v2\/types\/post"}],"author":[{"embeddable":true,"href":"http:\/\/cronicasyversiones.com\/index.php?rest_route=\/wp\/v2\/users\/5"}],"replies":[{"embeddable":true,"href":"http:\/\/cronicasyversiones.com\/index.php?rest_route=%2Fwp%2Fv2%2Fcomments&post=18867"}],"version-history":[{"count":0,"href":"http:\/\/cronicasyversiones.com\/index.php?rest_route=\/wp\/v2\/posts\/18867\/revisions"}],"wp:featuredmedia":[{"embeddable":true,"href":"http:\/\/cronicasyversiones.com\/index.php?rest_route=\/wp\/v2\/media\/18868"}],"wp:attachment":[{"href":"http:\/\/cronicasyversiones.com\/index.php?rest_route=%2Fwp%2Fv2%2Fmedia&parent=18867"}],"wp:term":[{"taxonomy":"category","embeddable":true,"href":"http:\/\/cronicasyversiones.com\/index.php?rest_route=%2Fwp%2Fv2%2Fcategories&post=18867"},{"taxonomy":"post_tag","embeddable":true,"href":"http:\/\/cronicasyversiones.com\/index.php?rest_route=%2Fwp%2Fv2%2Ftags&post=18867"}],"curies":[{"name":"wp","href":"https:\/\/api.w.org\/{rel}","templated":true}]}}