{"id":18876,"date":"2018-04-04T13:24:49","date_gmt":"2018-04-04T16:24:49","guid":{"rendered":"http:\/\/cronicasyversiones.com\/?p=18876"},"modified":"2018-04-04T13:24:49","modified_gmt":"2018-04-04T16:24:49","slug":"la-divina-comedia-de-dante-alighieri-llega-a-la-biblioteca-nacional","status":"publish","type":"post","link":"http:\/\/cronicasyversiones.com\/?p=18876","title":{"rendered":"\u201cLa Divina Comedia\u201d de Dante Alighieri llega a la Biblioteca Nacional"},"content":{"rendered":"<div style=\"padding-bottom:20px; padding-top:10px;\" class=\"hupso-share-buttons\"><!-- Hupso Share Buttons - https:\/\/www.hupso.com\/share\/ --><a class=\"hupso_counters\" href=\"https:\/\/www.hupso.com\/share\/\"><img decoding=\"async\" src=\"http:\/\/static.hupso.com\/share\/buttons\/lang\/es\/share-small.png\" style=\"border:0px; padding-top:2px; float:left;\" alt=\"Share Button\"\/><\/a><script type=\"text\/javascript\">var hupso_services_c=new Array(\"twitter\",\"facebook_like\",\"google\");var hupso_counters_lang = \"es_LA\";var hupso_image_folder_url = \"\";var hupso_twitter_via=\"crsyvrs\";var hupso_url_c=\"\";<\/script><script type=\"text\/javascript\" src=\"http:\/\/static.hupso.com\/share\/js\/counters.js\"><\/script><!-- Hupso Share Buttons --><\/div><h2>Entre otras actividades, se proyectar\u00e1 una pel\u00edcula y habr\u00e1 conferencias y exposiciones sobre que dejan de manifiesto la devoci\u00f3n de Jorge Luis Borges por esta obra.<\/h2>\n<p><img loading=\"lazy\" decoding=\"async\" class=\"size-full wp-image-18877 aligncenter\" src=\"http:\/\/cronicasyversiones.com\/wp-content\/uploads\/2018\/04\/dante.jpg\" alt=\"\" width=\"648\" height=\"480\" srcset=\"http:\/\/cronicasyversiones.com\/wp-content\/uploads\/2018\/04\/dante.jpg 648w, http:\/\/cronicasyversiones.com\/wp-content\/uploads\/2018\/04\/dante-300x222.jpg 300w\" sizes=\"auto, (max-width: 648px) 100vw, 648px\" \/><\/p>\n<p>La proyecci\u00f3n de una pel\u00edcula y conferencias sobre <strong><em>\u201cLa Divina Comedia\u201d<\/em><\/strong> se realizar\u00e1n el martes pr\u00f3ximo, 10 de abril, en la antigua sede de la <strong>Biblioteca Nacional<\/strong>, donde se expondr\u00e1n libros que dejan de manifiesto la devoci\u00f3n de <strong>Jorge Luis Borges<\/strong> por la obra de <strong>Dante Alighieri.<\/strong><\/p>\n<p>Desde enero pasado, se lleva a cabo la lectura met\u00f3dica de un canto por d\u00eda de la obra del poeta italiano y se comparten impresiones y debates colectivos por la red social Twitter con el hashtag <strong>#Dante2018.<\/strong><\/p>\n<p>Actualmente participan de la lectura personas de casi todos los pa\u00edses de habla hispana, de Brasil, Italia y Estados Unidos y para celebrar el \u00faltimo canto del Infierno se hicieron reuniones en varios lugares del mundo. Lo mismo ocurri\u00f3 al finalizar el<strong> Purgatorio.<\/strong><\/p>\n<p>Borges es, quiz\u00e1s, uno de los m\u00e1s c\u00e9lebres y devotos lectores de la obra de Alighieri y la Biblioteca Nacional es due\u00f1a de libros de la biblioteca personal del autor argentino con notas manuscritas que atestiguan esa devoci\u00f3n.<\/p>\n<p>Estos libros estar\u00e1n expuestos en la Sala Borges, en el primer piso del edificio de la calle <strong>M\u00e9xico 564<\/strong>, entre el 9 y el 13 de abril.<\/p>\n<p>Los visitantes podr\u00e1n escuchar, adem\u00e1s, la conferencia sobre <em><strong>\u00abLa Divina Comedia\u00bb<\/strong><\/em> que Borges dict\u00f3 en 1977 y que m\u00e1s tarde form\u00f3 parte del libro <em><strong>\u00abSiete noches\u00bb<\/strong><\/em> (1980).<\/p>\n<p>Esa misma semana, en el mismo horario, se exhibir\u00e1n en el hall de entrada trabajos de Marina Ceballos, Diego Cano, Sergio Ucedo, Leonardo Achilli y Esteban Serrano: cinco artistas que fueron ilustrando diariamente cada canto de la Comedia.<\/p>\n<p><em><strong>LEA TAMBI\u00c9N:\u00a0<\/strong><\/em><\/p>\n<div class=\"video-container\">\n<blockquote class=\"wp-embedded-content\" data-secret=\"tv5aJpu23b\"><p><a href=\"http:\/\/cronicasyversiones.com\/?p=18720\">Llega el Festival Internacional de Poes\u00eda de C\u00f3rdoba<\/a><\/p><\/blockquote>\n<p><iframe loading=\"lazy\" class=\"wp-embedded-content\" sandbox=\"allow-scripts\" security=\"restricted\" style=\"position: absolute; clip: rect(1px, 1px, 1px, 1px);\" title=\"\u00abLlega el Festival Internacional de Poes\u00eda de C\u00f3rdoba\u00bb \u2014    \" src=\"http:\/\/cronicasyversiones.com\/?p=18720&#038;embed=true#?secret=b9NjZPeBbQ#?secret=tv5aJpu23b\" data-secret=\"tv5aJpu23b\" width=\"600\" height=\"338\" frameborder=\"0\" marginwidth=\"0\" marginheight=\"0\" scrolling=\"no\"><\/iframe><\/div>\n<p>El martes 10 de abril, d\u00eda que corresponde a la lectura del \u00faltimo canto del Para\u00edso, en la sala Williams se proyectar\u00e1, a las 15, <em><strong>\u00abEl infierno de Dante\u00bb<\/strong><\/em>, la pel\u00edcula de 1911 de Giuseppe de Liguoro, Francesco Bertolini y Adolfo Padovan, que presentar\u00e1 el cineasta Santiago Garc\u00eda.<\/p>\n<p>A las 17, habr\u00e1 una conferencia a cargo de Pablo Williams, especialista en la obra de Dante Alighieri; a las 18, tendr\u00e1 lugar un di\u00e1logo con Jorge Aulicino, poeta y traductor de <em><strong>\u00abLa Divina Comedia\u00bb<\/strong><\/em>, y a las 19, una conferencia de Silvia Magnavacca, especialista en filosof\u00eda y literatura medievales.<\/p>\n<p>A las 20, en la sala Guastavino se podr\u00e1 disfrutar de un concierto para piano a cargo de Leandro Rodr\u00edguez J\u00e1uregui.<\/p>\n<p>Luego, a las 20.45, en la sala Alberto Williams, disertar\u00e1n el director de la Biblioteca, Alberto Manguel y Pablo Maurette; y la actividad finalizar\u00e1 a las 21.30 con el canto final de La Divina Comedia.<\/p>\n<div style=\"padding-bottom:20px; padding-top:10px;\" class=\"hupso-share-buttons\"><!-- Hupso Share Buttons - https:\/\/www.hupso.com\/share\/ --><a class=\"hupso_counters\" href=\"https:\/\/www.hupso.com\/share\/\"><img decoding=\"async\" src=\"http:\/\/static.hupso.com\/share\/buttons\/lang\/es\/share-small.png\" style=\"border:0px; padding-top:2px; float:left;\" alt=\"Share Button\"\/><\/a><script type=\"text\/javascript\">var hupso_services_c=new Array(\"twitter\",\"facebook_like\",\"google\");var hupso_counters_lang = \"es_LA\";var hupso_image_folder_url = \"\";var hupso_twitter_via=\"crsyvrs\";var hupso_url_c=\"\";<\/script><script type=\"text\/javascript\" src=\"http:\/\/static.hupso.com\/share\/js\/counters.js\"><\/script><!-- Hupso Share Buttons --><\/div> ","protected":false},"excerpt":{"rendered":"<div style=\"padding-bottom:20px; padding-top:10px;\" class=\"hupso-share-buttons\"><!-- Hupso Share Buttons - https:\/\/www.hupso.com\/share\/ --><a class=\"hupso_counters\" href=\"https:\/\/www.hupso.com\/share\/\"><img src=\"http:\/\/static.hupso.com\/share\/buttons\/lang\/es\/share-small.png\" style=\"border:0px; padding-top:2px; float:left;\" alt=\"Share Button\"\/><\/a><script type=\"text\/javascript\">var hupso_services_c=new Array(\"twitter\",\"facebook_like\",\"google\");var hupso_counters_lang = \"es_LA\";var hupso_image_folder_url = \"\";var hupso_twitter_via=\"crsyvrs\";var hupso_url_c=\"\";<\/script><script type=\"text\/javascript\" src=\"http:\/\/static.hupso.com\/share\/js\/counters.js\"><\/script><!-- Hupso Share Buttons --><\/div><p>Entre otras actividades, se proyectar\u00e1 una pel\u00edcula y habr\u00e1 conferencias y exposiciones sobre que dejan de manifiesto la devoci\u00f3n de Jorge Luis Borges por esta obra. La proyecci\u00f3n de una pel\u00edcula y conferencias sobre \u201cLa Divina Comedia\u201d se realizar\u00e1n&#46;&#46;&#46;<\/p>\n<div style=\"padding-bottom:20px; padding-top:10px;\" class=\"hupso-share-buttons\"><!-- Hupso Share Buttons - https:\/\/www.hupso.com\/share\/ --><a class=\"hupso_counters\" href=\"https:\/\/www.hupso.com\/share\/\"><img src=\"http:\/\/static.hupso.com\/share\/buttons\/lang\/es\/share-small.png\" style=\"border:0px; padding-top:2px; float:left;\" alt=\"Share Button\"\/><\/a><script type=\"text\/javascript\">var hupso_services_c=new Array(\"twitter\",\"facebook_like\",\"google\");var hupso_counters_lang = \"es_LA\";var hupso_image_folder_url = \"\";var hupso_twitter_via=\"crsyvrs\";var hupso_url_c=\"\";<\/script><script type=\"text\/javascript\" src=\"http:\/\/static.hupso.com\/share\/js\/counters.js\"><\/script><!-- Hupso Share Buttons --><\/div>","protected":false},"author":5,"featured_media":18877,"comment_status":"open","ping_status":"closed","sticky":false,"template":"","format":"standard","meta":{"footnotes":""},"categories":[7],"tags":[2046,3028],"class_list":["post-18876","post","type-post","status-publish","format-standard","has-post-thumbnail","hentry","category-literatura","tag-biblioteca-nacional","tag-dante-alighieri"],"_links":{"self":[{"href":"http:\/\/cronicasyversiones.com\/index.php?rest_route=\/wp\/v2\/posts\/18876","targetHints":{"allow":["GET"]}}],"collection":[{"href":"http:\/\/cronicasyversiones.com\/index.php?rest_route=\/wp\/v2\/posts"}],"about":[{"href":"http:\/\/cronicasyversiones.com\/index.php?rest_route=\/wp\/v2\/types\/post"}],"author":[{"embeddable":true,"href":"http:\/\/cronicasyversiones.com\/index.php?rest_route=\/wp\/v2\/users\/5"}],"replies":[{"embeddable":true,"href":"http:\/\/cronicasyversiones.com\/index.php?rest_route=%2Fwp%2Fv2%2Fcomments&post=18876"}],"version-history":[{"count":0,"href":"http:\/\/cronicasyversiones.com\/index.php?rest_route=\/wp\/v2\/posts\/18876\/revisions"}],"wp:featuredmedia":[{"embeddable":true,"href":"http:\/\/cronicasyversiones.com\/index.php?rest_route=\/wp\/v2\/media\/18877"}],"wp:attachment":[{"href":"http:\/\/cronicasyversiones.com\/index.php?rest_route=%2Fwp%2Fv2%2Fmedia&parent=18876"}],"wp:term":[{"taxonomy":"category","embeddable":true,"href":"http:\/\/cronicasyversiones.com\/index.php?rest_route=%2Fwp%2Fv2%2Fcategories&post=18876"},{"taxonomy":"post_tag","embeddable":true,"href":"http:\/\/cronicasyversiones.com\/index.php?rest_route=%2Fwp%2Fv2%2Ftags&post=18876"}],"curies":[{"name":"wp","href":"https:\/\/api.w.org\/{rel}","templated":true}]}}