{"id":18941,"date":"2018-04-11T00:01:18","date_gmt":"2018-04-11T03:01:18","guid":{"rendered":"http:\/\/cronicasyversiones.com\/?p=18941"},"modified":"2018-04-10T14:53:40","modified_gmt":"2018-04-10T17:53:40","slug":"the-cure-vuelve-a-grabar-un-disco-para-celebrar-sus-40-anos-de-vida","status":"publish","type":"post","link":"http:\/\/cronicasyversiones.com\/?p=18941","title":{"rendered":"The Cure vuelve a grabar un disco para celebrar sus 40 a\u00f1os de vida"},"content":{"rendered":"<div style=\"padding-bottom:20px; padding-top:10px;\" class=\"hupso-share-buttons\"><!-- Hupso Share Buttons - https:\/\/www.hupso.com\/share\/ --><a class=\"hupso_counters\" href=\"https:\/\/www.hupso.com\/share\/\"><img decoding=\"async\" src=\"http:\/\/static.hupso.com\/share\/buttons\/lang\/es\/share-small.png\" style=\"border:0px; padding-top:2px; float:left;\" alt=\"Share Button\"\/><\/a><script type=\"text\/javascript\">var hupso_services_c=new Array(\"twitter\",\"facebook_like\",\"google\");var hupso_counters_lang = \"es_LA\";var hupso_image_folder_url = \"\";var hupso_twitter_via=\"crsyvrs\";var hupso_url_c=\"\";<\/script><script type=\"text\/javascript\" src=\"http:\/\/static.hupso.com\/share\/js\/counters.js\"><\/script><!-- Hupso Share Buttons --><\/div><h2>Robert Smith anunci\u00f3 que volver\u00e1n a los estudios despu\u00e9s 11 a\u00f1os de silencio discogr\u00e1fico. Adem\u00e1s, har\u00e1n un megarrecital con viejos integrantes del grupo.<\/h2>\n<p><img loading=\"lazy\" decoding=\"async\" class=\"wp-image-18942 aligncenter\" src=\"http:\/\/cronicasyversiones.com\/wp-content\/uploads\/2018\/04\/thecure.jpg\" alt=\"\" width=\"720\" height=\"457\" srcset=\"http:\/\/cronicasyversiones.com\/wp-content\/uploads\/2018\/04\/thecure.jpg 920w, http:\/\/cronicasyversiones.com\/wp-content\/uploads\/2018\/04\/thecure-300x190.jpg 300w, http:\/\/cronicasyversiones.com\/wp-content\/uploads\/2018\/04\/thecure-768x488.jpg 768w\" sizes=\"auto, (max-width: 720px) 100vw, 720px\" \/><\/p>\n<p><strong>The Cure<\/strong> rent\u00f3 un estudio para grabar una serie de canciones, despu\u00e9s de 11 a\u00f1os sin editar material nuevo, mientras que la banda brit\u00e1nica se prepara para celebrar su 40 aniversario.<\/p>\n<p><strong>Robert Smith<\/strong>, l\u00edder de la banda, le anunci\u00f3 a la <strong>BBC<\/strong> que la banda decidi\u00f3 volver al estudio de grabaci\u00f3n en un mes para darle forma a nuevas canciones.<\/p>\n<blockquote><p>\u00abHa sido catalizador ser curador del festival Meltdown porque de repente me enamor\u00e9 con la idea de escribir nuevas canciones y alquil\u00e9 tiempo en un estudio para la banda\u201d, se\u00f1al\u00f3.<\/p><\/blockquote>\n<p>En este a\u00f1o, la banda celebrar\u00e1 su aniversario n\u00famero 40 con un megarrecital en el que los acompa\u00f1ar\u00edan otras formaciones, lo que se sum\u00f3 a la tarea encomendada a Smith de programar el <strong>Festival Meltdown<\/strong> de este 2018.<\/p>\n<p>A prop\u00f3sito al recital de cumplea\u00f1os, Smith dijo que \u00e9l mismo encabezar\u00e1 el evento y dar\u00e1 un show especial en compa\u00f1\u00eda de otros miembros de <strong>The Cure,<\/strong> pero se tratar\u00e1 de un set que consistir\u00e1 en interpretaciones de canciones del grupo con diversos cambios en la formaci\u00f3n.<\/p>\n<p><em><strong>LEA TAMBI\u00c9N:\u00a0<\/strong><\/em><\/p>\n<div class=\"video-container\">\n<blockquote class=\"wp-embedded-content\" data-secret=\"FCaQGd0BgT\"><p><a href=\"http:\/\/cronicasyversiones.com\/?p=18591\">Led Zeppelin lanza un nuevo single en vinilo<\/a><\/p><\/blockquote>\n<p><iframe loading=\"lazy\" class=\"wp-embedded-content\" sandbox=\"allow-scripts\" security=\"restricted\" style=\"position: absolute; clip: rect(1px, 1px, 1px, 1px);\" title=\"\u00abLed Zeppelin lanza un nuevo single en vinilo\u00bb \u2014    \" src=\"http:\/\/cronicasyversiones.com\/?p=18591&#038;embed=true#?secret=RNH7seAJgw#?secret=FCaQGd0BgT\" data-secret=\"FCaQGd0BgT\" width=\"600\" height=\"338\" frameborder=\"0\" marginwidth=\"0\" marginheight=\"0\" scrolling=\"no\"><\/iframe><\/div>\n<p>The Cure se form\u00f3 en form\u00f3 en 1976 en <strong>Crawley<\/strong>, Inglaterra, y en sus or\u00edgenes llamaban<strong> Easy Cure<\/strong>. En la formaci\u00f3n original ya estaba Robert Smith, como guitarra solista, y luego ser\u00eda el l\u00edder de la formaci\u00f3n y el \u00fanico fundador que sigui\u00f3 en el grupo.<\/p>\n<p>La carrera de la banda arranc\u00f3 a fines de los \u201970 y tuvieron una alta popularidad en las dos d\u00e9cadas siguientes. Luego, ya en el nuevo siglo, perdieron parte de la masividad obtenida, aunque siguen mantienen a millones de fieles seguidores en todo el mundo.<\/p>\n<p>Surgidos en el movimiento post punk, la banda se puso al frente del dark e hicieron escuela en el g\u00e9nero. Su estilo siempre surfe\u00f3 en el rock alternativo y tuvo cambios estil\u00edsticos al comp\u00e1s del recambio de integrantes.<\/p>\n<div style=\"padding-bottom:20px; padding-top:10px;\" class=\"hupso-share-buttons\"><!-- Hupso Share Buttons - https:\/\/www.hupso.com\/share\/ --><a class=\"hupso_counters\" href=\"https:\/\/www.hupso.com\/share\/\"><img decoding=\"async\" src=\"http:\/\/static.hupso.com\/share\/buttons\/lang\/es\/share-small.png\" style=\"border:0px; padding-top:2px; float:left;\" alt=\"Share Button\"\/><\/a><script type=\"text\/javascript\">var hupso_services_c=new Array(\"twitter\",\"facebook_like\",\"google\");var hupso_counters_lang = \"es_LA\";var hupso_image_folder_url = \"\";var hupso_twitter_via=\"crsyvrs\";var hupso_url_c=\"\";<\/script><script type=\"text\/javascript\" src=\"http:\/\/static.hupso.com\/share\/js\/counters.js\"><\/script><!-- Hupso Share Buttons --><\/div> ","protected":false},"excerpt":{"rendered":"<div style=\"padding-bottom:20px; padding-top:10px;\" class=\"hupso-share-buttons\"><!-- Hupso Share Buttons - https:\/\/www.hupso.com\/share\/ --><a class=\"hupso_counters\" href=\"https:\/\/www.hupso.com\/share\/\"><img src=\"http:\/\/static.hupso.com\/share\/buttons\/lang\/es\/share-small.png\" style=\"border:0px; padding-top:2px; float:left;\" alt=\"Share Button\"\/><\/a><script type=\"text\/javascript\">var hupso_services_c=new Array(\"twitter\",\"facebook_like\",\"google\");var hupso_counters_lang = \"es_LA\";var hupso_image_folder_url = \"\";var hupso_twitter_via=\"crsyvrs\";var hupso_url_c=\"\";<\/script><script type=\"text\/javascript\" src=\"http:\/\/static.hupso.com\/share\/js\/counters.js\"><\/script><!-- Hupso Share Buttons --><\/div><p>Robert Smith anunci\u00f3 que volver\u00e1n a los estudios despu\u00e9s 11 a\u00f1os de silencio discogr\u00e1fico. Adem\u00e1s, har\u00e1n un megarrecital con viejos integrantes del grupo. The Cure rent\u00f3 un estudio para grabar una serie de canciones, despu\u00e9s de 11 a\u00f1os sin&#46;&#46;&#46;<\/p>\n<div style=\"padding-bottom:20px; padding-top:10px;\" class=\"hupso-share-buttons\"><!-- Hupso Share Buttons - https:\/\/www.hupso.com\/share\/ --><a class=\"hupso_counters\" href=\"https:\/\/www.hupso.com\/share\/\"><img src=\"http:\/\/static.hupso.com\/share\/buttons\/lang\/es\/share-small.png\" style=\"border:0px; padding-top:2px; float:left;\" alt=\"Share Button\"\/><\/a><script type=\"text\/javascript\">var hupso_services_c=new Array(\"twitter\",\"facebook_like\",\"google\");var hupso_counters_lang = \"es_LA\";var hupso_image_folder_url = \"\";var hupso_twitter_via=\"crsyvrs\";var hupso_url_c=\"\";<\/script><script type=\"text\/javascript\" src=\"http:\/\/static.hupso.com\/share\/js\/counters.js\"><\/script><!-- Hupso Share Buttons --><\/div>","protected":false},"author":5,"featured_media":18942,"comment_status":"open","ping_status":"closed","sticky":false,"template":"","format":"standard","meta":{"footnotes":""},"categories":[3],"tags":[3325],"class_list":["post-18941","post","type-post","status-publish","format-standard","has-post-thumbnail","hentry","category-musica","tag-the-cure"],"_links":{"self":[{"href":"http:\/\/cronicasyversiones.com\/index.php?rest_route=\/wp\/v2\/posts\/18941","targetHints":{"allow":["GET"]}}],"collection":[{"href":"http:\/\/cronicasyversiones.com\/index.php?rest_route=\/wp\/v2\/posts"}],"about":[{"href":"http:\/\/cronicasyversiones.com\/index.php?rest_route=\/wp\/v2\/types\/post"}],"author":[{"embeddable":true,"href":"http:\/\/cronicasyversiones.com\/index.php?rest_route=\/wp\/v2\/users\/5"}],"replies":[{"embeddable":true,"href":"http:\/\/cronicasyversiones.com\/index.php?rest_route=%2Fwp%2Fv2%2Fcomments&post=18941"}],"version-history":[{"count":0,"href":"http:\/\/cronicasyversiones.com\/index.php?rest_route=\/wp\/v2\/posts\/18941\/revisions"}],"wp:featuredmedia":[{"embeddable":true,"href":"http:\/\/cronicasyversiones.com\/index.php?rest_route=\/wp\/v2\/media\/18942"}],"wp:attachment":[{"href":"http:\/\/cronicasyversiones.com\/index.php?rest_route=%2Fwp%2Fv2%2Fmedia&parent=18941"}],"wp:term":[{"taxonomy":"category","embeddable":true,"href":"http:\/\/cronicasyversiones.com\/index.php?rest_route=%2Fwp%2Fv2%2Fcategories&post=18941"},{"taxonomy":"post_tag","embeddable":true,"href":"http:\/\/cronicasyversiones.com\/index.php?rest_route=%2Fwp%2Fv2%2Ftags&post=18941"}],"curies":[{"name":"wp","href":"https:\/\/api.w.org\/{rel}","templated":true}]}}