{"id":18964,"date":"2018-04-13T00:02:25","date_gmt":"2018-04-13T03:02:25","guid":{"rendered":"http:\/\/cronicasyversiones.com\/?p=18964"},"modified":"2018-04-12T21:29:39","modified_gmt":"2018-04-13T00:29:39","slug":"carolina-peleritti-arranca-un-ciclo-en-velvet-club","status":"publish","type":"post","link":"http:\/\/cronicasyversiones.com\/?p=18964","title":{"rendered":"Carolina Peleritti  arranca un ciclo en Velvet Club"},"content":{"rendered":"<div style=\"padding-bottom:20px; padding-top:10px;\" class=\"hupso-share-buttons\"><!-- Hupso Share Buttons - https:\/\/www.hupso.com\/share\/ --><a class=\"hupso_counters\" href=\"https:\/\/www.hupso.com\/share\/\"><img decoding=\"async\" src=\"http:\/\/static.hupso.com\/share\/buttons\/lang\/es\/share-small.png\" style=\"border:0px; padding-top:2px; float:left;\" alt=\"Share Button\"\/><\/a><script type=\"text\/javascript\">var hupso_services_c=new Array(\"twitter\",\"facebook_like\",\"google\");var hupso_counters_lang = \"es_LA\";var hupso_image_folder_url = \"\";var hupso_twitter_via=\"crsyvrs\";var hupso_url_c=\"\";<\/script><script type=\"text\/javascript\" src=\"http:\/\/static.hupso.com\/share\/js\/counters.js\"><\/script><!-- Hupso Share Buttons --><\/div><h2>En un formato intimista, la cantante recorrer\u00e1 un repertorio de ra\u00edz folkl\u00f3rica junto al guitarrista Juan Pablo Ferreyra y\u00a0 con el percusionista Leandro Savel\u00f3n, como invitado.<\/h2>\n<p><img loading=\"lazy\" decoding=\"async\" class=\" wp-image-18965 aligncenter\" src=\"http:\/\/cronicasyversiones.com\/wp-content\/uploads\/2018\/04\/caro.jpg\" alt=\"\" width=\"750\" height=\"499\" srcset=\"http:\/\/cronicasyversiones.com\/wp-content\/uploads\/2018\/04\/caro.jpg 960w, http:\/\/cronicasyversiones.com\/wp-content\/uploads\/2018\/04\/caro-300x200.jpg 300w, http:\/\/cronicasyversiones.com\/wp-content\/uploads\/2018\/04\/caro-768x511.jpg 768w, http:\/\/cronicasyversiones.com\/wp-content\/uploads\/2018\/04\/caro-480x320.jpg 480w\" sizes=\"auto, (max-width: 750px) 100vw, 750px\" \/><\/p>\n<p><strong>Carolina Peleritti\u00a0<\/strong> se presenta en una faceta intimista, junto al guitarrista <strong>Juan Pablo Ferreyra<\/strong> y \u00a0con el percusionista <strong>Leandro Savel\u00f3n,<\/strong> como invitado, lo s\u00e1bados de abril a las 21.30, en <strong>Velvet Club<\/strong>, ubicado en Salta 755.<\/p>\n<p>Esta formaci\u00f3n remite a la expresi\u00f3n m\u00e1s despojada y genuina\u00a0<strong> en la b\u00fasqueda de ahondar en la ra\u00edz folkl\u00f3rica.<\/strong><\/p>\n<p>Este d\u00fao se conforma en 2017 y viene present\u00e1ndose en diferentes ciudades de nuestro pa\u00eds con un repertorio que abraza <strong>zambas, chacareras, cuecas, valses y tonadas,<\/strong> todas joyas encontradas en un\u00a0 valioso repertorio folkl\u00f3rico.<\/p>\n<p>El repertorio est\u00e1 \u00a0integrado por canciones de autores como <strong>Ra\u00fal Carnota, Peteco Carabajal, Moncho Mi\u00e9rez, Chango Rodr\u00edguez,<\/strong> Jorge Marziali, Francisco Martino, recopilaci\u00f3n de Don Alberto Rodr\u00edguez, Buenaventura Luna, Oscar Valles, Fernando Portal, Roberto Rold\u00e1n y Arsenio Aguirre, entre otros.<\/p>\n<p>Junto a la guitarra de Juan Pablo Ferreyra y al percusionista invitado, Leandro Savel\u00f3n, \u00a0Peleritti grab\u00f3 en vivo en el estudio, con la producci\u00f3n y direcci\u00f3n art\u00edstica de Max Tanghetto.<\/p>\n<blockquote><p>\u00abEstoy muy entusiasmada en este inicio de a\u00f1o, por entrar al estudio a grabar junto a los m\u00fasicos que me acompa\u00f1an y presentar el repertorio junto a esta formaci\u00f3n en el Ciclo de Velvet Club, con artistas invitados en cada fecha\u201d, dice Carolina.<\/p>\n<p><em><strong>LEA TAMBI\u00c9N: <\/strong><\/em><\/p><\/blockquote>\n<div class=\"video-container\">\n<blockquote class=\"wp-embedded-content\" data-secret=\"RKcu4dStVU\"><p><a href=\"http:\/\/cronicasyversiones.com\/?p=18867\">Arranca el ciclo \u201cEllas en la voz\u201d con un homenaje a Violeta Parra<\/a><\/p><\/blockquote>\n<p><iframe loading=\"lazy\" class=\"wp-embedded-content\" sandbox=\"allow-scripts\" security=\"restricted\" style=\"position: absolute; clip: rect(1px, 1px, 1px, 1px);\" title=\"\u00abArranca el ciclo \u201cEllas en la voz\u201d con un homenaje a Violeta Parra\u00bb \u2014    \" src=\"http:\/\/cronicasyversiones.com\/?p=18867&#038;embed=true#?secret=s02xa0vRQb#?secret=RKcu4dStVU\" data-secret=\"RKcu4dStVU\" width=\"600\" height=\"338\" frameborder=\"0\" marginwidth=\"0\" marginheight=\"0\" scrolling=\"no\"><\/iframe><\/div>\n<p>Esta artista debut\u00f3 en 2009 como cantante fue junto a <strong>Jaime Torres<\/strong> en el escenario del Tantanakuy en Jujuy. Al a\u00f1o siguiente, present\u00f3 el espect\u00e1culo <em><strong>\u201cLa jaula abierta\u201d<\/strong><\/em>, junto a Rita Cortese, Lidia Borda, Teresa Parodi y Dolores Sol\u00e1.<\/p>\n<p>Mientras que en 2013 realiz\u00f3 su primer show solista, <em><strong>\u201cMuy dentro de m\u00ed\u201d<\/strong><\/em>, acompa\u00f1ada por un\u00a0 tr\u00edo, con invitados como V\u00edctor Heredia, Melania P\u00e9rez y Jaime Torres.<\/p>\n<p>En 2015 form\u00f3 su primer quinteto: F. Carzzeda, J. Martinez, D. Moller, D. Tejeda, F. Villareal. Se presentaron en varios festivales y distintos escenarios de Buenos Aires y el interior del pa\u00eds. Premio Revelaci\u00f3n Festival de Baradero 2017.<\/p>\n<p>Ya en 2017, junto con Juan Pablo Ferreyra, arma un d\u00fao de guitarra y voz,\u00a0 sumando en la percusi\u00f3n a m\u00fasicos invitados.<\/p>\n<div style=\"padding-bottom:20px; padding-top:10px;\" class=\"hupso-share-buttons\"><!-- Hupso Share Buttons - https:\/\/www.hupso.com\/share\/ --><a class=\"hupso_counters\" href=\"https:\/\/www.hupso.com\/share\/\"><img decoding=\"async\" src=\"http:\/\/static.hupso.com\/share\/buttons\/lang\/es\/share-small.png\" style=\"border:0px; padding-top:2px; float:left;\" alt=\"Share Button\"\/><\/a><script type=\"text\/javascript\">var hupso_services_c=new Array(\"twitter\",\"facebook_like\",\"google\");var hupso_counters_lang = \"es_LA\";var hupso_image_folder_url = \"\";var hupso_twitter_via=\"crsyvrs\";var hupso_url_c=\"\";<\/script><script type=\"text\/javascript\" src=\"http:\/\/static.hupso.com\/share\/js\/counters.js\"><\/script><!-- Hupso Share Buttons --><\/div> ","protected":false},"excerpt":{"rendered":"<div style=\"padding-bottom:20px; padding-top:10px;\" class=\"hupso-share-buttons\"><!-- Hupso Share Buttons - https:\/\/www.hupso.com\/share\/ --><a class=\"hupso_counters\" href=\"https:\/\/www.hupso.com\/share\/\"><img src=\"http:\/\/static.hupso.com\/share\/buttons\/lang\/es\/share-small.png\" style=\"border:0px; padding-top:2px; float:left;\" alt=\"Share Button\"\/><\/a><script type=\"text\/javascript\">var hupso_services_c=new Array(\"twitter\",\"facebook_like\",\"google\");var hupso_counters_lang = \"es_LA\";var hupso_image_folder_url = \"\";var hupso_twitter_via=\"crsyvrs\";var hupso_url_c=\"\";<\/script><script type=\"text\/javascript\" src=\"http:\/\/static.hupso.com\/share\/js\/counters.js\"><\/script><!-- Hupso Share Buttons --><\/div><p>En un formato intimista, la cantante recorrer\u00e1 un repertorio de ra\u00edz folkl\u00f3rica junto al guitarrista Juan Pablo Ferreyra y\u00a0 con el percusionista Leandro Savel\u00f3n, como invitado. Carolina Peleritti\u00a0 se presenta en una faceta intimista, junto al guitarrista Juan Pablo&#46;&#46;&#46;<\/p>\n<div style=\"padding-bottom:20px; padding-top:10px;\" class=\"hupso-share-buttons\"><!-- Hupso Share Buttons - https:\/\/www.hupso.com\/share\/ --><a class=\"hupso_counters\" href=\"https:\/\/www.hupso.com\/share\/\"><img src=\"http:\/\/static.hupso.com\/share\/buttons\/lang\/es\/share-small.png\" style=\"border:0px; padding-top:2px; float:left;\" alt=\"Share Button\"\/><\/a><script type=\"text\/javascript\">var hupso_services_c=new Array(\"twitter\",\"facebook_like\",\"google\");var hupso_counters_lang = \"es_LA\";var hupso_image_folder_url = \"\";var hupso_twitter_via=\"crsyvrs\";var hupso_url_c=\"\";<\/script><script type=\"text\/javascript\" src=\"http:\/\/static.hupso.com\/share\/js\/counters.js\"><\/script><!-- Hupso Share Buttons --><\/div>","protected":false},"author":5,"featured_media":18965,"comment_status":"open","ping_status":"closed","sticky":false,"template":"","format":"standard","meta":{"footnotes":""},"categories":[3],"tags":[8759,1136],"class_list":["post-18964","post","type-post","status-publish","format-standard","has-post-thumbnail","hentry","category-musica","tag-carolina-peleritti","tag-folklore"],"_links":{"self":[{"href":"http:\/\/cronicasyversiones.com\/index.php?rest_route=\/wp\/v2\/posts\/18964","targetHints":{"allow":["GET"]}}],"collection":[{"href":"http:\/\/cronicasyversiones.com\/index.php?rest_route=\/wp\/v2\/posts"}],"about":[{"href":"http:\/\/cronicasyversiones.com\/index.php?rest_route=\/wp\/v2\/types\/post"}],"author":[{"embeddable":true,"href":"http:\/\/cronicasyversiones.com\/index.php?rest_route=\/wp\/v2\/users\/5"}],"replies":[{"embeddable":true,"href":"http:\/\/cronicasyversiones.com\/index.php?rest_route=%2Fwp%2Fv2%2Fcomments&post=18964"}],"version-history":[{"count":0,"href":"http:\/\/cronicasyversiones.com\/index.php?rest_route=\/wp\/v2\/posts\/18964\/revisions"}],"wp:featuredmedia":[{"embeddable":true,"href":"http:\/\/cronicasyversiones.com\/index.php?rest_route=\/wp\/v2\/media\/18965"}],"wp:attachment":[{"href":"http:\/\/cronicasyversiones.com\/index.php?rest_route=%2Fwp%2Fv2%2Fmedia&parent=18964"}],"wp:term":[{"taxonomy":"category","embeddable":true,"href":"http:\/\/cronicasyversiones.com\/index.php?rest_route=%2Fwp%2Fv2%2Fcategories&post=18964"},{"taxonomy":"post_tag","embeddable":true,"href":"http:\/\/cronicasyversiones.com\/index.php?rest_route=%2Fwp%2Fv2%2Ftags&post=18964"}],"curies":[{"name":"wp","href":"https:\/\/api.w.org\/{rel}","templated":true}]}}