{"id":19090,"date":"2018-04-25T08:25:20","date_gmt":"2018-04-25T11:25:20","guid":{"rendered":"http:\/\/cronicasyversiones.com\/?p=19090"},"modified":"2018-04-25T08:25:20","modified_gmt":"2018-04-25T11:25:20","slug":"arranca-la-muestra-europa-hoy-encuentro-de-cine-europeo","status":"publish","type":"post","link":"http:\/\/cronicasyversiones.com\/?p=19090","title":{"rendered":"Arranca la muestra \u201cEuropa Hoy, Encuentro de Cine Europeo\u201d"},"content":{"rendered":"<div style=\"padding-bottom:20px; padding-top:10px;\" class=\"hupso-share-buttons\"><!-- Hupso Share Buttons - https:\/\/www.hupso.com\/share\/ --><a class=\"hupso_counters\" href=\"https:\/\/www.hupso.com\/share\/\"><img decoding=\"async\" src=\"http:\/\/static.hupso.com\/share\/buttons\/lang\/es\/share-small.png\" style=\"border:0px; padding-top:2px; float:left;\" alt=\"Share Button\"\/><\/a><script type=\"text\/javascript\">var hupso_services_c=new Array(\"twitter\",\"facebook_like\",\"google\");var hupso_counters_lang = \"es_LA\";var hupso_image_folder_url = \"\";var hupso_twitter_via=\"crsyvrs\";var hupso_url_c=\"\";<\/script><script type=\"text\/javascript\" src=\"http:\/\/static.hupso.com\/share\/js\/counters.js\"><\/script><!-- Hupso Share Buttons --><\/div><h2 class=\"x_MsoNormal\">La cita tendr\u00e1 lugar del 2 al 8 de mayo en las sedes porte\u00f1as de la Alianza Francesa y el Instituto Italiano de Cultura con films de 13 pa\u00edses.<\/h2>\n<p><img loading=\"lazy\" decoding=\"async\" class=\"wp-image-19091 aligncenter\" src=\"http:\/\/cronicasyversiones.com\/wp-content\/uploads\/2018\/04\/cine.jpg\" alt=\"\" width=\"751\" height=\"490\" srcset=\"http:\/\/cronicasyversiones.com\/wp-content\/uploads\/2018\/04\/cine.jpg 810w, http:\/\/cronicasyversiones.com\/wp-content\/uploads\/2018\/04\/cine-300x196.jpg 300w, http:\/\/cronicasyversiones.com\/wp-content\/uploads\/2018\/04\/cine-768x501.jpg 768w\" sizes=\"auto, (max-width: 751px) 100vw, 751px\" \/><\/p>\n<p class=\"x_MsoNormal\">La XV edici\u00f3n de la muestra <em><strong>\u201cEuropa Hoy, Encuentro de Cine Europeo\u201d<\/strong><\/em> tendr\u00e1 lugar del 2 al 8 de mayo en las sedes porte\u00f1as de la<strong> Alianza Francesa y el Instituto Italiano de Cultura<\/strong>, con entrada gratuita.<\/p>\n<p class=\"x_MsoNormal\">El encuentro tendr\u00e1 la participaci\u00f3n de 11 largos y 12 cortometrajes de 13 pa\u00edses, como Alemania, Francia, Suecia y Eslovenia, entre otros.<\/p>\n<p class=\"x_MsoNormal\">El programa incluye la comedia alemana <em><strong>\u201cBienvenido a Alemania\u201d,<\/strong><\/em> de Simon Verhoeven, con Senta Berger; el documental austr\u00edaco<em><strong> \u00abLast Shelter\u201d<\/strong><\/em>, de Gerald Igor Hauzenberger; la comedia danesa <em><strong>\u00abLong Story Short\u00bb,<\/strong><\/em> de May el-Thouky; el drama esloveno <em><strong>\u00abIvan\u00bb<\/strong><\/em>, de Janez Nurger; la comedia espa\u00f1ola <em><strong>\u201cFelices 140\u201d,<\/strong><\/em> de Gracia Querejeta y la portuguesa<em><strong> \u00abJohn From: Descubriendo el amor\u00bb,<\/strong><\/em> de Jo\u00e3o Nicolau.<\/p>\n<p class=\"x_MsoNormal\">Continuar\u00e1 con la francesa <em><strong>\u00abTour de France\u00bb,<\/strong><\/em> de Djaidani Rachid, con Gerard Depardieu, el rapero Sadek y Louise Grinberg; el documental italiano<em><strong> \u00abFuocoammare<\/strong><\/em>\u00ab, de Gianfranco Rossi; el musical polaco <em><strong>\u201cBodo\u201d,<\/strong> <\/em>de Michal Kwieci?ski; la rumana <em><strong>\u201cFixeur\u201d,<\/strong><\/em> de Adrian Sitaru; y la sueca Difters, de Peter Gr\u00f6nlund.<\/p>\n<p><em><strong>LEA TAMBI\u00c9N:\u00a0<\/strong><\/em><\/p>\n<div class=\"video-container\">\n<blockquote class=\"wp-embedded-content\" data-secret=\"LaIf4rZLLY\"><p><a href=\"http:\/\/cronicasyversiones.com\/?p=18958\">\u201cEl \u00c1ngel\u201d, de Luis Ortega, compite en Cannes<\/a><\/p><\/blockquote>\n<p><iframe loading=\"lazy\" class=\"wp-embedded-content\" sandbox=\"allow-scripts\" security=\"restricted\" style=\"position: absolute; clip: rect(1px, 1px, 1px, 1px);\" title=\"\u00ab\u201cEl \u00c1ngel\u201d, de Luis Ortega, compite en Cannes\u00bb \u2014    \" src=\"http:\/\/cronicasyversiones.com\/?p=18958&#038;embed=true#?secret=OhPmaPrqpy#?secret=LaIf4rZLLY\" data-secret=\"LaIf4rZLLY\" width=\"600\" height=\"338\" frameborder=\"0\" marginwidth=\"0\" marginheight=\"0\" scrolling=\"no\"><\/iframe><\/div>\n<p class=\"x_MsoNormal\">Finalmente habr\u00e1 dos programas de<strong> cortometrajes<\/strong> uno con \u201cBaby Box\u201d, de Katariina Lillqvist, \u201cEscucha\u201d, de Hamy Ramezan y Rungano Nyoni, y \u201cPeque\u00f1os y torpes actos de cari\u00f1o\u201d, de Miia Tervo, as\u00ed como los nueve brit\u00e1nicos que componen la selecci\u00f3n titulada \u201cFlare Films\u00bb,\u00a0\u00a0del British Film Institute (BFI).<\/p>\n<p class=\"x_MsoNormal\">Las funciones en la ciudad de Buenos Aires tendr\u00e1n lugar en el auditorio de la Alianza Francesa, C\u00f3rdoba 946, y el Instituto Italiano de Cultura, Marcelo Torcuato de Alvear 1119, con entrada gratuita.<\/p>\n<p class=\"x_MsoNormal\">\n<div style=\"padding-bottom:20px; padding-top:10px;\" class=\"hupso-share-buttons\"><!-- Hupso Share Buttons - https:\/\/www.hupso.com\/share\/ --><a class=\"hupso_counters\" href=\"https:\/\/www.hupso.com\/share\/\"><img decoding=\"async\" src=\"http:\/\/static.hupso.com\/share\/buttons\/lang\/es\/share-small.png\" style=\"border:0px; padding-top:2px; float:left;\" alt=\"Share Button\"\/><\/a><script type=\"text\/javascript\">var hupso_services_c=new Array(\"twitter\",\"facebook_like\",\"google\");var hupso_counters_lang = \"es_LA\";var hupso_image_folder_url = \"\";var hupso_twitter_via=\"crsyvrs\";var hupso_url_c=\"\";<\/script><script type=\"text\/javascript\" src=\"http:\/\/static.hupso.com\/share\/js\/counters.js\"><\/script><!-- Hupso Share Buttons --><\/div> ","protected":false},"excerpt":{"rendered":"<div style=\"padding-bottom:20px; padding-top:10px;\" class=\"hupso-share-buttons\"><!-- Hupso Share Buttons - https:\/\/www.hupso.com\/share\/ --><a class=\"hupso_counters\" href=\"https:\/\/www.hupso.com\/share\/\"><img src=\"http:\/\/static.hupso.com\/share\/buttons\/lang\/es\/share-small.png\" style=\"border:0px; padding-top:2px; float:left;\" alt=\"Share Button\"\/><\/a><script type=\"text\/javascript\">var hupso_services_c=new Array(\"twitter\",\"facebook_like\",\"google\");var hupso_counters_lang = \"es_LA\";var hupso_image_folder_url = \"\";var hupso_twitter_via=\"crsyvrs\";var hupso_url_c=\"\";<\/script><script type=\"text\/javascript\" src=\"http:\/\/static.hupso.com\/share\/js\/counters.js\"><\/script><!-- Hupso Share Buttons --><\/div><p>La cita tendr\u00e1 lugar del 2 al 8 de mayo en las sedes porte\u00f1as de la Alianza Francesa y el Instituto Italiano de Cultura con films de 13 pa\u00edses. La XV edici\u00f3n de la muestra \u201cEuropa Hoy, Encuentro de&#46;&#46;&#46;<\/p>\n<div style=\"padding-bottom:20px; padding-top:10px;\" class=\"hupso-share-buttons\"><!-- Hupso Share Buttons - https:\/\/www.hupso.com\/share\/ --><a class=\"hupso_counters\" href=\"https:\/\/www.hupso.com\/share\/\"><img src=\"http:\/\/static.hupso.com\/share\/buttons\/lang\/es\/share-small.png\" style=\"border:0px; padding-top:2px; float:left;\" alt=\"Share Button\"\/><\/a><script type=\"text\/javascript\">var hupso_services_c=new Array(\"twitter\",\"facebook_like\",\"google\");var hupso_counters_lang = \"es_LA\";var hupso_image_folder_url = \"\";var hupso_twitter_via=\"crsyvrs\";var hupso_url_c=\"\";<\/script><script type=\"text\/javascript\" src=\"http:\/\/static.hupso.com\/share\/js\/counters.js\"><\/script><!-- Hupso Share Buttons --><\/div>","protected":false},"author":5,"featured_media":19091,"comment_status":"open","ping_status":"closed","sticky":false,"template":"","format":"standard","meta":{"footnotes":""},"categories":[4],"tags":[4388],"class_list":["post-19090","post","type-post","status-publish","format-standard","has-post-thumbnail","hentry","category-cine","tag-alianza-francesa"],"_links":{"self":[{"href":"http:\/\/cronicasyversiones.com\/index.php?rest_route=\/wp\/v2\/posts\/19090","targetHints":{"allow":["GET"]}}],"collection":[{"href":"http:\/\/cronicasyversiones.com\/index.php?rest_route=\/wp\/v2\/posts"}],"about":[{"href":"http:\/\/cronicasyversiones.com\/index.php?rest_route=\/wp\/v2\/types\/post"}],"author":[{"embeddable":true,"href":"http:\/\/cronicasyversiones.com\/index.php?rest_route=\/wp\/v2\/users\/5"}],"replies":[{"embeddable":true,"href":"http:\/\/cronicasyversiones.com\/index.php?rest_route=%2Fwp%2Fv2%2Fcomments&post=19090"}],"version-history":[{"count":0,"href":"http:\/\/cronicasyversiones.com\/index.php?rest_route=\/wp\/v2\/posts\/19090\/revisions"}],"wp:featuredmedia":[{"embeddable":true,"href":"http:\/\/cronicasyversiones.com\/index.php?rest_route=\/wp\/v2\/media\/19091"}],"wp:attachment":[{"href":"http:\/\/cronicasyversiones.com\/index.php?rest_route=%2Fwp%2Fv2%2Fmedia&parent=19090"}],"wp:term":[{"taxonomy":"category","embeddable":true,"href":"http:\/\/cronicasyversiones.com\/index.php?rest_route=%2Fwp%2Fv2%2Fcategories&post=19090"},{"taxonomy":"post_tag","embeddable":true,"href":"http:\/\/cronicasyversiones.com\/index.php?rest_route=%2Fwp%2Fv2%2Ftags&post=19090"}],"curies":[{"name":"wp","href":"https:\/\/api.w.org\/{rel}","templated":true}]}}