{"id":19121,"date":"2018-04-27T00:06:23","date_gmt":"2018-04-27T03:06:23","guid":{"rendered":"http:\/\/cronicasyversiones.com\/?p=19121"},"modified":"2018-04-26T20:12:41","modified_gmt":"2018-04-26T23:12:41","slug":"van-morrison-edita-un-album-con-clasicos-del-blues-y-jazz","status":"publish","type":"post","link":"http:\/\/cronicasyversiones.com\/?p=19121","title":{"rendered":"Van Morrison edita un \u00e1lbum con cl\u00e1sicos del blues y jazz"},"content":{"rendered":"<div style=\"padding-bottom:20px; padding-top:10px;\" class=\"hupso-share-buttons\"><!-- Hupso Share Buttons - https:\/\/www.hupso.com\/share\/ --><a class=\"hupso_counters\" href=\"https:\/\/www.hupso.com\/share\/\"><img decoding=\"async\" src=\"http:\/\/static.hupso.com\/share\/buttons\/lang\/es\/share-small.png\" style=\"border:0px; padding-top:2px; float:left;\" alt=\"Share Button\"\/><\/a><script type=\"text\/javascript\">var hupso_services_c=new Array(\"twitter\",\"facebook_like\",\"google\");var hupso_counters_lang = \"es_LA\";var hupso_image_folder_url = \"\";var hupso_twitter_via=\"crsyvrs\";var hupso_url_c=\"\";<\/script><script type=\"text\/javascript\" src=\"http:\/\/static.hupso.com\/share\/js\/counters.js\"><\/script><!-- Hupso Share Buttons --><\/div><h2>El legendario irland\u00e9s lanz\u00f3 \u00abYou&#8217;re driving me crazy\u00bb, su tercer disco en s\u00f3lo siete\u00a0 meses, que incluye tambi\u00e9n sus temas m\u00e1s populares.<\/h2>\n<p><img loading=\"lazy\" decoding=\"async\" class=\" wp-image-19122 aligncenter\" src=\"http:\/\/cronicasyversiones.com\/wp-content\/uploads\/2018\/04\/VanMorrison_1.jpg\" alt=\"\" width=\"754\" height=\"501\" srcset=\"http:\/\/cronicasyversiones.com\/wp-content\/uploads\/2018\/04\/VanMorrison_1.jpg 775w, http:\/\/cronicasyversiones.com\/wp-content\/uploads\/2018\/04\/VanMorrison_1-300x199.jpg 300w, http:\/\/cronicasyversiones.com\/wp-content\/uploads\/2018\/04\/VanMorrison_1-768x510.jpg 768w, http:\/\/cronicasyversiones.com\/wp-content\/uploads\/2018\/04\/VanMorrison_1-480x320.jpg 480w\" sizes=\"auto, (max-width: 754px) 100vw, 754px\" \/><\/p>\n<p>El m\u00fasico irland\u00e9s <strong>Van Morrison<\/strong> edit\u00f3 <em><strong>\u00abYou&#8217;re driving me crazy\u00bb,<\/strong> <\/em>su tercer disco en s\u00f3lo siete \u00a0meses, con versiones de cl\u00e1sicos del blues, el jazz y reinterpretaciones de varias de sus m\u00e1s populares composiciones.<\/p>\n<p><strong><em>\u00abMiss Otis regrets\u00bb, \u00abEvery day I have the blues\u00bb<\/em><\/strong> y cl\u00e1sicos propios de los &#8217;60 como <em><strong>\u00abAll saints day\u00bb <\/strong><\/em>y<em><strong> \u00abHave I told you lately\u00bb<\/strong> <\/em>son algunas de las canciones que integran este disco.<\/p>\n<p>Este lanzamiento completa la trilog\u00eda integrada por los \u00e1lbumes <em><strong>\u00abRoll with the punches\u00bb <\/strong><\/em>y <em><strong>\u00abVersatile\u00bb.<\/strong><\/em><\/p>\n<p>El ex integrante de Them est\u00e1 acompa\u00f1ado en este disco por una numerosa banda encabezada por el organista y trompetista de jazz Joey DeFrancesco, antiguo colaborador de Miles Davis y John McLaughlin.<\/p>\n<p>De esta manera, el autor de<em><strong> \u00abGloria\u00bb<\/strong><\/em> contin\u00faa el camino iniciado por <strong>Bob Dylan,<\/strong> quien entre 2015 y 2017 lanz\u00f3 una serie de trabajos con versiones de cl\u00e1sicos de la m\u00fasica estadounidense.<\/p>\n<p><em><strong>LEA TAMBI\u00c9N:<\/strong> <\/em><\/p>\n<div class=\"video-container\">\n<blockquote class=\"wp-embedded-content\" data-secret=\"i1VQorqcrp\"><p><a href=\"http:\/\/cronicasyversiones.com\/?p=18941\">The Cure vuelve a grabar un disco para celebrar sus 40 a\u00f1os de vida<\/a><\/p><\/blockquote>\n<p><iframe loading=\"lazy\" class=\"wp-embedded-content\" sandbox=\"allow-scripts\" security=\"restricted\" style=\"position: absolute; clip: rect(1px, 1px, 1px, 1px);\" title=\"\u00abThe Cure vuelve a grabar un disco para celebrar sus 40 a\u00f1os de vida\u00bb \u2014    \" src=\"http:\/\/cronicasyversiones.com\/?p=18941&#038;embed=true#?secret=NYMbNDtGF7#?secret=i1VQorqcrp\" data-secret=\"i1VQorqcrp\" width=\"600\" height=\"338\" frameborder=\"0\" marginwidth=\"0\" marginheight=\"0\" scrolling=\"no\"><\/iframe><\/div>\n<p>Nacido en Irlanda en 1945 como <strong>George Ivan Morrison<\/strong>, est\u00e1 considerado como uno de los m\u00fasicos m\u00e1s influyentes de su generaci\u00f3n.<\/p>\n<p>Morrison comenz\u00f3 su carrera musical a finales de los \u201850 como saxofonista de The Monarchs antes de formar el grupo Them, con quien grab\u00f3 composiciones propias como<em><strong> \u201cGloria\u201d<\/strong><\/em>. Este tema fue popularizado en versiones de The Doors, The Shadows of Knight y Patti Smith, entre otros artistas.<\/p>\n<p>En su larga carrera, edit\u00f3 m\u00e1s de 40 discos, incluyendo grabaciones en estudio y registro en vivo. \u00a0?<\/p>\n<div style=\"padding-bottom:20px; padding-top:10px;\" class=\"hupso-share-buttons\"><!-- Hupso Share Buttons - https:\/\/www.hupso.com\/share\/ --><a class=\"hupso_counters\" href=\"https:\/\/www.hupso.com\/share\/\"><img decoding=\"async\" src=\"http:\/\/static.hupso.com\/share\/buttons\/lang\/es\/share-small.png\" style=\"border:0px; padding-top:2px; float:left;\" alt=\"Share Button\"\/><\/a><script type=\"text\/javascript\">var hupso_services_c=new Array(\"twitter\",\"facebook_like\",\"google\");var hupso_counters_lang = \"es_LA\";var hupso_image_folder_url = \"\";var hupso_twitter_via=\"crsyvrs\";var hupso_url_c=\"\";<\/script><script type=\"text\/javascript\" src=\"http:\/\/static.hupso.com\/share\/js\/counters.js\"><\/script><!-- Hupso Share Buttons --><\/div> ","protected":false},"excerpt":{"rendered":"<div style=\"padding-bottom:20px; padding-top:10px;\" class=\"hupso-share-buttons\"><!-- Hupso Share Buttons - https:\/\/www.hupso.com\/share\/ --><a class=\"hupso_counters\" href=\"https:\/\/www.hupso.com\/share\/\"><img src=\"http:\/\/static.hupso.com\/share\/buttons\/lang\/es\/share-small.png\" style=\"border:0px; padding-top:2px; float:left;\" alt=\"Share Button\"\/><\/a><script type=\"text\/javascript\">var hupso_services_c=new Array(\"twitter\",\"facebook_like\",\"google\");var hupso_counters_lang = \"es_LA\";var hupso_image_folder_url = \"\";var hupso_twitter_via=\"crsyvrs\";var hupso_url_c=\"\";<\/script><script type=\"text\/javascript\" src=\"http:\/\/static.hupso.com\/share\/js\/counters.js\"><\/script><!-- Hupso Share Buttons --><\/div><p>El legendario irland\u00e9s lanz\u00f3 \u00abYou&#8217;re driving me crazy\u00bb, su tercer disco en s\u00f3lo siete\u00a0 meses, que incluye tambi\u00e9n sus temas m\u00e1s populares. El m\u00fasico irland\u00e9s Van Morrison edit\u00f3 \u00abYou&#8217;re driving me crazy\u00bb, su tercer disco en s\u00f3lo siete \u00a0meses,&#46;&#46;&#46;<\/p>\n<div style=\"padding-bottom:20px; padding-top:10px;\" class=\"hupso-share-buttons\"><!-- Hupso Share Buttons - https:\/\/www.hupso.com\/share\/ --><a class=\"hupso_counters\" href=\"https:\/\/www.hupso.com\/share\/\"><img src=\"http:\/\/static.hupso.com\/share\/buttons\/lang\/es\/share-small.png\" style=\"border:0px; padding-top:2px; float:left;\" alt=\"Share Button\"\/><\/a><script type=\"text\/javascript\">var hupso_services_c=new Array(\"twitter\",\"facebook_like\",\"google\");var hupso_counters_lang = \"es_LA\";var hupso_image_folder_url = \"\";var hupso_twitter_via=\"crsyvrs\";var hupso_url_c=\"\";<\/script><script type=\"text\/javascript\" src=\"http:\/\/static.hupso.com\/share\/js\/counters.js\"><\/script><!-- Hupso Share Buttons --><\/div>","protected":false},"author":5,"featured_media":19122,"comment_status":"open","ping_status":"closed","sticky":false,"template":"","format":"standard","meta":{"footnotes":""},"categories":[3],"tags":[6257],"class_list":["post-19121","post","type-post","status-publish","format-standard","has-post-thumbnail","hentry","category-musica","tag-van-morrison"],"_links":{"self":[{"href":"http:\/\/cronicasyversiones.com\/index.php?rest_route=\/wp\/v2\/posts\/19121","targetHints":{"allow":["GET"]}}],"collection":[{"href":"http:\/\/cronicasyversiones.com\/index.php?rest_route=\/wp\/v2\/posts"}],"about":[{"href":"http:\/\/cronicasyversiones.com\/index.php?rest_route=\/wp\/v2\/types\/post"}],"author":[{"embeddable":true,"href":"http:\/\/cronicasyversiones.com\/index.php?rest_route=\/wp\/v2\/users\/5"}],"replies":[{"embeddable":true,"href":"http:\/\/cronicasyversiones.com\/index.php?rest_route=%2Fwp%2Fv2%2Fcomments&post=19121"}],"version-history":[{"count":0,"href":"http:\/\/cronicasyversiones.com\/index.php?rest_route=\/wp\/v2\/posts\/19121\/revisions"}],"wp:featuredmedia":[{"embeddable":true,"href":"http:\/\/cronicasyversiones.com\/index.php?rest_route=\/wp\/v2\/media\/19122"}],"wp:attachment":[{"href":"http:\/\/cronicasyversiones.com\/index.php?rest_route=%2Fwp%2Fv2%2Fmedia&parent=19121"}],"wp:term":[{"taxonomy":"category","embeddable":true,"href":"http:\/\/cronicasyversiones.com\/index.php?rest_route=%2Fwp%2Fv2%2Fcategories&post=19121"},{"taxonomy":"post_tag","embeddable":true,"href":"http:\/\/cronicasyversiones.com\/index.php?rest_route=%2Fwp%2Fv2%2Ftags&post=19121"}],"curies":[{"name":"wp","href":"https:\/\/api.w.org\/{rel}","templated":true}]}}