{"id":19185,"date":"2018-05-04T00:02:13","date_gmt":"2018-05-04T03:02:13","guid":{"rendered":"http:\/\/cronicasyversiones.com\/?p=19185"},"modified":"2018-05-03T21:21:13","modified_gmt":"2018-05-04T00:21:13","slug":"hedda-basada-en-el-texto-de-henrik-ibsen-en-el-brio","status":"publish","type":"post","link":"http:\/\/cronicasyversiones.com\/?p=19185","title":{"rendered":"\u00abHedda\u201d, basada en el texto de Henrik Ibsen, en El Br\u00edo"},"content":{"rendered":"<div style=\"padding-bottom:20px; padding-top:10px;\" class=\"hupso-share-buttons\"><!-- Hupso Share Buttons - https:\/\/www.hupso.com\/share\/ --><a class=\"hupso_counters\" href=\"https:\/\/www.hupso.com\/share\/\"><img decoding=\"async\" src=\"http:\/\/static.hupso.com\/share\/buttons\/lang\/es\/share-small.png\" style=\"border:0px; padding-top:2px; float:left;\" alt=\"Share Button\"\/><\/a><script type=\"text\/javascript\">var hupso_services_c=new Array(\"twitter\",\"facebook_like\",\"google\");var hupso_counters_lang = \"es_LA\";var hupso_image_folder_url = \"\";var hupso_twitter_via=\"crsyvrs\";var hupso_url_c=\"\";<\/script><script type=\"text\/javascript\" src=\"http:\/\/static.hupso.com\/share\/js\/counters.js\"><\/script><!-- Hupso Share Buttons --><\/div><h2>La obra est\u00e1 centrada en la figura de esa hero\u00edna dotada de una mente brillante y un repertorio de intensas conductas.<\/h2>\n<p><img loading=\"lazy\" decoding=\"async\" class=\"size-full wp-image-19187 aligncenter\" src=\"http:\/\/cronicasyversiones.com\/wp-content\/uploads\/2018\/05\/brio-1.jpg\" alt=\"\" width=\"800\" height=\"533\" srcset=\"http:\/\/cronicasyversiones.com\/wp-content\/uploads\/2018\/05\/brio-1.jpg 800w, http:\/\/cronicasyversiones.com\/wp-content\/uploads\/2018\/05\/brio-1-300x200.jpg 300w, http:\/\/cronicasyversiones.com\/wp-content\/uploads\/2018\/05\/brio-1-768x512.jpg 768w, http:\/\/cronicasyversiones.com\/wp-content\/uploads\/2018\/05\/brio-1-480x320.jpg 480w\" sizes=\"auto, (max-width: 800px) 100vw, 800px\" \/><\/p>\n<p><em><strong>\u00abHedda Gabler\u00bb,<\/strong><\/em> de <strong>Henrik Ibsen<\/strong>, tiene una nueva versi\u00f3n llamada <em><strong>\u00abHedda\u00bb<\/strong><\/em>, sale a escena los viernes a las 21 y los domingos a las 19 en el <strong>Teatro El Br\u00edo<\/strong>, ubicado en \u00c1lvarez Thomas 1582.<\/p>\n<p>La obra cuenta con las actuaciones de <strong>Mar\u00eda Abadi <\/strong>y <strong>Melina Petriella<\/strong>, quien escribi\u00f3 la versi\u00f3n junto a la actriz <strong>Nayla Pose,<\/strong> directora de la puesta. <strong>Pablo Chao<\/strong> completa el elenco de esta puesta.<\/p>\n<p>La obra data de 1890, aunque el drama centrado en la figura de esa hero\u00edna dotada de una mente brillante y un repertorio de intensas conductas, mantiene la vigencia y dialoga con la cuesti\u00f3n de g\u00e9nero y los mandatos de la <strong>sociedad patriarcal,<\/strong> sin concesiones.<\/p>\n<blockquote><p>\u201cEsta obra est\u00e1 dedicada a todas las personas -cualquiera fuere su condici\u00f3n de genero- que intentan liberarse de esos patrones. A las que pueden, a las que fracasan, a las que lo intentan\u201d, asegura Nayla Posse.<\/p>\n<p><em><strong>LEA TAMBI\u00c9N:<\/strong><\/em><\/p><\/blockquote>\n<div class=\"video-container\">\n<blockquote class=\"wp-embedded-content\" data-secret=\"RLtKyajgim\"><p><a href=\"http:\/\/cronicasyversiones.com\/?p=16250\">\u201cEl peque\u00f1o poni\u201d, un crudo relato sobre el bullyng<\/a><\/p><\/blockquote>\n<p><iframe loading=\"lazy\" class=\"wp-embedded-content\" sandbox=\"allow-scripts\" security=\"restricted\" style=\"position: absolute; clip: rect(1px, 1px, 1px, 1px);\" title=\"\u00ab\u201cEl peque\u00f1o poni\u201d, un crudo relato sobre el bullyng\u00bb \u2014    \" src=\"http:\/\/cronicasyversiones.com\/?p=16250&#038;embed=true#?secret=EieGj9oPO5#?secret=RLtKyajgim\" data-secret=\"RLtKyajgim\" width=\"600\" height=\"338\" frameborder=\"0\" marginwidth=\"0\" marginheight=\"0\" scrolling=\"no\"><\/iframe><\/div>\n<p>La asistencia de direcci\u00f3n es de Florencia Halbide y Lucia Szlak, el vestuario es de Bel\u00e9n Parra y la escenograf\u00eda corre por cuenta de Rodrigo Gonz\u00e1lez Garillo y Gustavo Disarro.<\/p>\n<p><strong><em>\u00a0\u201cHedda\u201d<\/em><\/strong> \u00a0es una coproducci\u00f3n de El Br\u00edo y cuenta con el apoyo de Fondo Nacional de las Artes y la embajada de Noruega.<\/p>\n<div style=\"padding-bottom:20px; padding-top:10px;\" class=\"hupso-share-buttons\"><!-- Hupso Share Buttons - https:\/\/www.hupso.com\/share\/ --><a class=\"hupso_counters\" href=\"https:\/\/www.hupso.com\/share\/\"><img decoding=\"async\" src=\"http:\/\/static.hupso.com\/share\/buttons\/lang\/es\/share-small.png\" style=\"border:0px; padding-top:2px; float:left;\" alt=\"Share Button\"\/><\/a><script type=\"text\/javascript\">var hupso_services_c=new Array(\"twitter\",\"facebook_like\",\"google\");var hupso_counters_lang = \"es_LA\";var hupso_image_folder_url = \"\";var hupso_twitter_via=\"crsyvrs\";var hupso_url_c=\"\";<\/script><script type=\"text\/javascript\" src=\"http:\/\/static.hupso.com\/share\/js\/counters.js\"><\/script><!-- Hupso Share Buttons --><\/div> ","protected":false},"excerpt":{"rendered":"<div style=\"padding-bottom:20px; padding-top:10px;\" class=\"hupso-share-buttons\"><!-- Hupso Share Buttons - https:\/\/www.hupso.com\/share\/ --><a class=\"hupso_counters\" href=\"https:\/\/www.hupso.com\/share\/\"><img src=\"http:\/\/static.hupso.com\/share\/buttons\/lang\/es\/share-small.png\" style=\"border:0px; padding-top:2px; float:left;\" alt=\"Share Button\"\/><\/a><script type=\"text\/javascript\">var hupso_services_c=new Array(\"twitter\",\"facebook_like\",\"google\");var hupso_counters_lang = \"es_LA\";var hupso_image_folder_url = \"\";var hupso_twitter_via=\"crsyvrs\";var hupso_url_c=\"\";<\/script><script type=\"text\/javascript\" src=\"http:\/\/static.hupso.com\/share\/js\/counters.js\"><\/script><!-- Hupso Share Buttons --><\/div><p>La obra est\u00e1 centrada en la figura de esa hero\u00edna dotada de una mente brillante y un repertorio de intensas conductas. \u00abHedda Gabler\u00bb, de Henrik Ibsen, tiene una nueva versi\u00f3n llamada \u00abHedda\u00bb, sale a escena los viernes a las&#46;&#46;&#46;<\/p>\n<div style=\"padding-bottom:20px; padding-top:10px;\" class=\"hupso-share-buttons\"><!-- Hupso Share Buttons - https:\/\/www.hupso.com\/share\/ --><a class=\"hupso_counters\" href=\"https:\/\/www.hupso.com\/share\/\"><img src=\"http:\/\/static.hupso.com\/share\/buttons\/lang\/es\/share-small.png\" style=\"border:0px; padding-top:2px; float:left;\" alt=\"Share Button\"\/><\/a><script type=\"text\/javascript\">var hupso_services_c=new Array(\"twitter\",\"facebook_like\",\"google\");var hupso_counters_lang = \"es_LA\";var hupso_image_folder_url = \"\";var hupso_twitter_via=\"crsyvrs\";var hupso_url_c=\"\";<\/script><script type=\"text\/javascript\" src=\"http:\/\/static.hupso.com\/share\/js\/counters.js\"><\/script><!-- Hupso Share Buttons --><\/div>","protected":false},"author":5,"featured_media":19187,"comment_status":"open","ping_status":"closed","sticky":false,"template":"","format":"standard","meta":{"footnotes":""},"categories":[5],"tags":[6852,8798,8197,8799,8800],"class_list":["post-19185","post","type-post","status-publish","format-standard","has-post-thumbnail","hentry","category-teatro","tag-henrik-ibsen","tag-maria-abadi","tag-melina-petriella","tag-nayla-pose","tag-pablo-chao"],"_links":{"self":[{"href":"http:\/\/cronicasyversiones.com\/index.php?rest_route=\/wp\/v2\/posts\/19185","targetHints":{"allow":["GET"]}}],"collection":[{"href":"http:\/\/cronicasyversiones.com\/index.php?rest_route=\/wp\/v2\/posts"}],"about":[{"href":"http:\/\/cronicasyversiones.com\/index.php?rest_route=\/wp\/v2\/types\/post"}],"author":[{"embeddable":true,"href":"http:\/\/cronicasyversiones.com\/index.php?rest_route=\/wp\/v2\/users\/5"}],"replies":[{"embeddable":true,"href":"http:\/\/cronicasyversiones.com\/index.php?rest_route=%2Fwp%2Fv2%2Fcomments&post=19185"}],"version-history":[{"count":0,"href":"http:\/\/cronicasyversiones.com\/index.php?rest_route=\/wp\/v2\/posts\/19185\/revisions"}],"wp:featuredmedia":[{"embeddable":true,"href":"http:\/\/cronicasyversiones.com\/index.php?rest_route=\/wp\/v2\/media\/19187"}],"wp:attachment":[{"href":"http:\/\/cronicasyversiones.com\/index.php?rest_route=%2Fwp%2Fv2%2Fmedia&parent=19185"}],"wp:term":[{"taxonomy":"category","embeddable":true,"href":"http:\/\/cronicasyversiones.com\/index.php?rest_route=%2Fwp%2Fv2%2Fcategories&post=19185"},{"taxonomy":"post_tag","embeddable":true,"href":"http:\/\/cronicasyversiones.com\/index.php?rest_route=%2Fwp%2Fv2%2Ftags&post=19185"}],"curies":[{"name":"wp","href":"https:\/\/api.w.org\/{rel}","templated":true}]}}