{"id":19193,"date":"2018-05-04T00:01:14","date_gmt":"2018-05-04T03:01:14","guid":{"rendered":"http:\/\/cronicasyversiones.com\/?p=19193"},"modified":"2018-05-04T09:17:37","modified_gmt":"2018-05-04T12:17:37","slug":"este-ano-no-se-entregara-el-nobel-de-literatura","status":"publish","type":"post","link":"http:\/\/cronicasyversiones.com\/?p=19193","title":{"rendered":"Este a\u00f1o no se entregar\u00e1 el Nobel de Literatura"},"content":{"rendered":"<div style=\"padding-bottom:20px; padding-top:10px;\" class=\"hupso-share-buttons\"><!-- Hupso Share Buttons - https:\/\/www.hupso.com\/share\/ --><a class=\"hupso_counters\" href=\"https:\/\/www.hupso.com\/share\/\"><img decoding=\"async\" src=\"http:\/\/static.hupso.com\/share\/buttons\/lang\/es\/share-small.png\" style=\"border:0px; padding-top:2px; float:left;\" alt=\"Share Button\"\/><\/a><script type=\"text\/javascript\">var hupso_services_c=new Array(\"twitter\",\"facebook_like\",\"google\");var hupso_counters_lang = \"es_LA\";var hupso_image_folder_url = \"\";var hupso_twitter_via=\"crsyvrs\";var hupso_url_c=\"\";<\/script><script type=\"text\/javascript\" src=\"http:\/\/static.hupso.com\/share\/js\/counters.js\"><\/script><!-- Hupso Share Buttons --><\/div><h2>La decisi\u00f3n se debe a la grave crisis que atraviesa la Academia Sueca. El lauro se entregar\u00e1 en 2019, junto con el correspondiente a ese a\u00f1o.<\/h2>\n<p><img loading=\"lazy\" decoding=\"async\" class=\"wp-image-19194 aligncenter\" src=\"http:\/\/cronicasyversiones.com\/wp-content\/uploads\/2018\/05\/nobel2ok_0-1024x578.jpg\" alt=\"\" width=\"751\" height=\"424\" srcset=\"http:\/\/cronicasyversiones.com\/wp-content\/uploads\/2018\/05\/nobel2ok_0.jpg 1024w, http:\/\/cronicasyversiones.com\/wp-content\/uploads\/2018\/05\/nobel2ok_0-300x169.jpg 300w, http:\/\/cronicasyversiones.com\/wp-content\/uploads\/2018\/05\/nobel2ok_0-768x434.jpg 768w\" sizes=\"auto, (max-width: 751px) 100vw, 751px\" \/><\/p>\n<p>Este 2018 no habr\u00e1 <strong>Premio Nobel de Literatura,<\/strong> el mayor lauro de las letras mundiales, debido a la grave crisis que atraviesa la <strong>Academia Sueca,<\/strong> inform\u00f3 la instituci\u00f3n y el galard\u00f3n de 2018 ser\u00e1 concedido el a\u00f1o pr\u00f3ximo junto con el de 2019.<\/p>\n<blockquote><p>\u00abConsideramos que es necesario invertir tiempo en restablecer la confianza de la opini\u00f3n p\u00fablica en la Academia antes de poder anunciar al pr\u00f3ximo galardonado\u00bb, asegur\u00f3 a la agencia de noticias DPA el director interino, Anders Olsson.<\/p><\/blockquote>\n<p>Adem\u00e1s, aclar\u00f3 que la decisi\u00f3n fue apoyada por la <strong>Fundaci\u00f3n Nobel<\/strong>, que administra la herencia del empresario Alfred Nobel, el creador de los galardones.<\/p>\n<p>La Academia Sueca, que entrega el <strong>Nobel de Literatura<\/strong> desde 1901, se encuentra inmersa en un enorme esc\u00e1ndalo de filtraciones, corrupci\u00f3n y acoso sexual.<\/p>\n<blockquote><p>Hace poco la propia instituci\u00f3n reconoci\u00f3 la gravedad de la crisis: \u00abLa imagen del Nobel de Literatura sufri\u00f3 graves da\u00f1os\u00bb, indic\u00f3.<\/p><\/blockquote>\n<p>La medida fue tomada tras la pol\u00e9mica surgida con las denuncias de 18 mujeres que acusaron al esposo de una integrante de la Academia de acoso sexual y una investigaci\u00f3n de la instituci\u00f3n confirm\u00f3 que hubo \u00abun comportamiento inaceptable en forma de intimidad no buscada\u00bb.<\/p>\n<div style=\"padding-bottom:20px; padding-top:10px;\" class=\"hupso-share-buttons\"><!-- Hupso Share Buttons - https:\/\/www.hupso.com\/share\/ --><a class=\"hupso_counters\" href=\"https:\/\/www.hupso.com\/share\/\"><img decoding=\"async\" src=\"http:\/\/static.hupso.com\/share\/buttons\/lang\/es\/share-small.png\" style=\"border:0px; padding-top:2px; float:left;\" alt=\"Share Button\"\/><\/a><script type=\"text\/javascript\">var hupso_services_c=new Array(\"twitter\",\"facebook_like\",\"google\");var hupso_counters_lang = \"es_LA\";var hupso_image_folder_url = \"\";var hupso_twitter_via=\"crsyvrs\";var hupso_url_c=\"\";<\/script><script type=\"text\/javascript\" src=\"http:\/\/static.hupso.com\/share\/js\/counters.js\"><\/script><!-- Hupso Share Buttons --><\/div> ","protected":false},"excerpt":{"rendered":"<div style=\"padding-bottom:20px; padding-top:10px;\" class=\"hupso-share-buttons\"><!-- Hupso Share Buttons - https:\/\/www.hupso.com\/share\/ --><a class=\"hupso_counters\" href=\"https:\/\/www.hupso.com\/share\/\"><img src=\"http:\/\/static.hupso.com\/share\/buttons\/lang\/es\/share-small.png\" style=\"border:0px; padding-top:2px; float:left;\" alt=\"Share Button\"\/><\/a><script type=\"text\/javascript\">var hupso_services_c=new Array(\"twitter\",\"facebook_like\",\"google\");var hupso_counters_lang = \"es_LA\";var hupso_image_folder_url = \"\";var hupso_twitter_via=\"crsyvrs\";var hupso_url_c=\"\";<\/script><script type=\"text\/javascript\" src=\"http:\/\/static.hupso.com\/share\/js\/counters.js\"><\/script><!-- Hupso Share Buttons --><\/div><p>La decisi\u00f3n se debe a la grave crisis que atraviesa la Academia Sueca. El lauro se entregar\u00e1 en 2019, junto con el correspondiente a ese a\u00f1o. Este 2018 no habr\u00e1 Premio Nobel de Literatura, el mayor lauro de las&#46;&#46;&#46;<\/p>\n<div style=\"padding-bottom:20px; padding-top:10px;\" class=\"hupso-share-buttons\"><!-- Hupso Share Buttons - https:\/\/www.hupso.com\/share\/ --><a class=\"hupso_counters\" href=\"https:\/\/www.hupso.com\/share\/\"><img src=\"http:\/\/static.hupso.com\/share\/buttons\/lang\/es\/share-small.png\" style=\"border:0px; padding-top:2px; float:left;\" alt=\"Share Button\"\/><\/a><script type=\"text\/javascript\">var hupso_services_c=new Array(\"twitter\",\"facebook_like\",\"google\");var hupso_counters_lang = \"es_LA\";var hupso_image_folder_url = \"\";var hupso_twitter_via=\"crsyvrs\";var hupso_url_c=\"\";<\/script><script type=\"text\/javascript\" src=\"http:\/\/static.hupso.com\/share\/js\/counters.js\"><\/script><!-- Hupso Share Buttons --><\/div>","protected":false},"author":5,"featured_media":19194,"comment_status":"open","ping_status":"closed","sticky":false,"template":"","format":"standard","meta":{"footnotes":""},"categories":[7],"tags":[426,769],"class_list":["post-19193","post","type-post","status-publish","format-standard","has-post-thumbnail","hentry","category-literatura","tag-premio-nobel","tag-premio-nobel-de-literatura"],"_links":{"self":[{"href":"http:\/\/cronicasyversiones.com\/index.php?rest_route=\/wp\/v2\/posts\/19193","targetHints":{"allow":["GET"]}}],"collection":[{"href":"http:\/\/cronicasyversiones.com\/index.php?rest_route=\/wp\/v2\/posts"}],"about":[{"href":"http:\/\/cronicasyversiones.com\/index.php?rest_route=\/wp\/v2\/types\/post"}],"author":[{"embeddable":true,"href":"http:\/\/cronicasyversiones.com\/index.php?rest_route=\/wp\/v2\/users\/5"}],"replies":[{"embeddable":true,"href":"http:\/\/cronicasyversiones.com\/index.php?rest_route=%2Fwp%2Fv2%2Fcomments&post=19193"}],"version-history":[{"count":0,"href":"http:\/\/cronicasyversiones.com\/index.php?rest_route=\/wp\/v2\/posts\/19193\/revisions"}],"wp:featuredmedia":[{"embeddable":true,"href":"http:\/\/cronicasyversiones.com\/index.php?rest_route=\/wp\/v2\/media\/19194"}],"wp:attachment":[{"href":"http:\/\/cronicasyversiones.com\/index.php?rest_route=%2Fwp%2Fv2%2Fmedia&parent=19193"}],"wp:term":[{"taxonomy":"category","embeddable":true,"href":"http:\/\/cronicasyversiones.com\/index.php?rest_route=%2Fwp%2Fv2%2Fcategories&post=19193"},{"taxonomy":"post_tag","embeddable":true,"href":"http:\/\/cronicasyversiones.com\/index.php?rest_route=%2Fwp%2Fv2%2Ftags&post=19193"}],"curies":[{"name":"wp","href":"https:\/\/api.w.org\/{rel}","templated":true}]}}