{"id":19265,"date":"2018-05-14T14:31:56","date_gmt":"2018-05-14T17:31:56","guid":{"rendered":"http:\/\/cronicasyversiones.com\/?p=19265"},"modified":"2018-05-14T14:34:10","modified_gmt":"2018-05-14T17:34:10","slug":"arranca-una-nueva-edicion-del-festival-internacional-de-cine-politico","status":"publish","type":"post","link":"http:\/\/cronicasyversiones.com\/?p=19265","title":{"rendered":"Arranca una nueva edici\u00f3n del Festival Internacional de Cine Pol\u00edtico"},"content":{"rendered":"<div style=\"padding-bottom:20px; padding-top:10px;\" class=\"hupso-share-buttons\"><!-- Hupso Share Buttons - https:\/\/www.hupso.com\/share\/ --><a class=\"hupso_counters\" href=\"https:\/\/www.hupso.com\/share\/\"><img decoding=\"async\" src=\"http:\/\/static.hupso.com\/share\/buttons\/lang\/es\/share-small.png\" style=\"border:0px; padding-top:2px; float:left;\" alt=\"Share Button\"\/><\/a><script type=\"text\/javascript\">var hupso_services_c=new Array(\"twitter\",\"facebook_like\",\"google\");var hupso_counters_lang = \"es_LA\";var hupso_image_folder_url = \"\";var hupso_twitter_via=\"crsyvrs\";var hupso_url_c=\"\";<\/script><script type=\"text\/javascript\" src=\"http:\/\/static.hupso.com\/share\/js\/counters.js\"><\/script><!-- Hupso Share Buttons --><\/div><h2>En esta octava versi\u00f3n de la cita cinematogr\u00e1fica, abrir\u00e1n la programaci\u00f3n Dos obras del cineasta Fernando Birri: \u00abEl siglo del viento\u00bb y \u00abRemitente Nicaragua\u00bb.<\/h2>\n<p><img loading=\"lazy\" decoding=\"async\" class=\"wp-image-19266 aligncenter\" src=\"http:\/\/cronicasyversiones.com\/wp-content\/uploads\/2018\/05\/birri-1024x683.jpg\" alt=\"\" width=\"750\" height=\"500\" srcset=\"http:\/\/cronicasyversiones.com\/wp-content\/uploads\/2018\/05\/birri-1024x683.jpg 1024w, http:\/\/cronicasyversiones.com\/wp-content\/uploads\/2018\/05\/birri-300x200.jpg 300w, http:\/\/cronicasyversiones.com\/wp-content\/uploads\/2018\/05\/birri-768x512.jpg 768w, http:\/\/cronicasyversiones.com\/wp-content\/uploads\/2018\/05\/birri-480x320.jpg 480w, http:\/\/cronicasyversiones.com\/wp-content\/uploads\/2018\/05\/birri.jpg 1920w\" sizes=\"auto, (max-width: 750px) 100vw, 750px\" \/><\/p>\n<p>Dos obras del cineasta <strong>Fernando Birri<\/strong>, el largometraje <em><strong>\u00abEl siglo del viento\u00bb<\/strong><\/em> y el cortometraje <em><strong>\u00abRemitente Nicaragua\u00bb<\/strong><\/em>, en copias remasterizadas, ser\u00e1n las encargadas de abrir el octavo <strong>Festival Internacional de Cine Pol\u00edtico (Ficip)<\/strong> que se realizar\u00e1 en Buenos Aires, entre el 16 y el 23 de este mes.<\/p>\n<p>El programa, el mi\u00e9rcoles 16 a las 19.20 con entrada gratuita en el Espacio Incaa-Gaumont, incluye la producci\u00f3n que pone en m\u00fasica e im\u00e1genes el tercer volumen del libro <em><strong>\u00abMemoria del fuego\u00bb<\/strong><\/em>, del periodista y escritor uruguayo <strong>Eduardo Galeano<\/strong>, quien colabor\u00f3 en el gui\u00f3n con el director, y el cortometraje acerca del movimiento revolucionario nicarag\u00fcense.<\/p>\n<p><em><strong>\u00abEl siglo del viento\u00bb, n<\/strong><\/em>arrada con t\u00edteres, visi\u00f3n dram\u00e1tica de Am\u00e9rica latina a lo largo del Siglo XX con su constante ebullici\u00f3n de dictaduras, hambre, corrupci\u00f3n, guerras civiles, episodios heroicos y sangre derramada.<\/p>\n<p>Mientras que <em><strong>\u00abRemitente Nicaragua\u00bb,<\/strong><\/em> es un testimonio del movimiento revolucionario en la nueva Nicaragua, de su realidad humana y cotidiana.<\/p>\n<p><em><strong>LEA TAMBI\u00c9N:\u00a0<\/strong><\/em><\/p>\n<div class=\"video-container\">\n<blockquote class=\"wp-embedded-content\" data-secret=\"IkIlAyiAzq\"><p><a href=\"http:\/\/cronicasyversiones.com\/?p=19167\">Un \u201cViaje a los pueblos fumigados\u201d, en un documental de Pino Solanas<\/a><\/p><\/blockquote>\n<p><iframe loading=\"lazy\" class=\"wp-embedded-content\" sandbox=\"allow-scripts\" security=\"restricted\" style=\"position: absolute; clip: rect(1px, 1px, 1px, 1px);\" title=\"\u00abUn \u201cViaje a los pueblos fumigados\u201d, en un documental de Pino Solanas\u00bb \u2014    \" src=\"http:\/\/cronicasyversiones.com\/?p=19167&#038;embed=true#?secret=bTpqgoKJJ0#?secret=IkIlAyiAzq\" data-secret=\"IkIlAyiAzq\" width=\"600\" height=\"338\" frameborder=\"0\" marginwidth=\"0\" marginheight=\"0\" scrolling=\"no\"><\/iframe><\/div>\n<p>El resto de los programas, m\u00e1s de un centenar, tendr\u00e1n lugar en el mismo Espacio Incaa-Gaumont, as\u00ed como los auditorios de la Apsee, el Leonardo Favio, el de la UTE, el del Colegio P\u00fablico de Abogados (Museo del Cine) y el Cultural San Mart\u00edn.<\/p>\n<p>La programaci\u00f3n puede consultarse en el portal web http:\/\/ficip.com.ar\/programacion2018\/<\/p>\n<div style=\"padding-bottom:20px; padding-top:10px;\" class=\"hupso-share-buttons\"><!-- Hupso Share Buttons - https:\/\/www.hupso.com\/share\/ --><a class=\"hupso_counters\" href=\"https:\/\/www.hupso.com\/share\/\"><img decoding=\"async\" src=\"http:\/\/static.hupso.com\/share\/buttons\/lang\/es\/share-small.png\" style=\"border:0px; padding-top:2px; float:left;\" alt=\"Share Button\"\/><\/a><script type=\"text\/javascript\">var hupso_services_c=new Array(\"twitter\",\"facebook_like\",\"google\");var hupso_counters_lang = \"es_LA\";var hupso_image_folder_url = \"\";var hupso_twitter_via=\"crsyvrs\";var hupso_url_c=\"\";<\/script><script type=\"text\/javascript\" src=\"http:\/\/static.hupso.com\/share\/js\/counters.js\"><\/script><!-- Hupso Share Buttons --><\/div> ","protected":false},"excerpt":{"rendered":"<div style=\"padding-bottom:20px; padding-top:10px;\" class=\"hupso-share-buttons\"><!-- Hupso Share Buttons - https:\/\/www.hupso.com\/share\/ --><a class=\"hupso_counters\" href=\"https:\/\/www.hupso.com\/share\/\"><img src=\"http:\/\/static.hupso.com\/share\/buttons\/lang\/es\/share-small.png\" style=\"border:0px; padding-top:2px; float:left;\" alt=\"Share Button\"\/><\/a><script type=\"text\/javascript\">var hupso_services_c=new Array(\"twitter\",\"facebook_like\",\"google\");var hupso_counters_lang = \"es_LA\";var hupso_image_folder_url = \"\";var hupso_twitter_via=\"crsyvrs\";var hupso_url_c=\"\";<\/script><script type=\"text\/javascript\" src=\"http:\/\/static.hupso.com\/share\/js\/counters.js\"><\/script><!-- Hupso Share Buttons --><\/div><p>En esta octava versi\u00f3n de la cita cinematogr\u00e1fica, abrir\u00e1n la programaci\u00f3n Dos obras del cineasta Fernando Birri: \u00abEl siglo del viento\u00bb y \u00abRemitente Nicaragua\u00bb. Dos obras del cineasta Fernando Birri, el largometraje \u00abEl siglo del viento\u00bb y el cortometraje&#46;&#46;&#46;<\/p>\n<div style=\"padding-bottom:20px; padding-top:10px;\" class=\"hupso-share-buttons\"><!-- Hupso Share Buttons - https:\/\/www.hupso.com\/share\/ --><a class=\"hupso_counters\" href=\"https:\/\/www.hupso.com\/share\/\"><img src=\"http:\/\/static.hupso.com\/share\/buttons\/lang\/es\/share-small.png\" style=\"border:0px; padding-top:2px; float:left;\" alt=\"Share Button\"\/><\/a><script type=\"text\/javascript\">var hupso_services_c=new Array(\"twitter\",\"facebook_like\",\"google\");var hupso_counters_lang = \"es_LA\";var hupso_image_folder_url = \"\";var hupso_twitter_via=\"crsyvrs\";var hupso_url_c=\"\";<\/script><script type=\"text\/javascript\" src=\"http:\/\/static.hupso.com\/share\/js\/counters.js\"><\/script><!-- Hupso Share Buttons --><\/div>","protected":false},"author":5,"featured_media":19266,"comment_status":"open","ping_status":"closed","sticky":false,"template":"","format":"standard","meta":{"footnotes":""},"categories":[4,9],"tags":[7997,1631],"class_list":["post-19265","post","type-post","status-publish","format-standard","has-post-thumbnail","hentry","category-cine","category-sociedad","tag-fernando-birri","tag-festival-internacional-de-cine-politico"],"_links":{"self":[{"href":"http:\/\/cronicasyversiones.com\/index.php?rest_route=\/wp\/v2\/posts\/19265","targetHints":{"allow":["GET"]}}],"collection":[{"href":"http:\/\/cronicasyversiones.com\/index.php?rest_route=\/wp\/v2\/posts"}],"about":[{"href":"http:\/\/cronicasyversiones.com\/index.php?rest_route=\/wp\/v2\/types\/post"}],"author":[{"embeddable":true,"href":"http:\/\/cronicasyversiones.com\/index.php?rest_route=\/wp\/v2\/users\/5"}],"replies":[{"embeddable":true,"href":"http:\/\/cronicasyversiones.com\/index.php?rest_route=%2Fwp%2Fv2%2Fcomments&post=19265"}],"version-history":[{"count":0,"href":"http:\/\/cronicasyversiones.com\/index.php?rest_route=\/wp\/v2\/posts\/19265\/revisions"}],"wp:featuredmedia":[{"embeddable":true,"href":"http:\/\/cronicasyversiones.com\/index.php?rest_route=\/wp\/v2\/media\/19266"}],"wp:attachment":[{"href":"http:\/\/cronicasyversiones.com\/index.php?rest_route=%2Fwp%2Fv2%2Fmedia&parent=19265"}],"wp:term":[{"taxonomy":"category","embeddable":true,"href":"http:\/\/cronicasyversiones.com\/index.php?rest_route=%2Fwp%2Fv2%2Fcategories&post=19265"},{"taxonomy":"post_tag","embeddable":true,"href":"http:\/\/cronicasyversiones.com\/index.php?rest_route=%2Fwp%2Fv2%2Ftags&post=19265"}],"curies":[{"name":"wp","href":"https:\/\/api.w.org\/{rel}","templated":true}]}}