{"id":19309,"date":"2018-05-18T00:08:20","date_gmt":"2018-05-18T03:08:20","guid":{"rendered":"http:\/\/cronicasyversiones.com\/?p=19309"},"modified":"2018-05-18T08:17:47","modified_gmt":"2018-05-18T11:17:47","slug":"despues-de-una-decada-rosario-tiene-su-feria-del-libro","status":"publish","type":"post","link":"http:\/\/cronicasyversiones.com\/?p=19309","title":{"rendered":"Despu\u00e9s de una d\u00e9cada, Rosario tiene su Feria del Libro"},"content":{"rendered":"<div style=\"padding-bottom:20px; padding-top:10px;\" class=\"hupso-share-buttons\"><!-- Hupso Share Buttons - https:\/\/www.hupso.com\/share\/ --><a class=\"hupso_counters\" href=\"https:\/\/www.hupso.com\/share\/\"><img decoding=\"async\" src=\"http:\/\/static.hupso.com\/share\/buttons\/lang\/es\/share-small.png\" style=\"border:0px; padding-top:2px; float:left;\" alt=\"Share Button\"\/><\/a><script type=\"text\/javascript\">var hupso_services_c=new Array(\"twitter\",\"facebook_like\",\"google\");var hupso_counters_lang = \"es_LA\";var hupso_image_folder_url = \"\";var hupso_twitter_via=\"crsyvrs\";var hupso_url_c=\"\";<\/script><script type=\"text\/javascript\" src=\"http:\/\/static.hupso.com\/share\/js\/counters.js\"><\/script><!-- Hupso Share Buttons --><\/div><h2>En su vuelta, la cita literaria tendr\u00e1 35 stands y una importante agenda de actividades, incluyendo un homenaje al rosarino Roberto Fontanarrosa.<\/h2>\n<p><img loading=\"lazy\" decoding=\"async\" class=\" wp-image-19310 aligncenter\" src=\"http:\/\/cronicasyversiones.com\/wp-content\/uploads\/2018\/05\/Centro-Fontanarrosa-1024x683.jpg\" alt=\"\" width=\"750\" height=\"500\" srcset=\"http:\/\/cronicasyversiones.com\/wp-content\/uploads\/2018\/05\/Centro-Fontanarrosa-1024x683.jpg 1024w, http:\/\/cronicasyversiones.com\/wp-content\/uploads\/2018\/05\/Centro-Fontanarrosa-300x200.jpg 300w, http:\/\/cronicasyversiones.com\/wp-content\/uploads\/2018\/05\/Centro-Fontanarrosa-768x512.jpg 768w, http:\/\/cronicasyversiones.com\/wp-content\/uploads\/2018\/05\/Centro-Fontanarrosa-480x320.jpg 480w, http:\/\/cronicasyversiones.com\/wp-content\/uploads\/2018\/05\/Centro-Fontanarrosa.jpg 1200w\" sizes=\"auto, (max-width: 750px) 100vw, 750px\" \/><\/p>\n<p><strong>Rosario<\/strong> ser\u00e1 sede, luego de una d\u00e9cada, de la <strong>Feria Internacional del Libro,<\/strong> con una frondosa agenda de \u00a0actividades culturales que se tendr\u00e1n lugar desde el jueves 24 de mayo hasta el lunes 4 de junio en el<strong> Centro Cultural Fontanarrosa<\/strong>, ubicada en San Mart\u00edn 1080, con entrada libre y gratuita.<\/p>\n<p>La actividad, impulsada de manera conjunta por la <strong>Municipalidad y la Fundaci\u00f3n El Libro,<\/strong> contar\u00e1 con 35 stands donde expondr\u00e1n editoriales locales y de Buenos Aires.<\/p>\n<p>De esta forma, la apertura de actividades ser\u00e1 con el <strong>Encuentro de Editoriales Independientes de Rosario,<\/strong> que se realizar\u00e1 el primer d\u00eda a las 14.<\/p>\n<p>Mientras que durante las jornadas de la cita literaria est\u00e1 prevista la visita de escuelas, presentaciones de libros, charlas culturales, y la participaci\u00f3n de escritores locales, del pa\u00eds e internacionales.<\/p>\n<p><em><strong>LEA TAMBI\u00c9N:<\/strong> <\/em><\/p>\n<div class=\"video-container\">\n<blockquote class=\"wp-embedded-content\" data-secret=\"l04cl9RpbF\"><p><a href=\"http:\/\/cronicasyversiones.com\/?p=19292\">Barcelona, la ciudad invitada en la pr\u00f3xima Feria del Libro<\/a><\/p><\/blockquote>\n<p><iframe loading=\"lazy\" class=\"wp-embedded-content\" sandbox=\"allow-scripts\" security=\"restricted\" style=\"position: absolute; clip: rect(1px, 1px, 1px, 1px);\" title=\"\u00abBarcelona, la ciudad invitada en la pr\u00f3xima Feria del Libro\u00bb \u2014    \" src=\"http:\/\/cronicasyversiones.com\/?p=19292&#038;embed=true#?secret=vOyDtij90d#?secret=l04cl9RpbF\" data-secret=\"l04cl9RpbF\" width=\"600\" height=\"338\" frameborder=\"0\" marginwidth=\"0\" marginheight=\"0\" scrolling=\"no\"><\/iframe><\/div>\n<p>Dentro de las actividades programadas, se destaca un homenaje al escritor rosarino <strong>Roberto Fontanarrosa,<\/strong> que tendr\u00e1 lugar el s\u00e1bado 2 de junio a las 20 en la Sala B, donde estar\u00e1n presentes <strong>Juan Sasturain, Juan Martini, Alejandro Apo <\/strong>y<strong> Horacio Vargas.<\/strong><\/p>\n<p>Las actividades programadas se pueden ver en el sitio web de la Municipalidad: www.rosario.gov.ar\/web\/ciudad\/cultura\/feria-internacional-del-libro<\/p>\n<div style=\"padding-bottom:20px; padding-top:10px;\" class=\"hupso-share-buttons\"><!-- Hupso Share Buttons - https:\/\/www.hupso.com\/share\/ --><a class=\"hupso_counters\" href=\"https:\/\/www.hupso.com\/share\/\"><img decoding=\"async\" src=\"http:\/\/static.hupso.com\/share\/buttons\/lang\/es\/share-small.png\" style=\"border:0px; padding-top:2px; float:left;\" alt=\"Share Button\"\/><\/a><script type=\"text\/javascript\">var hupso_services_c=new Array(\"twitter\",\"facebook_like\",\"google\");var hupso_counters_lang = \"es_LA\";var hupso_image_folder_url = \"\";var hupso_twitter_via=\"crsyvrs\";var hupso_url_c=\"\";<\/script><script type=\"text\/javascript\" src=\"http:\/\/static.hupso.com\/share\/js\/counters.js\"><\/script><!-- Hupso Share Buttons --><\/div> ","protected":false},"excerpt":{"rendered":"<div style=\"padding-bottom:20px; padding-top:10px;\" class=\"hupso-share-buttons\"><!-- Hupso Share Buttons - https:\/\/www.hupso.com\/share\/ --><a class=\"hupso_counters\" href=\"https:\/\/www.hupso.com\/share\/\"><img src=\"http:\/\/static.hupso.com\/share\/buttons\/lang\/es\/share-small.png\" style=\"border:0px; padding-top:2px; float:left;\" alt=\"Share Button\"\/><\/a><script type=\"text\/javascript\">var hupso_services_c=new Array(\"twitter\",\"facebook_like\",\"google\");var hupso_counters_lang = \"es_LA\";var hupso_image_folder_url = \"\";var hupso_twitter_via=\"crsyvrs\";var hupso_url_c=\"\";<\/script><script type=\"text\/javascript\" src=\"http:\/\/static.hupso.com\/share\/js\/counters.js\"><\/script><!-- Hupso Share Buttons --><\/div><p>En su vuelta, la cita literaria tendr\u00e1 35 stands y una importante agenda de actividades, incluyendo un homenaje al rosarino Roberto Fontanarrosa. Rosario ser\u00e1 sede, luego de una d\u00e9cada, de la Feria Internacional del Libro, con una frondosa agenda&#46;&#46;&#46;<\/p>\n<div style=\"padding-bottom:20px; padding-top:10px;\" class=\"hupso-share-buttons\"><!-- Hupso Share Buttons - https:\/\/www.hupso.com\/share\/ --><a class=\"hupso_counters\" href=\"https:\/\/www.hupso.com\/share\/\"><img src=\"http:\/\/static.hupso.com\/share\/buttons\/lang\/es\/share-small.png\" style=\"border:0px; padding-top:2px; float:left;\" alt=\"Share Button\"\/><\/a><script type=\"text\/javascript\">var hupso_services_c=new Array(\"twitter\",\"facebook_like\",\"google\");var hupso_counters_lang = \"es_LA\";var hupso_image_folder_url = \"\";var hupso_twitter_via=\"crsyvrs\";var hupso_url_c=\"\";<\/script><script type=\"text\/javascript\" src=\"http:\/\/static.hupso.com\/share\/js\/counters.js\"><\/script><!-- Hupso Share Buttons --><\/div>","protected":false},"author":5,"featured_media":19310,"comment_status":"open","ping_status":"closed","sticky":false,"template":"","format":"standard","meta":{"footnotes":""},"categories":[7,9],"tags":[8819,3572],"class_list":["post-19309","post","type-post","status-publish","format-standard","has-post-thumbnail","hentry","category-literatura","category-sociedad","tag-feria-del-libro-de-rosario","tag-roberto-fontanarrosa"],"_links":{"self":[{"href":"http:\/\/cronicasyversiones.com\/index.php?rest_route=\/wp\/v2\/posts\/19309","targetHints":{"allow":["GET"]}}],"collection":[{"href":"http:\/\/cronicasyversiones.com\/index.php?rest_route=\/wp\/v2\/posts"}],"about":[{"href":"http:\/\/cronicasyversiones.com\/index.php?rest_route=\/wp\/v2\/types\/post"}],"author":[{"embeddable":true,"href":"http:\/\/cronicasyversiones.com\/index.php?rest_route=\/wp\/v2\/users\/5"}],"replies":[{"embeddable":true,"href":"http:\/\/cronicasyversiones.com\/index.php?rest_route=%2Fwp%2Fv2%2Fcomments&post=19309"}],"version-history":[{"count":0,"href":"http:\/\/cronicasyversiones.com\/index.php?rest_route=\/wp\/v2\/posts\/19309\/revisions"}],"wp:featuredmedia":[{"embeddable":true,"href":"http:\/\/cronicasyversiones.com\/index.php?rest_route=\/wp\/v2\/media\/19310"}],"wp:attachment":[{"href":"http:\/\/cronicasyversiones.com\/index.php?rest_route=%2Fwp%2Fv2%2Fmedia&parent=19309"}],"wp:term":[{"taxonomy":"category","embeddable":true,"href":"http:\/\/cronicasyversiones.com\/index.php?rest_route=%2Fwp%2Fv2%2Fcategories&post=19309"},{"taxonomy":"post_tag","embeddable":true,"href":"http:\/\/cronicasyversiones.com\/index.php?rest_route=%2Fwp%2Fv2%2Ftags&post=19309"}],"curies":[{"name":"wp","href":"https:\/\/api.w.org\/{rel}","templated":true}]}}