{"id":19339,"date":"2018-05-21T00:43:17","date_gmt":"2018-05-21T03:43:17","guid":{"rendered":"http:\/\/cronicasyversiones.com\/?p=19339"},"modified":"2018-05-21T13:50:36","modified_gmt":"2018-05-21T16:50:36","slug":"una-nueva-edicion-del-campamento-de-poesia-en-casa-victoria-ocampo","status":"publish","type":"post","link":"http:\/\/cronicasyversiones.com\/?p=19339","title":{"rendered":"Una nueva edici\u00f3n del Campamento de Poes\u00eda en Casa Victoria Ocampo"},"content":{"rendered":"<div style=\"padding-bottom:20px; padding-top:10px;\" class=\"hupso-share-buttons\"><!-- Hupso Share Buttons - https:\/\/www.hupso.com\/share\/ --><a class=\"hupso_counters\" href=\"https:\/\/www.hupso.com\/share\/\"><img decoding=\"async\" src=\"http:\/\/static.hupso.com\/share\/buttons\/lang\/es\/share-small.png\" style=\"border:0px; padding-top:2px; float:left;\" alt=\"Share Button\"\/><\/a><script type=\"text\/javascript\">var hupso_services_c=new Array(\"twitter\",\"facebook_like\",\"google\");var hupso_counters_lang = \"es_LA\";var hupso_image_folder_url = \"\";var hupso_twitter_via=\"crsyvrs\";var hupso_url_c=\"\";<\/script><script type=\"text\/javascript\" src=\"http:\/\/static.hupso.com\/share\/js\/counters.js\"><\/script><!-- Hupso Share Buttons --><\/div><h2>Dentro del Ciclo de Letras \u00abLiteratura Expandida\u00bb, participar\u00e1n de la cita poetas, editores, artistas pl\u00e1sticos, m\u00fasicos, actores, cineastas e ilustradores.<\/h2>\n<p><img loading=\"lazy\" decoding=\"async\" class=\"size-full wp-image-19340 aligncenter\" src=\"http:\/\/cronicasyversiones.com\/wp-content\/uploads\/2018\/05\/poesia.jpg\" alt=\"\" width=\"750\" height=\"402\" srcset=\"http:\/\/cronicasyversiones.com\/wp-content\/uploads\/2018\/05\/poesia.jpg 750w, http:\/\/cronicasyversiones.com\/wp-content\/uploads\/2018\/05\/poesia-300x161.jpg 300w\" sizes=\"auto, (max-width: 750px) 100vw, 750px\" \/><\/p>\n<p>Este jueves tendr\u00e1 lugar la cuarta edici\u00f3n del <strong>Campamento de Poes\u00eda en Casa Victoria Ocampo<\/strong>, dentro de las actividades del Ciclo de Letras <em><strong>\u00abLiteratura Expandida\u00bb<\/strong><\/em>, seg\u00fan anunci\u00f3 el <strong>Fondo Nacional de las Artes.<\/strong><\/p>\n<p>El encuentro, del que participar\u00e1n<strong> poetas, editores, artistas pl\u00e1sticos, m\u00fasicos, actores, cineastas e ilustradores,<\/strong> se tratar\u00e1 de una serie de lecturas, talleres, performances, videopoes\u00eda, m\u00fasica en vivo y proyecciones.<\/p>\n<p>La jornada arrancar\u00e1 a las 18.30 con un <em><strong>\u00abTaller de escritura y bot\u00e1nica\u00bb<\/strong><\/em> a cargo de Luc\u00eda Caleta y Lizzi Arg\u00fcelles, donde se explorar\u00e1 la naturaleza espont\u00e1nea de Buenos Aires y su presencia en la literatura actual.<\/p>\n<p>A las 19, 30 comenzar\u00e1 el <em><strong>\u00abTaller Palieres\u00bb<\/strong><\/em>, que propone un recorrido visual y anecd\u00f3tico del <em><strong>\u00ablado B\u00bb<\/strong><\/em> de la Ciudad de Buenos Aires, a cargo de la periodista y arquitecta Vanessa Bell.<\/p>\n<p>M\u00e1s tarde, junto a un fog\u00f3n, se realizar\u00e1 la primera ronda de lectura po\u00e9tica a cargo de los reconocidos escritores <strong>Diana Bellessi, Carlos R\u00edos, In\u00e9s Efr\u00f3n y David Nah\u00f3n.<\/strong><\/p>\n<p><em><strong>LEA TAMBI\u00c9N:\u00a0<\/strong><\/em><\/p>\n<div class=\"video-container\">\n<blockquote class=\"wp-embedded-content\" data-secret=\"C3AkFBxqpG\"><p><a href=\"http:\/\/cronicasyversiones.com\/?p=19309\">Despu\u00e9s de una d\u00e9cada, Rosario tiene su Feria del Libro<\/a><\/p><\/blockquote>\n<p><iframe loading=\"lazy\" class=\"wp-embedded-content\" sandbox=\"allow-scripts\" security=\"restricted\" style=\"position: absolute; clip: rect(1px, 1px, 1px, 1px);\" title=\"\u00abDespu\u00e9s de una d\u00e9cada, Rosario tiene su Feria del Libro\u00bb \u2014    \" src=\"http:\/\/cronicasyversiones.com\/?p=19309&#038;embed=true#?secret=OoAp837od3#?secret=C3AkFBxqpG\" data-secret=\"C3AkFBxqpG\" width=\"600\" height=\"338\" frameborder=\"0\" marginwidth=\"0\" marginheight=\"0\" scrolling=\"no\"><\/iframe><\/div>\n<p>Las actividades continuar\u00e1n con una performance de <strong>Dani Umpi<\/strong>, seguida de la intervenci\u00f3n musical del cantautor platense Rulli.<\/p>\n<p>Despu\u00e9s se llevar\u00e1 cabo la \u00faltima ronda de lecturas por parte de los poetas In\u00e9s Acevedo, Manuel Alemian y Jacqueline Goldbert.<\/p>\n<p>A las 22 se presentar\u00e1 la performance de <em><strong>\u00abMaruja Bustamante + Iti el hermoso\u00bb<\/strong><\/em> y el cierre musical estar\u00e1 a cargo de Miguel Canevari: cantante y compositor de \u00abJulio y Agosto\u00bb.<\/p>\n<p>Los interesados pueden participar de forma gratuita del encuentro visitando la Casa Victoria Ocampo ubicada en Rufino de Elizalde 2831, en la Ciudad de Buenos Aires.<\/p>\n<div style=\"padding-bottom:20px; padding-top:10px;\" class=\"hupso-share-buttons\"><!-- Hupso Share Buttons - https:\/\/www.hupso.com\/share\/ --><a class=\"hupso_counters\" href=\"https:\/\/www.hupso.com\/share\/\"><img decoding=\"async\" src=\"http:\/\/static.hupso.com\/share\/buttons\/lang\/es\/share-small.png\" style=\"border:0px; padding-top:2px; float:left;\" alt=\"Share Button\"\/><\/a><script type=\"text\/javascript\">var hupso_services_c=new Array(\"twitter\",\"facebook_like\",\"google\");var hupso_counters_lang = \"es_LA\";var hupso_image_folder_url = \"\";var hupso_twitter_via=\"crsyvrs\";var hupso_url_c=\"\";<\/script><script type=\"text\/javascript\" src=\"http:\/\/static.hupso.com\/share\/js\/counters.js\"><\/script><!-- Hupso Share Buttons --><\/div> ","protected":false},"excerpt":{"rendered":"<div style=\"padding-bottom:20px; padding-top:10px;\" class=\"hupso-share-buttons\"><!-- Hupso Share Buttons - https:\/\/www.hupso.com\/share\/ --><a class=\"hupso_counters\" href=\"https:\/\/www.hupso.com\/share\/\"><img src=\"http:\/\/static.hupso.com\/share\/buttons\/lang\/es\/share-small.png\" style=\"border:0px; padding-top:2px; float:left;\" alt=\"Share Button\"\/><\/a><script type=\"text\/javascript\">var hupso_services_c=new Array(\"twitter\",\"facebook_like\",\"google\");var hupso_counters_lang = \"es_LA\";var hupso_image_folder_url = \"\";var hupso_twitter_via=\"crsyvrs\";var hupso_url_c=\"\";<\/script><script type=\"text\/javascript\" src=\"http:\/\/static.hupso.com\/share\/js\/counters.js\"><\/script><!-- Hupso Share Buttons --><\/div><p>Dentro del Ciclo de Letras \u00abLiteratura Expandida\u00bb, participar\u00e1n de la cita poetas, editores, artistas pl\u00e1sticos, m\u00fasicos, actores, cineastas e ilustradores. Este jueves tendr\u00e1 lugar la cuarta edici\u00f3n del Campamento de Poes\u00eda en Casa Victoria Ocampo, dentro de las actividades&#46;&#46;&#46;<\/p>\n<div style=\"padding-bottom:20px; padding-top:10px;\" class=\"hupso-share-buttons\"><!-- Hupso Share Buttons - https:\/\/www.hupso.com\/share\/ --><a class=\"hupso_counters\" href=\"https:\/\/www.hupso.com\/share\/\"><img src=\"http:\/\/static.hupso.com\/share\/buttons\/lang\/es\/share-small.png\" style=\"border:0px; padding-top:2px; float:left;\" alt=\"Share Button\"\/><\/a><script type=\"text\/javascript\">var hupso_services_c=new Array(\"twitter\",\"facebook_like\",\"google\");var hupso_counters_lang = \"es_LA\";var hupso_image_folder_url = \"\";var hupso_twitter_via=\"crsyvrs\";var hupso_url_c=\"\";<\/script><script type=\"text\/javascript\" src=\"http:\/\/static.hupso.com\/share\/js\/counters.js\"><\/script><!-- Hupso Share Buttons --><\/div>","protected":false},"author":5,"featured_media":19340,"comment_status":"open","ping_status":"closed","sticky":false,"template":"","format":"standard","meta":{"footnotes":""},"categories":[7],"tags":[8824,5408,4821],"class_list":["post-19339","post","type-post","status-publish","format-standard","has-post-thumbnail","hentry","category-literatura","tag-campamento-de-poesia","tag-poesia","tag-victoria-ocampo"],"_links":{"self":[{"href":"http:\/\/cronicasyversiones.com\/index.php?rest_route=\/wp\/v2\/posts\/19339","targetHints":{"allow":["GET"]}}],"collection":[{"href":"http:\/\/cronicasyversiones.com\/index.php?rest_route=\/wp\/v2\/posts"}],"about":[{"href":"http:\/\/cronicasyversiones.com\/index.php?rest_route=\/wp\/v2\/types\/post"}],"author":[{"embeddable":true,"href":"http:\/\/cronicasyversiones.com\/index.php?rest_route=\/wp\/v2\/users\/5"}],"replies":[{"embeddable":true,"href":"http:\/\/cronicasyversiones.com\/index.php?rest_route=%2Fwp%2Fv2%2Fcomments&post=19339"}],"version-history":[{"count":0,"href":"http:\/\/cronicasyversiones.com\/index.php?rest_route=\/wp\/v2\/posts\/19339\/revisions"}],"wp:featuredmedia":[{"embeddable":true,"href":"http:\/\/cronicasyversiones.com\/index.php?rest_route=\/wp\/v2\/media\/19340"}],"wp:attachment":[{"href":"http:\/\/cronicasyversiones.com\/index.php?rest_route=%2Fwp%2Fv2%2Fmedia&parent=19339"}],"wp:term":[{"taxonomy":"category","embeddable":true,"href":"http:\/\/cronicasyversiones.com\/index.php?rest_route=%2Fwp%2Fv2%2Fcategories&post=19339"},{"taxonomy":"post_tag","embeddable":true,"href":"http:\/\/cronicasyversiones.com\/index.php?rest_route=%2Fwp%2Fv2%2Ftags&post=19339"}],"curies":[{"name":"wp","href":"https:\/\/api.w.org\/{rel}","templated":true}]}}