{"id":19389,"date":"2018-05-25T00:01:05","date_gmt":"2018-05-25T03:01:05","guid":{"rendered":"http:\/\/cronicasyversiones.com\/?p=19389"},"modified":"2018-05-24T22:28:31","modified_gmt":"2018-05-25T01:28:31","slug":"hidaldo-de-maria-marull-sale-a-escena-en-su-segunda-temporada","status":"publish","type":"post","link":"http:\/\/cronicasyversiones.com\/?p=19389","title":{"rendered":"\u201cHidaldo\u201d, de Mar\u00eda Marull, sale a escena en su segunda temporada"},"content":{"rendered":"<div style=\"padding-bottom:20px; padding-top:10px;\" class=\"hupso-share-buttons\"><!-- Hupso Share Buttons - https:\/\/www.hupso.com\/share\/ --><a class=\"hupso_counters\" href=\"https:\/\/www.hupso.com\/share\/\"><img decoding=\"async\" src=\"http:\/\/static.hupso.com\/share\/buttons\/lang\/es\/share-small.png\" style=\"border:0px; padding-top:2px; float:left;\" alt=\"Share Button\"\/><\/a><script type=\"text\/javascript\">var hupso_services_c=new Array(\"twitter\",\"facebook_like\",\"google\");var hupso_counters_lang = \"es_LA\";var hupso_image_folder_url = \"\";var hupso_twitter_via=\"crsyvrs\";var hupso_url_c=\"\";<\/script><script type=\"text\/javascript\" src=\"http:\/\/static.hupso.com\/share\/js\/counters.js\"><\/script><!-- Hupso Share Buttons --><\/div><h2>En esta obra, una agente inmobiliaria frustrada e insastisfecha, debe mostrar un moderno y costoso departamento a una pareja de extranjeros.<\/h2>\n<p><img loading=\"lazy\" decoding=\"async\" class=\"wp-image-19390 aligncenter\" src=\"http:\/\/cronicasyversiones.com\/wp-content\/uploads\/2018\/05\/hidalgo-1024x683.jpg\" alt=\"\" width=\"750\" height=\"500\" srcset=\"http:\/\/cronicasyversiones.com\/wp-content\/uploads\/2018\/05\/hidalgo-1024x683.jpg 1024w, http:\/\/cronicasyversiones.com\/wp-content\/uploads\/2018\/05\/hidalgo-300x200.jpg 300w, http:\/\/cronicasyversiones.com\/wp-content\/uploads\/2018\/05\/hidalgo-768x512.jpg 768w, http:\/\/cronicasyversiones.com\/wp-content\/uploads\/2018\/05\/hidalgo-480x320.jpg 480w\" sizes=\"auto, (max-width: 750px) 100vw, 750px\" \/><\/p>\n<p><em><strong>\u201cHidaldo\u201d<\/strong><\/em>, con dramaturgia y direcci\u00f3n de <strong>Mar\u00eda Marull<\/strong>, vuelve a escena con dos funciones semanales en su segunda temporada los viernes a las 20 y a las 22 en El Camar\u00edn de la Musas, ubicado en Mario Bravo 960.<\/p>\n<p>En las escenas, las cosas no son del que las posee sino de quien las sabe apreciar.<strong> Susana, una agente inmobiliaria frustrada e insastisfecha<\/strong>, debe mostrar un moderno y costoso departamento a una pareja de extranjeros.<\/p>\n<p>Al ingresar al inmueble, encuentra a <strong>V\u00edctor, un adolescente desgarbado e introvertido<\/strong>, durmiendo semidesnudo entre cajas de verdura y bolsas de residuo. Susana est\u00e1 al tanto de que el Sr. Bonino, padre de V\u00edctor, ha sido autorizado por los propietarios a permanecer transitoriamente en el inmueble hasta que fuera vendido. Lo que desconoce es el estado deplorable del departamento, el nivel de desidia reinante, y la dudosa predisposici\u00f3n de Bonino y su hijo a abandonarlo cuando sea necesario.<\/p>\n<p><strong>Susana tiene que cerrar esta venta<\/strong>. Su econom\u00eda depende de la comisi\u00f3n y el departamento re\u00fane las condiciones exactas que demandan los potenciales compradores. Ahora tiene s\u00f3lo minutos para mejorar el aspecto del inmueble y V\u00edctor es un obst\u00e1culo.<\/p>\n<p>Deprimido y desmotivado, el muchacho debe terminar un trabajo pr\u00e1ctico sobre el poeta revolucionario <strong>Bartolom\u00e9 Hidalgo<\/strong> si no quiere repetir el \u00faltimo a\u00f1o del secundario. Sumergidos en sus propios conflictos, Susana y V\u00edctor pronto descubrir\u00e1n que a veces el encuentro menos pensado puede hacer que se rompan todas las cadenas.<\/p>\n<p><em><strong>LEA TAMBI\u00c9N:<\/strong> <\/em><\/p>\n<div class=\"video-container\">\n<blockquote class=\"wp-embedded-content\" data-secret=\"wci9QWgPCF\"><p><a href=\"http:\/\/cronicasyversiones.com\/?p=19349\">\u201cLa Casa Ache\u201d sale a escena en su tercera temporada<\/a><\/p><\/blockquote>\n<p><iframe loading=\"lazy\" class=\"wp-embedded-content\" sandbox=\"allow-scripts\" security=\"restricted\" style=\"position: absolute; clip: rect(1px, 1px, 1px, 1px);\" title=\"\u00ab\u201cLa Casa Ache\u201d sale a escena en su tercera temporada\u00bb \u2014    \" src=\"http:\/\/cronicasyversiones.com\/?p=19349&#038;embed=true#?secret=L1yz2utRsX#?secret=wci9QWgPCF\" data-secret=\"wci9QWgPCF\" width=\"600\" height=\"338\" frameborder=\"0\" marginwidth=\"0\" marginheight=\"0\" scrolling=\"no\"><\/iframe><\/div>\n<p>El elenco lo completan <strong>Agust\u00edn Daulte<\/strong> y <strong>Paula Marull<\/strong> y se suma la guitarra de <strong>Juli\u00e1n Rodr\u00edguez Rona.<\/strong><\/p>\n<p>La escenograf\u00eda es de Jos\u00e9 Escobar, la iluminaci\u00f3n es de Mat\u00edas Send\u00f3n y \u00a0el vestuario de Jam Monti. La fotograf\u00eda es de Sebasti\u00e1n Arpesella, el dise\u00f1o gr\u00e1fico es de Mercedes Moltedo y la asistencia de direcci\u00f3n es de Santiago Rodr\u00edguez Dur\u00e1n<\/p>\n<p>En noviembre de 2016 una versi\u00f3n temprana de<em><strong> \u201cHidalgo\u201d<\/strong><\/em> fue estrenada en el marco del ciclo de Semimontados del Teatro Nacional Cervantes con excelente aceptaci\u00f3n de cr\u00edtica y p\u00fablico.<\/p>\n<p>En 2017 recibi\u00f3 el premio Artei a la Producci\u00f3n Teatral Independiente.<\/p>\n<div style=\"padding-bottom:20px; padding-top:10px;\" class=\"hupso-share-buttons\"><!-- Hupso Share Buttons - https:\/\/www.hupso.com\/share\/ --><a class=\"hupso_counters\" href=\"https:\/\/www.hupso.com\/share\/\"><img decoding=\"async\" src=\"http:\/\/static.hupso.com\/share\/buttons\/lang\/es\/share-small.png\" style=\"border:0px; padding-top:2px; float:left;\" alt=\"Share Button\"\/><\/a><script type=\"text\/javascript\">var hupso_services_c=new Array(\"twitter\",\"facebook_like\",\"google\");var hupso_counters_lang = \"es_LA\";var hupso_image_folder_url = \"\";var hupso_twitter_via=\"crsyvrs\";var hupso_url_c=\"\";<\/script><script type=\"text\/javascript\" src=\"http:\/\/static.hupso.com\/share\/js\/counters.js\"><\/script><!-- Hupso Share Buttons --><\/div> ","protected":false},"excerpt":{"rendered":"<div style=\"padding-bottom:20px; padding-top:10px;\" class=\"hupso-share-buttons\"><!-- Hupso Share Buttons - https:\/\/www.hupso.com\/share\/ --><a class=\"hupso_counters\" href=\"https:\/\/www.hupso.com\/share\/\"><img src=\"http:\/\/static.hupso.com\/share\/buttons\/lang\/es\/share-small.png\" style=\"border:0px; padding-top:2px; float:left;\" alt=\"Share Button\"\/><\/a><script type=\"text\/javascript\">var hupso_services_c=new Array(\"twitter\",\"facebook_like\",\"google\");var hupso_counters_lang = \"es_LA\";var hupso_image_folder_url = \"\";var hupso_twitter_via=\"crsyvrs\";var hupso_url_c=\"\";<\/script><script type=\"text\/javascript\" src=\"http:\/\/static.hupso.com\/share\/js\/counters.js\"><\/script><!-- Hupso Share Buttons --><\/div><p>En esta obra, una agente inmobiliaria frustrada e insastisfecha, debe mostrar un moderno y costoso departamento a una pareja de extranjeros. \u201cHidaldo\u201d, con dramaturgia y direcci\u00f3n de Mar\u00eda Marull, vuelve a escena con dos funciones semanales en su segunda&#46;&#46;&#46;<\/p>\n<div style=\"padding-bottom:20px; padding-top:10px;\" class=\"hupso-share-buttons\"><!-- Hupso Share Buttons - https:\/\/www.hupso.com\/share\/ --><a class=\"hupso_counters\" href=\"https:\/\/www.hupso.com\/share\/\"><img src=\"http:\/\/static.hupso.com\/share\/buttons\/lang\/es\/share-small.png\" style=\"border:0px; padding-top:2px; float:left;\" alt=\"Share Button\"\/><\/a><script type=\"text\/javascript\">var hupso_services_c=new Array(\"twitter\",\"facebook_like\",\"google\");var hupso_counters_lang = \"es_LA\";var hupso_image_folder_url = \"\";var hupso_twitter_via=\"crsyvrs\";var hupso_url_c=\"\";<\/script><script type=\"text\/javascript\" src=\"http:\/\/static.hupso.com\/share\/js\/counters.js\"><\/script><!-- Hupso Share Buttons --><\/div>","protected":false},"author":5,"featured_media":19390,"comment_status":"open","ping_status":"closed","sticky":false,"template":"","format":"standard","meta":{"footnotes":""},"categories":[5],"tags":[3753,8834,6754],"class_list":["post-19389","post","type-post","status-publish","format-standard","has-post-thumbnail","hentry","category-teatro","tag-el-camarin-de-las-musas","tag-maria-marul","tag-paula-marull"],"_links":{"self":[{"href":"http:\/\/cronicasyversiones.com\/index.php?rest_route=\/wp\/v2\/posts\/19389","targetHints":{"allow":["GET"]}}],"collection":[{"href":"http:\/\/cronicasyversiones.com\/index.php?rest_route=\/wp\/v2\/posts"}],"about":[{"href":"http:\/\/cronicasyversiones.com\/index.php?rest_route=\/wp\/v2\/types\/post"}],"author":[{"embeddable":true,"href":"http:\/\/cronicasyversiones.com\/index.php?rest_route=\/wp\/v2\/users\/5"}],"replies":[{"embeddable":true,"href":"http:\/\/cronicasyversiones.com\/index.php?rest_route=%2Fwp%2Fv2%2Fcomments&post=19389"}],"version-history":[{"count":0,"href":"http:\/\/cronicasyversiones.com\/index.php?rest_route=\/wp\/v2\/posts\/19389\/revisions"}],"wp:featuredmedia":[{"embeddable":true,"href":"http:\/\/cronicasyversiones.com\/index.php?rest_route=\/wp\/v2\/media\/19390"}],"wp:attachment":[{"href":"http:\/\/cronicasyversiones.com\/index.php?rest_route=%2Fwp%2Fv2%2Fmedia&parent=19389"}],"wp:term":[{"taxonomy":"category","embeddable":true,"href":"http:\/\/cronicasyversiones.com\/index.php?rest_route=%2Fwp%2Fv2%2Fcategories&post=19389"},{"taxonomy":"post_tag","embeddable":true,"href":"http:\/\/cronicasyversiones.com\/index.php?rest_route=%2Fwp%2Fv2%2Ftags&post=19389"}],"curies":[{"name":"wp","href":"https:\/\/api.w.org\/{rel}","templated":true}]}}