{"id":19502,"date":"2018-06-05T09:09:25","date_gmt":"2018-06-05T12:09:25","guid":{"rendered":"http:\/\/cronicasyversiones.com\/?p=19502"},"modified":"2018-06-05T09:09:25","modified_gmt":"2018-06-05T12:09:25","slug":"gonzalo-aloras-entre-novedades-y-clasicos-en-velvet-club","status":"publish","type":"post","link":"http:\/\/cronicasyversiones.com\/?p=19502","title":{"rendered":"Gonzalo Aloras, entre novedades y cl\u00e1sicos, en Velvet Club"},"content":{"rendered":"<div style=\"padding-bottom:20px; padding-top:10px;\" class=\"hupso-share-buttons\"><!-- Hupso Share Buttons - https:\/\/www.hupso.com\/share\/ --><a class=\"hupso_counters\" href=\"https:\/\/www.hupso.com\/share\/\"><img decoding=\"async\" src=\"http:\/\/static.hupso.com\/share\/buttons\/lang\/es\/share-small.png\" style=\"border:0px; padding-top:2px; float:left;\" alt=\"Share Button\"\/><\/a><script type=\"text\/javascript\">var hupso_services_c=new Array(\"twitter\",\"facebook_like\",\"google\");var hupso_counters_lang = \"es_LA\";var hupso_image_folder_url = \"\";var hupso_twitter_via=\"crsyvrs\";var hupso_url_c=\"\";<\/script><script type=\"text\/javascript\" src=\"http:\/\/static.hupso.com\/share\/js\/counters.js\"><\/script><!-- Hupso Share Buttons --><\/div><h2>El talentoso m\u00fasico rosarino regresa, junto con su \u00a0banda, a la escena porte\u00f1a despu\u00e9s de su reciente gira latinoamericana.<\/h2>\n<p><img loading=\"lazy\" decoding=\"async\" class=\"wp-image-19503 aligncenter\" src=\"http:\/\/cronicasyversiones.com\/wp-content\/uploads\/2018\/06\/ALORAS-1024x683.png\" alt=\"\" width=\"750\" height=\"500\" srcset=\"http:\/\/cronicasyversiones.com\/wp-content\/uploads\/2018\/06\/ALORAS-1024x683.png 1024w, http:\/\/cronicasyversiones.com\/wp-content\/uploads\/2018\/06\/ALORAS-300x200.png 300w, http:\/\/cronicasyversiones.com\/wp-content\/uploads\/2018\/06\/ALORAS-768x512.png 768w, http:\/\/cronicasyversiones.com\/wp-content\/uploads\/2018\/06\/ALORAS-480x320.png 480w, http:\/\/cronicasyversiones.com\/wp-content\/uploads\/2018\/06\/ALORAS.png 1280w\" sizes=\"auto, (max-width: 750px) 100vw, 750px\" \/><\/p>\n<p>Luego de su reciente gira latinoamericana, <strong>Gonzalo Aloras<\/strong> se presenta en Buenos Aires para versionar las canciones de su repertorio, que incluir\u00e1 tambi\u00e9n novedades y cl\u00e1sicos del cancionero local.<\/p>\n<p>La cita ser\u00e1 el viernes 15 de junio a las 21,30 en <strong>Velvet Club,<\/strong> el local ubicado en Salta 755, en el barrio porte\u00f1o de Monserrat.<\/p>\n<p>El m\u00fasico rosarino estar\u00e1 secundado por <strong>Nicol\u00e1s V\u00e9lez<\/strong> en bater\u00eda, <strong>Gabriel Lanatti<\/strong> en bajo y <strong>Mario Schiter,<\/strong> en calidad de m\u00fasico invitado en teclados.<\/p>\n<p>Compositor, productor art\u00edstico, cantante, pianista y guitarrista, irrumpi\u00f3 en la escena del rock argentino finales de los \u201980 con el tr\u00edo <strong>Mortadela Rancia.<\/strong> Mientras que ntre 2000 y 2004 grab\u00f3 y edit\u00f3 como m\u00fasico solista <em><strong>\u201cAlgo vuela\u201d<\/strong><\/em>, donde participan Fito P\u00e1ez, Charly Garc\u00eda, Claudio Cardone, Guillermo Vadal\u00e1, Nico Cota y Nicol\u00e1s Purman.<\/p>\n<p>En 2005 edit\u00f3 <em><strong>\u201cVisi\u00f3n\u201d,<\/strong><\/em> su primer simple virtual llamado y recibi\u00f3 un premio MUSI al \u201cmejor artista pop rosarino\u201d, realizando su primera presentaci\u00f3n a d\u00fao junto a Litto Nebbia con quien comenzar\u00e1 una serie de proyectos musicales.<\/p>\n<p>Entre 1999 y 2006 form\u00f3 parte de la banda de Fito P\u00e1ez y particip\u00f3 en sus discos como int\u00e9rprete y arreglador. A fines de 2008 edit\u00f3 <em><strong>\u201cSuperh\u00e9roes\u201d<\/strong><\/em>, un homenaje a sus tres grandes maestros: Litto Nebbia, Charly Garc\u00eda y Luis Alberto Spinetta, con versiones de estos autores en guitarra ac\u00fastica y piano de cola.<\/p>\n<p><em><strong>LEA TAMBI\u00c9N:<\/strong> <\/em><\/p>\n<div class=\"video-container\">\n<blockquote class=\"wp-embedded-content\" data-secret=\"nH84bpIf2t\"><p><a href=\"http:\/\/cronicasyversiones.com\/?p=19053\">El cantautor espa\u00f1ol El Kanka regresa a la Argentina<\/a><\/p><\/blockquote>\n<p><iframe loading=\"lazy\" class=\"wp-embedded-content\" sandbox=\"allow-scripts\" security=\"restricted\" style=\"position: absolute; clip: rect(1px, 1px, 1px, 1px);\" title=\"\u00abEl cantautor espa\u00f1ol El Kanka regresa a la Argentina\u00bb \u2014    \" src=\"http:\/\/cronicasyversiones.com\/?p=19053&#038;embed=true#?secret=vSk1FKIvDA#?secret=nH84bpIf2t\" data-secret=\"nH84bpIf2t\" width=\"600\" height=\"338\" frameborder=\"0\" marginwidth=\"0\" marginheight=\"0\" scrolling=\"no\"><\/iframe><\/div>\n<p>En el 2011 termin\u00f3 de realizar el disco <em><strong>\u201cAguas\u201d<\/strong><\/em>, su primer producci\u00f3n art\u00edstica para la nueva banda de rock rosarina Intr\u00e9pidos Navegantes e interpret\u00f3 las canciones que musicalizaron la ficci\u00f3n para televisi\u00f3n \u201cContra las cuerdas emitida\u201d, de la Televisi\u00f3n P\u00fablica.<\/p>\n<p>Durante el a\u00f1o 2011 edit\u00f3 su disco<em><strong> \u201c12\u201d.<\/strong><\/em> En ese trabajo participaron Luis Alberto Spinetta, Litto Nebbia, Fito P\u00e1ez, Juanse, Javier Malosetti, Francisco Fattoruso y Fernando Samalea, entre otros.<\/p>\n<p>En 2017 se edit\u00f3 su disco<em><strong> \u201cDigital\u201d,<\/strong><\/em> hecho con sonidos electr\u00f3nicos anal\u00f3gicos y digitales, en el que participa parte de la nueva generaci\u00f3n de la escena indie argentina, como Juan Ingaramo, Ezequiel Spinelli, Kobra Kei, Naomi Preizler, Jeremy Flagelo, Lesbiano, Juliana Camelli, Dani P\u00e9rez, Gonzalo Rossi y Juan Armani, entre otros.<\/p>\n<div style=\"padding-bottom:20px; padding-top:10px;\" class=\"hupso-share-buttons\"><!-- Hupso Share Buttons - https:\/\/www.hupso.com\/share\/ --><a class=\"hupso_counters\" href=\"https:\/\/www.hupso.com\/share\/\"><img decoding=\"async\" src=\"http:\/\/static.hupso.com\/share\/buttons\/lang\/es\/share-small.png\" style=\"border:0px; padding-top:2px; float:left;\" alt=\"Share Button\"\/><\/a><script type=\"text\/javascript\">var hupso_services_c=new Array(\"twitter\",\"facebook_like\",\"google\");var hupso_counters_lang = \"es_LA\";var hupso_image_folder_url = \"\";var hupso_twitter_via=\"crsyvrs\";var hupso_url_c=\"\";<\/script><script type=\"text\/javascript\" src=\"http:\/\/static.hupso.com\/share\/js\/counters.js\"><\/script><!-- Hupso Share Buttons --><\/div> ","protected":false},"excerpt":{"rendered":"<div style=\"padding-bottom:20px; padding-top:10px;\" class=\"hupso-share-buttons\"><!-- Hupso Share Buttons - https:\/\/www.hupso.com\/share\/ --><a class=\"hupso_counters\" href=\"https:\/\/www.hupso.com\/share\/\"><img src=\"http:\/\/static.hupso.com\/share\/buttons\/lang\/es\/share-small.png\" style=\"border:0px; padding-top:2px; float:left;\" alt=\"Share Button\"\/><\/a><script type=\"text\/javascript\">var hupso_services_c=new Array(\"twitter\",\"facebook_like\",\"google\");var hupso_counters_lang = \"es_LA\";var hupso_image_folder_url = \"\";var hupso_twitter_via=\"crsyvrs\";var hupso_url_c=\"\";<\/script><script type=\"text\/javascript\" src=\"http:\/\/static.hupso.com\/share\/js\/counters.js\"><\/script><!-- Hupso Share Buttons --><\/div><p>El talentoso m\u00fasico rosarino regresa, junto con su \u00a0banda, a la escena porte\u00f1a despu\u00e9s de su reciente gira latinoamericana. Luego de su reciente gira latinoamericana, Gonzalo Aloras se presenta en Buenos Aires para versionar las canciones de su repertorio,&#46;&#46;&#46;<\/p>\n<div style=\"padding-bottom:20px; padding-top:10px;\" class=\"hupso-share-buttons\"><!-- Hupso Share Buttons - https:\/\/www.hupso.com\/share\/ --><a class=\"hupso_counters\" href=\"https:\/\/www.hupso.com\/share\/\"><img src=\"http:\/\/static.hupso.com\/share\/buttons\/lang\/es\/share-small.png\" style=\"border:0px; padding-top:2px; float:left;\" alt=\"Share Button\"\/><\/a><script type=\"text\/javascript\">var hupso_services_c=new Array(\"twitter\",\"facebook_like\",\"google\");var hupso_counters_lang = \"es_LA\";var hupso_image_folder_url = \"\";var hupso_twitter_via=\"crsyvrs\";var hupso_url_c=\"\";<\/script><script type=\"text\/javascript\" src=\"http:\/\/static.hupso.com\/share\/js\/counters.js\"><\/script><!-- Hupso Share Buttons --><\/div>","protected":false},"author":5,"featured_media":19503,"comment_status":"open","ping_status":"closed","sticky":false,"template":"","format":"standard","meta":{"footnotes":""},"categories":[3],"tags":[4193,8519],"class_list":["post-19502","post","type-post","status-publish","format-standard","has-post-thumbnail","hentry","category-musica","tag-gonzalo-aloras","tag-velvet-club"],"_links":{"self":[{"href":"http:\/\/cronicasyversiones.com\/index.php?rest_route=\/wp\/v2\/posts\/19502","targetHints":{"allow":["GET"]}}],"collection":[{"href":"http:\/\/cronicasyversiones.com\/index.php?rest_route=\/wp\/v2\/posts"}],"about":[{"href":"http:\/\/cronicasyversiones.com\/index.php?rest_route=\/wp\/v2\/types\/post"}],"author":[{"embeddable":true,"href":"http:\/\/cronicasyversiones.com\/index.php?rest_route=\/wp\/v2\/users\/5"}],"replies":[{"embeddable":true,"href":"http:\/\/cronicasyversiones.com\/index.php?rest_route=%2Fwp%2Fv2%2Fcomments&post=19502"}],"version-history":[{"count":0,"href":"http:\/\/cronicasyversiones.com\/index.php?rest_route=\/wp\/v2\/posts\/19502\/revisions"}],"wp:featuredmedia":[{"embeddable":true,"href":"http:\/\/cronicasyversiones.com\/index.php?rest_route=\/wp\/v2\/media\/19503"}],"wp:attachment":[{"href":"http:\/\/cronicasyversiones.com\/index.php?rest_route=%2Fwp%2Fv2%2Fmedia&parent=19502"}],"wp:term":[{"taxonomy":"category","embeddable":true,"href":"http:\/\/cronicasyversiones.com\/index.php?rest_route=%2Fwp%2Fv2%2Fcategories&post=19502"},{"taxonomy":"post_tag","embeddable":true,"href":"http:\/\/cronicasyversiones.com\/index.php?rest_route=%2Fwp%2Fv2%2Ftags&post=19502"}],"curies":[{"name":"wp","href":"https:\/\/api.w.org\/{rel}","templated":true}]}}