{"id":19581,"date":"2018-06-12T00:06:31","date_gmt":"2018-06-12T03:06:31","guid":{"rendered":"http:\/\/cronicasyversiones.com\/?p=19581"},"modified":"2018-06-11T21:40:04","modified_gmt":"2018-06-12T00:40:04","slug":"jane-fonda-recibira-el-premio-lumiere","status":"publish","type":"post","link":"http:\/\/cronicasyversiones.com\/?p=19581","title":{"rendered":"Jane Fonda recibir\u00e1 el premio Lumiere"},"content":{"rendered":"<div style=\"padding-bottom:20px; padding-top:10px;\" class=\"hupso-share-buttons\"><!-- Hupso Share Buttons - https:\/\/www.hupso.com\/share\/ --><a class=\"hupso_counters\" href=\"https:\/\/www.hupso.com\/share\/\"><img decoding=\"async\" src=\"http:\/\/static.hupso.com\/share\/buttons\/lang\/es\/share-small.png\" style=\"border:0px; padding-top:2px; float:left;\" alt=\"Share Button\"\/><\/a><script type=\"text\/javascript\">var hupso_services_c=new Array(\"twitter\",\"facebook_like\",\"google\");var hupso_counters_lang = \"es_LA\";var hupso_image_folder_url = \"\";var hupso_twitter_via=\"crsyvrs\";var hupso_url_c=\"\";<\/script><script type=\"text\/javascript\" src=\"http:\/\/static.hupso.com\/share\/js\/counters.js\"><\/script><!-- Hupso Share Buttons --><\/div><h2>La actriz y productora estadounidense\u00a0 es la segunda mujer en lograr este galard\u00f3n, despu\u00e9s de Catherine Deneuve en 2016.<\/h2>\n<p><img loading=\"lazy\" decoding=\"async\" class=\"size-full wp-image-19582 aligncenter\" src=\"http:\/\/cronicasyversiones.com\/wp-content\/uploads\/2018\/06\/jane.jpg\" alt=\"\" width=\"900\" height=\"502\" srcset=\"http:\/\/cronicasyversiones.com\/wp-content\/uploads\/2018\/06\/jane.jpg 900w, http:\/\/cronicasyversiones.com\/wp-content\/uploads\/2018\/06\/jane-300x167.jpg 300w, http:\/\/cronicasyversiones.com\/wp-content\/uploads\/2018\/06\/jane-768x428.jpg 768w\" sizes=\"auto, (max-width: 900px) 100vw, 900px\" \/><\/p>\n<p><strong>Jane Fonda<\/strong> recibir\u00e1 en octubre el premio Lumiere, con el que el festival hom\u00f3nimo de<strong> Lyon<\/strong> distingue cada a\u00f1o a una personalidad de la pantalla grande.<\/p>\n<p>Precisamente, en el mismo lugar de la premiaci\u00f3n los hermanos <strong>Louis y Auguste Lumiere<\/strong> patentaron el cinemat\u00f3grafo, en 1895.<\/p>\n<p>La actriz y productora estadounidense \u00a0es la segunda mujer en obtener esa distinci\u00f3n, despu\u00e9s de <strong>Catherine Deneuve<\/strong> en 2016, y se suma en esta d\u00e9cima edici\u00f3n a una lista integrada por Clint Eastwood (2009), Quentin Tarantino (2013), Pedro Almod\u00f3var (2014) y Wong Kar-wai (2017), entre otros grandes.<\/p>\n<p>La cita tendr\u00e1 lugar entre los pr\u00f3ximos 13 y 21 de octubre e incluye proyecciones, exposiciones y encuentros con profesionales del sector, con invitados de honor como la cineasta noruega Liv Ullmann y una retrospectiva dedicada al director franc\u00e9s <strong>Henri Decoin.<\/strong><\/p>\n<p><em><strong>LEA TAMBI\u00c9N:<\/strong> <\/em><\/p>\n<div class=\"video-container\">\n<blockquote class=\"wp-embedded-content\" data-secret=\"aF6Uy9diQH\"><p><a href=\"http:\/\/cronicasyversiones.com\/?p=19083\">Cannes homenajear\u00e1 a Jane Fonda y John Travolta<\/a><\/p><\/blockquote>\n<p><iframe loading=\"lazy\" class=\"wp-embedded-content\" sandbox=\"allow-scripts\" security=\"restricted\" style=\"position: absolute; clip: rect(1px, 1px, 1px, 1px);\" title=\"\u00abCannes homenajear\u00e1 a Jane Fonda y John Travolta\u00bb \u2014    \" src=\"http:\/\/cronicasyversiones.com\/?p=19083&#038;embed=true#?secret=jsk5eZXcdf#?secret=aF6Uy9diQH\" data-secret=\"aF6Uy9diQH\" width=\"600\" height=\"338\" frameborder=\"0\" marginwidth=\"0\" marginheight=\"0\" scrolling=\"no\"><\/iframe><\/div>\n<p>Nacida en Nueva York, el 21 de diciembre de 1937, traz\u00f3 una carrera con dos Oscar, por <em><strong>\u00abKlute\u00bb <\/strong><\/em>en 1972 y<em><strong> \u00abEl regreso\u00bb<\/strong><\/em> en 1979, y brill\u00f3 en films en <em><strong>\u201cJulia\u201d, \u201cEn el estanque dorado\u201d <\/strong><\/em>y <em><strong>\u201cEl s\u00edndrome de China\u201d.<\/strong><\/em><\/p>\n<p>Esta legendaria artista, de 80 a\u00f1os, \u00abha brillado en el firmamento de Hollywood sin renunciar nunca a sus convicciones\u00bb, destac\u00f3 sobre ella el certamen, dirigido por Thierry Fremaux, quien tambi\u00e9n ejerce de delegado general del Festival de Cannes.<\/p>\n<div style=\"padding-bottom:20px; padding-top:10px;\" class=\"hupso-share-buttons\"><!-- Hupso Share Buttons - https:\/\/www.hupso.com\/share\/ --><a class=\"hupso_counters\" href=\"https:\/\/www.hupso.com\/share\/\"><img decoding=\"async\" src=\"http:\/\/static.hupso.com\/share\/buttons\/lang\/es\/share-small.png\" style=\"border:0px; padding-top:2px; float:left;\" alt=\"Share Button\"\/><\/a><script type=\"text\/javascript\">var hupso_services_c=new Array(\"twitter\",\"facebook_like\",\"google\");var hupso_counters_lang = \"es_LA\";var hupso_image_folder_url = \"\";var hupso_twitter_via=\"crsyvrs\";var hupso_url_c=\"\";<\/script><script type=\"text\/javascript\" src=\"http:\/\/static.hupso.com\/share\/js\/counters.js\"><\/script><!-- Hupso Share Buttons --><\/div> ","protected":false},"excerpt":{"rendered":"<div style=\"padding-bottom:20px; padding-top:10px;\" class=\"hupso-share-buttons\"><!-- Hupso Share Buttons - https:\/\/www.hupso.com\/share\/ --><a class=\"hupso_counters\" href=\"https:\/\/www.hupso.com\/share\/\"><img src=\"http:\/\/static.hupso.com\/share\/buttons\/lang\/es\/share-small.png\" style=\"border:0px; padding-top:2px; float:left;\" alt=\"Share Button\"\/><\/a><script type=\"text\/javascript\">var hupso_services_c=new Array(\"twitter\",\"facebook_like\",\"google\");var hupso_counters_lang = \"es_LA\";var hupso_image_folder_url = \"\";var hupso_twitter_via=\"crsyvrs\";var hupso_url_c=\"\";<\/script><script type=\"text\/javascript\" src=\"http:\/\/static.hupso.com\/share\/js\/counters.js\"><\/script><!-- Hupso Share Buttons --><\/div><p>La actriz y productora estadounidense\u00a0 es la segunda mujer en lograr este galard\u00f3n, despu\u00e9s de Catherine Deneuve en 2016. Jane Fonda recibir\u00e1 en octubre el premio Lumiere, con el que el festival hom\u00f3nimo de Lyon distingue cada a\u00f1o a&#46;&#46;&#46;<\/p>\n<div style=\"padding-bottom:20px; padding-top:10px;\" class=\"hupso-share-buttons\"><!-- Hupso Share Buttons - https:\/\/www.hupso.com\/share\/ --><a class=\"hupso_counters\" href=\"https:\/\/www.hupso.com\/share\/\"><img src=\"http:\/\/static.hupso.com\/share\/buttons\/lang\/es\/share-small.png\" style=\"border:0px; padding-top:2px; float:left;\" alt=\"Share Button\"\/><\/a><script type=\"text\/javascript\">var hupso_services_c=new Array(\"twitter\",\"facebook_like\",\"google\");var hupso_counters_lang = \"es_LA\";var hupso_image_folder_url = \"\";var hupso_twitter_via=\"crsyvrs\";var hupso_url_c=\"\";<\/script><script type=\"text\/javascript\" src=\"http:\/\/static.hupso.com\/share\/js\/counters.js\"><\/script><!-- Hupso Share Buttons --><\/div>","protected":false},"author":5,"featured_media":19582,"comment_status":"open","ping_status":"closed","sticky":false,"template":"","format":"standard","meta":{"footnotes":""},"categories":[4],"tags":[4404,3711],"class_list":["post-19581","post","type-post","status-publish","format-standard","has-post-thumbnail","hentry","category-cine","tag-jane-fonda","tag-lumiere"],"_links":{"self":[{"href":"http:\/\/cronicasyversiones.com\/index.php?rest_route=\/wp\/v2\/posts\/19581","targetHints":{"allow":["GET"]}}],"collection":[{"href":"http:\/\/cronicasyversiones.com\/index.php?rest_route=\/wp\/v2\/posts"}],"about":[{"href":"http:\/\/cronicasyversiones.com\/index.php?rest_route=\/wp\/v2\/types\/post"}],"author":[{"embeddable":true,"href":"http:\/\/cronicasyversiones.com\/index.php?rest_route=\/wp\/v2\/users\/5"}],"replies":[{"embeddable":true,"href":"http:\/\/cronicasyversiones.com\/index.php?rest_route=%2Fwp%2Fv2%2Fcomments&post=19581"}],"version-history":[{"count":0,"href":"http:\/\/cronicasyversiones.com\/index.php?rest_route=\/wp\/v2\/posts\/19581\/revisions"}],"wp:featuredmedia":[{"embeddable":true,"href":"http:\/\/cronicasyversiones.com\/index.php?rest_route=\/wp\/v2\/media\/19582"}],"wp:attachment":[{"href":"http:\/\/cronicasyversiones.com\/index.php?rest_route=%2Fwp%2Fv2%2Fmedia&parent=19581"}],"wp:term":[{"taxonomy":"category","embeddable":true,"href":"http:\/\/cronicasyversiones.com\/index.php?rest_route=%2Fwp%2Fv2%2Fcategories&post=19581"},{"taxonomy":"post_tag","embeddable":true,"href":"http:\/\/cronicasyversiones.com\/index.php?rest_route=%2Fwp%2Fv2%2Ftags&post=19581"}],"curies":[{"name":"wp","href":"https:\/\/api.w.org\/{rel}","templated":true}]}}