{"id":19603,"date":"2018-06-16T00:02:20","date_gmt":"2018-06-16T03:02:20","guid":{"rendered":"http:\/\/cronicasyversiones.com\/?p=19603"},"modified":"2018-06-15T14:21:57","modified_gmt":"2018-06-15T17:21:57","slug":"tiren-papelitos-mundial-78-entre-la-fiesta-y-el-horror-en-el-parque-de-la-memoria","status":"publish","type":"post","link":"http:\/\/cronicasyversiones.com\/?p=19603","title":{"rendered":"\u00abTiren papelitos. Mundial &#8217;78 entre la fiesta y el horror\u00bb, en el Parque de la Memoria"},"content":{"rendered":"<div style=\"padding-bottom:20px; padding-top:10px;\" class=\"hupso-share-buttons\"><!-- Hupso Share Buttons - https:\/\/www.hupso.com\/share\/ --><a class=\"hupso_counters\" href=\"https:\/\/www.hupso.com\/share\/\"><img decoding=\"async\" src=\"http:\/\/static.hupso.com\/share\/buttons\/lang\/es\/share-small.png\" style=\"border:0px; padding-top:2px; float:left;\" alt=\"Share Button\"\/><\/a><script type=\"text\/javascript\">var hupso_services_c=new Array(\"twitter\",\"facebook_like\",\"google\");var hupso_counters_lang = \"es_LA\";var hupso_image_folder_url = \"\";var hupso_twitter_via=\"crsyvrs\";var hupso_url_c=\"\";<\/script><script type=\"text\/javascript\" src=\"http:\/\/static.hupso.com\/share\/js\/counters.js\"><\/script><!-- Hupso Share Buttons --><\/div><h2>Esta propuesta parte de\u00a0\u201cPapelitos\u201d,\u00a0 una investigaci\u00f3n multiplataforma de NAN y Memoria Abierta, que reconstruye 78 historias del Mundial 78.<\/h2>\n<p><img loading=\"lazy\" decoding=\"async\" class=\"wp-image-19632 aligncenter\" src=\"http:\/\/cronicasyversiones.com\/wp-content\/uploads\/2018\/06\/tiren-papelitos-el-mundial-78-entre-la-fiesta-y-el-horror-333587-1024x575.jpg\" alt=\"\" width=\"753\" height=\"423\" srcset=\"http:\/\/cronicasyversiones.com\/wp-content\/uploads\/2018\/06\/tiren-papelitos-el-mundial-78-entre-la-fiesta-y-el-horror-333587-1024x575.jpg 1024w, http:\/\/cronicasyversiones.com\/wp-content\/uploads\/2018\/06\/tiren-papelitos-el-mundial-78-entre-la-fiesta-y-el-horror-333587-300x168.jpg 300w, http:\/\/cronicasyversiones.com\/wp-content\/uploads\/2018\/06\/tiren-papelitos-el-mundial-78-entre-la-fiesta-y-el-horror-333587-768x431.jpg 768w, http:\/\/cronicasyversiones.com\/wp-content\/uploads\/2018\/06\/tiren-papelitos-el-mundial-78-entre-la-fiesta-y-el-horror-333587.jpg 1300w\" sizes=\"auto, (max-width: 753px) 100vw, 753px\" \/><\/p>\n<p>La muestra<em><strong> \u00abTiren papelitos. Mundial &#8217;78 entre la fiesta y el horror\u00bb,<\/strong><\/em> \u00a0a 40 a\u00f1os del Mundial \u201978, se puede visitar en el porte\u00f1o <strong>Parque de la Memoria,<\/strong> ubicado en avenida Costanera Norte Rafael Obligado 6745.<\/p>\n<p><em><strong>\u201cPapelitos\u201d<\/strong> <\/em>es una investigaci\u00f3n multiplataforma de <strong>NAN <\/strong>y<strong> Memoria Abierta,<\/strong> que reconstruye 78 historias del Mundial 78, la Copa del Mundo ganada por la \u00a0Argentina en plena dictadura militar.<\/p>\n<p>La muestra pone en di\u00e1logo testimonios audiovisuales -como los de <strong>Estela de Carlotto<\/strong>, titular de Abuelas de Plaza de Mayo, y <strong>Ubaldo Matildo Fillol,<\/strong> arquero de la selecci\u00f3n de f\u00fatbol argentina de 1978-, con obra de los artistas Diana Dowek, Marcos L\u00f3pez, Jos\u00e9 Luis Landet, Adriana Bustos, Carlos Trilnick, Rosana Fuertes, Mariana Teller\u00eda y del escritor Mart\u00edn Kohan.<\/p>\n<p>De esta forma, la exposici\u00f3n realizada por el equipo de investigaci\u00f3n de <strong>Parque de la Memoria<\/strong> articula voces m\u00faltiples mediante audiovisuales, documentaci\u00f3n de archivo y obras de arte contempor\u00e1neo con el fin de revisitar uno de los per\u00edodos m\u00e1s problem\u00e1ticos de la historia argentina reciente.<\/p>\n<p>Cuenta la historia que, a fin de organizar el Mundial y de acallar las cr\u00edticas contra la Argentina por la sistem\u00e1tica violaci\u00f3n a los derechos humanos, la Junta Militar puso en marcha el <em><strong>\u00abOperativo Copa del Mundo 1978\u00bb.<\/strong><\/em><\/p>\n<p>La muestra podr\u00e1 visitarse de lunes a viernes de 10 a 17 y los s\u00e1bados, domingos y feriados de 11 a 18, con entrada gratuita, hasta el 20 de agosto.<\/p>\n<p><em><strong>LEA TAMBI\u00c9N:\u00a0<\/strong><\/em><\/p>\n<div class=\"video-container\">\n<blockquote class=\"wp-embedded-content\" data-secret=\"ZBTZcbouyn\"><p><a href=\"http:\/\/cronicasyversiones.com\/?p=19462\">Soy de la quinta que vio el Mundial  &#8217;78<\/a><\/p><\/blockquote>\n<p><iframe loading=\"lazy\" class=\"wp-embedded-content\" sandbox=\"allow-scripts\" security=\"restricted\" style=\"position: absolute; clip: rect(1px, 1px, 1px, 1px);\" title=\"\u00abSoy de la quinta que vio el Mundial  &#8217;78\u00bb \u2014    \" src=\"http:\/\/cronicasyversiones.com\/?p=19462&#038;embed=true#?secret=lEF5u9mjx9#?secret=ZBTZcbouyn\" data-secret=\"ZBTZcbouyn\" width=\"600\" height=\"338\" frameborder=\"0\" marginwidth=\"0\" marginheight=\"0\" scrolling=\"no\"><\/iframe><\/div>\n<h2>\u201cEl Mundial en la ESMA\u201d<\/h2>\n<p>Por su parte, el 28 de junio se inaugurar\u00e1 la muestra <em><strong>\u201cEl Mundial en la ESMA\u201d<\/strong><\/em> dentro del Museo del Sitio de Memoria. Esta exhibici\u00f3n es parte de esta coordinaci\u00f3n de iniciativas para recordar cr\u00edticamente lo sucedido en junio de 1978.<\/p>\n<p>La muestra se inaugurar\u00e1 el 28 de junio a las 12 en avenida del Libertador 8151 y podr\u00e1 recorrerse de martes a domingos de 10 a 17, con entrada gratuita. El contenido no es apto para menores de 12 a\u00f1os.<\/p>\n<p>Habr\u00e1 visitas tem\u00e1ticas sobre el Mundial 78 para estudiantes de escuelas medias, que pueden realizar sus consultas en la casilla de correo electr\u00f3nico <strong>institucionalsitioESMA@jus.gov.ar<\/strong>, al tel\u00e9fono (11) 5300 4000 interno 79178, o en www.facebook.com\/SitiodeMemoriaESMA.<\/p>\n<div style=\"padding-bottom:20px; padding-top:10px;\" class=\"hupso-share-buttons\"><!-- Hupso Share Buttons - https:\/\/www.hupso.com\/share\/ --><a class=\"hupso_counters\" href=\"https:\/\/www.hupso.com\/share\/\"><img decoding=\"async\" src=\"http:\/\/static.hupso.com\/share\/buttons\/lang\/es\/share-small.png\" style=\"border:0px; padding-top:2px; float:left;\" alt=\"Share Button\"\/><\/a><script type=\"text\/javascript\">var hupso_services_c=new Array(\"twitter\",\"facebook_like\",\"google\");var hupso_counters_lang = \"es_LA\";var hupso_image_folder_url = \"\";var hupso_twitter_via=\"crsyvrs\";var hupso_url_c=\"\";<\/script><script type=\"text\/javascript\" src=\"http:\/\/static.hupso.com\/share\/js\/counters.js\"><\/script><!-- Hupso Share Buttons --><\/div> ","protected":false},"excerpt":{"rendered":"<div style=\"padding-bottom:20px; padding-top:10px;\" class=\"hupso-share-buttons\"><!-- Hupso Share Buttons - https:\/\/www.hupso.com\/share\/ --><a class=\"hupso_counters\" href=\"https:\/\/www.hupso.com\/share\/\"><img src=\"http:\/\/static.hupso.com\/share\/buttons\/lang\/es\/share-small.png\" style=\"border:0px; padding-top:2px; float:left;\" alt=\"Share Button\"\/><\/a><script type=\"text\/javascript\">var hupso_services_c=new Array(\"twitter\",\"facebook_like\",\"google\");var hupso_counters_lang = \"es_LA\";var hupso_image_folder_url = \"\";var hupso_twitter_via=\"crsyvrs\";var hupso_url_c=\"\";<\/script><script type=\"text\/javascript\" src=\"http:\/\/static.hupso.com\/share\/js\/counters.js\"><\/script><!-- Hupso Share Buttons --><\/div><p>Esta propuesta parte de\u00a0\u201cPapelitos\u201d,\u00a0 una investigaci\u00f3n multiplataforma de NAN y Memoria Abierta, que reconstruye 78 historias del Mundial 78. La muestra \u00abTiren papelitos. Mundial &#8217;78 entre la fiesta y el horror\u00bb, \u00a0a 40 a\u00f1os del Mundial \u201978, se puede&#46;&#46;&#46;<\/p>\n<div style=\"padding-bottom:20px; padding-top:10px;\" class=\"hupso-share-buttons\"><!-- Hupso Share Buttons - https:\/\/www.hupso.com\/share\/ --><a class=\"hupso_counters\" href=\"https:\/\/www.hupso.com\/share\/\"><img src=\"http:\/\/static.hupso.com\/share\/buttons\/lang\/es\/share-small.png\" style=\"border:0px; padding-top:2px; float:left;\" alt=\"Share Button\"\/><\/a><script type=\"text\/javascript\">var hupso_services_c=new Array(\"twitter\",\"facebook_like\",\"google\");var hupso_counters_lang = \"es_LA\";var hupso_image_folder_url = \"\";var hupso_twitter_via=\"crsyvrs\";var hupso_url_c=\"\";<\/script><script type=\"text\/javascript\" src=\"http:\/\/static.hupso.com\/share\/js\/counters.js\"><\/script><!-- Hupso Share Buttons --><\/div>","protected":false},"author":5,"featured_media":19632,"comment_status":"open","ping_status":"closed","sticky":false,"template":"","format":"standard","meta":{"footnotes":""},"categories":[9],"tags":[1999],"class_list":["post-19603","post","type-post","status-publish","format-standard","has-post-thumbnail","hentry","category-sociedad","tag-futbol"],"_links":{"self":[{"href":"http:\/\/cronicasyversiones.com\/index.php?rest_route=\/wp\/v2\/posts\/19603","targetHints":{"allow":["GET"]}}],"collection":[{"href":"http:\/\/cronicasyversiones.com\/index.php?rest_route=\/wp\/v2\/posts"}],"about":[{"href":"http:\/\/cronicasyversiones.com\/index.php?rest_route=\/wp\/v2\/types\/post"}],"author":[{"embeddable":true,"href":"http:\/\/cronicasyversiones.com\/index.php?rest_route=\/wp\/v2\/users\/5"}],"replies":[{"embeddable":true,"href":"http:\/\/cronicasyversiones.com\/index.php?rest_route=%2Fwp%2Fv2%2Fcomments&post=19603"}],"version-history":[{"count":0,"href":"http:\/\/cronicasyversiones.com\/index.php?rest_route=\/wp\/v2\/posts\/19603\/revisions"}],"wp:featuredmedia":[{"embeddable":true,"href":"http:\/\/cronicasyversiones.com\/index.php?rest_route=\/wp\/v2\/media\/19632"}],"wp:attachment":[{"href":"http:\/\/cronicasyversiones.com\/index.php?rest_route=%2Fwp%2Fv2%2Fmedia&parent=19603"}],"wp:term":[{"taxonomy":"category","embeddable":true,"href":"http:\/\/cronicasyversiones.com\/index.php?rest_route=%2Fwp%2Fv2%2Fcategories&post=19603"},{"taxonomy":"post_tag","embeddable":true,"href":"http:\/\/cronicasyversiones.com\/index.php?rest_route=%2Fwp%2Fv2%2Ftags&post=19603"}],"curies":[{"name":"wp","href":"https:\/\/api.w.org\/{rel}","templated":true}]}}