{"id":19619,"date":"2018-06-15T00:04:52","date_gmt":"2018-06-15T03:04:52","guid":{"rendered":"http:\/\/cronicasyversiones.com\/?p=19619"},"modified":"2018-06-14T19:51:36","modified_gmt":"2018-06-14T22:51:36","slug":"netflix-estrena-la-segunda-temporada-de-la-reina-del-sur","status":"publish","type":"post","link":"http:\/\/cronicasyversiones.com\/?p=19619","title":{"rendered":"Netflix estrena la segunda temporada de \u201cLa reina del sur\u201d"},"content":{"rendered":"<div style=\"padding-bottom:20px; padding-top:10px;\" class=\"hupso-share-buttons\"><!-- Hupso Share Buttons - https:\/\/www.hupso.com\/share\/ --><a class=\"hupso_counters\" href=\"https:\/\/www.hupso.com\/share\/\"><img decoding=\"async\" src=\"http:\/\/static.hupso.com\/share\/buttons\/lang\/es\/share-small.png\" style=\"border:0px; padding-top:2px; float:left;\" alt=\"Share Button\"\/><\/a><script type=\"text\/javascript\">var hupso_services_c=new Array(\"twitter\",\"facebook_like\",\"google\");var hupso_counters_lang = \"es_LA\";var hupso_image_folder_url = \"\";var hupso_twitter_via=\"crsyvrs\";var hupso_url_c=\"\";<\/script><script type=\"text\/javascript\" src=\"http:\/\/static.hupso.com\/share\/js\/counters.js\"><\/script><!-- Hupso Share Buttons --><\/div><h2>Esta serie adapta la exitosa telenovela de la pol\u00e9mica Kate del Castillo, a su vez basada en la novela hom\u00f3nima de Arturo P\u00e9rez-Reverte.<\/h2>\n<p><img loading=\"lazy\" decoding=\"async\" class=\"wp-image-19620 aligncenter\" src=\"http:\/\/cronicasyversiones.com\/wp-content\/uploads\/2018\/06\/reina.jpg\" alt=\"\" width=\"750\" height=\"430\" srcset=\"http:\/\/cronicasyversiones.com\/wp-content\/uploads\/2018\/06\/reina.jpg 924w, http:\/\/cronicasyversiones.com\/wp-content\/uploads\/2018\/06\/reina-300x172.jpg 300w, http:\/\/cronicasyversiones.com\/wp-content\/uploads\/2018\/06\/reina-768x441.jpg 768w\" sizes=\"auto, (max-width: 750px) 100vw, 750px\" \/><\/p>\n<p><em><strong>\u201cLa reina del sur\u201d<\/strong><\/em>, serie estadounidense que adapta la exitosa telenovela de la pol\u00e9mica <strong>Kate del Castillo<\/strong> -a su vez basada en la novela hom\u00f3nima de Arturo P\u00e9rez-Reverte- sobre una joven mexicana que llega a convertirse en la reina de la droga en el sur de Espa\u00f1a, ya est\u00e1 disponible en<strong> Netflix.<\/strong><\/p>\n<p>Los nuevos 13 episodios de la serie que emite originalmente el canal USA Network en Estados Unidos retoman la historia de <strong>Teresa (la brasile\u00f1a Alice Braga, \u201cCiudad de Dios\u201d)<\/strong> en una trayectoria que va desde que es obligada a trabajar para el c\u00e1rtel que recientemente asesin\u00f3 a su novio hasta su ambiciosa escalada en el poder narco.<\/p>\n<p>Esta segunda entrega seguir\u00e1 a Teresa Mendoza ocho a\u00f1os despu\u00e9s de los eventos de la primera temporada.<\/p>\n<p><em><strong>LEA TAMBI\u00c9N:<\/strong> <\/em><\/p>\n<div class=\"video-container\">\n<blockquote class=\"wp-embedded-content\" data-secret=\"rmmUthuEl7\"><p><a href=\"https:\/\/cronicasyversiones.com\/?p=19109\">Christopher Meloni protagoniza \u201cHappy!\u201d por Netflix<\/a><\/p><\/blockquote>\n<p><iframe loading=\"lazy\" class=\"wp-embedded-content\" sandbox=\"allow-scripts\" security=\"restricted\" style=\"position: absolute; clip: rect(1px, 1px, 1px, 1px);\" title=\"\u00abChristopher Meloni protagoniza \u201cHappy!\u201d por Netflix\u00bb \u2014    \" src=\"https:\/\/cronicasyversiones.com\/?p=19109&#038;embed=true#?secret=g54d4BNXMz#?secret=rmmUthuEl7\" data-secret=\"rmmUthuEl7\" width=\"600\" height=\"338\" frameborder=\"0\" marginwidth=\"0\" marginheight=\"0\" scrolling=\"no\"><\/iframe><\/div>\n<p>Desaparecida para el resto del mundo, Teresa ahora vive una id\u00edlica existencia en la <strong>Toscana italiana<\/strong>, pero el secuestro de su hija la obliga a reintroducirse en los bajos fondos del narcotr\u00e1fico y enfrentar una vez m\u00e1s a sus viejos enemigos y al pasado que intent\u00f3 dejar atr\u00e1s.<\/p>\n<p>Adem\u00e1s del regreso de Del Castillo la segunda temporada de\u00a0<em><strong> \u00abLa reina del sur\u201d<\/strong><\/em> incluir\u00e1 nuevos integrantes del elenco, como actor espa\u00f1ol <strong>Aitor Luna<\/strong>, quien dar\u00e1 vida al nuevo novio de Teresa.<\/p>\n<div style=\"padding-bottom:20px; padding-top:10px;\" class=\"hupso-share-buttons\"><!-- Hupso Share Buttons - https:\/\/www.hupso.com\/share\/ --><a class=\"hupso_counters\" href=\"https:\/\/www.hupso.com\/share\/\"><img decoding=\"async\" src=\"http:\/\/static.hupso.com\/share\/buttons\/lang\/es\/share-small.png\" style=\"border:0px; padding-top:2px; float:left;\" alt=\"Share Button\"\/><\/a><script type=\"text\/javascript\">var hupso_services_c=new Array(\"twitter\",\"facebook_like\",\"google\");var hupso_counters_lang = \"es_LA\";var hupso_image_folder_url = \"\";var hupso_twitter_via=\"crsyvrs\";var hupso_url_c=\"\";<\/script><script type=\"text\/javascript\" src=\"http:\/\/static.hupso.com\/share\/js\/counters.js\"><\/script><!-- Hupso Share Buttons --><\/div> ","protected":false},"excerpt":{"rendered":"<div style=\"padding-bottom:20px; padding-top:10px;\" class=\"hupso-share-buttons\"><!-- Hupso Share Buttons - https:\/\/www.hupso.com\/share\/ --><a class=\"hupso_counters\" href=\"https:\/\/www.hupso.com\/share\/\"><img src=\"http:\/\/static.hupso.com\/share\/buttons\/lang\/es\/share-small.png\" style=\"border:0px; padding-top:2px; float:left;\" alt=\"Share Button\"\/><\/a><script type=\"text\/javascript\">var hupso_services_c=new Array(\"twitter\",\"facebook_like\",\"google\");var hupso_counters_lang = \"es_LA\";var hupso_image_folder_url = \"\";var hupso_twitter_via=\"crsyvrs\";var hupso_url_c=\"\";<\/script><script type=\"text\/javascript\" src=\"http:\/\/static.hupso.com\/share\/js\/counters.js\"><\/script><!-- Hupso Share Buttons --><\/div><p>Esta serie adapta la exitosa telenovela de la pol\u00e9mica Kate del Castillo, a su vez basada en la novela hom\u00f3nima de Arturo P\u00e9rez-Reverte. \u201cLa reina del sur\u201d, serie estadounidense que adapta la exitosa telenovela de la pol\u00e9mica Kate del&#46;&#46;&#46;<\/p>\n<div style=\"padding-bottom:20px; padding-top:10px;\" class=\"hupso-share-buttons\"><!-- Hupso Share Buttons - https:\/\/www.hupso.com\/share\/ --><a class=\"hupso_counters\" href=\"https:\/\/www.hupso.com\/share\/\"><img src=\"http:\/\/static.hupso.com\/share\/buttons\/lang\/es\/share-small.png\" style=\"border:0px; padding-top:2px; float:left;\" alt=\"Share Button\"\/><\/a><script type=\"text\/javascript\">var hupso_services_c=new Array(\"twitter\",\"facebook_like\",\"google\");var hupso_counters_lang = \"es_LA\";var hupso_image_folder_url = \"\";var hupso_twitter_via=\"crsyvrs\";var hupso_url_c=\"\";<\/script><script type=\"text\/javascript\" src=\"http:\/\/static.hupso.com\/share\/js\/counters.js\"><\/script><!-- Hupso Share Buttons --><\/div>","protected":false},"author":5,"featured_media":0,"comment_status":"open","ping_status":"closed","sticky":false,"template":"","format":"standard","meta":{"footnotes":""},"categories":[6],"tags":[1270],"class_list":["post-19619","post","type-post","status-publish","format-standard","hentry","category-radio-y-tv","tag-netflix"],"_links":{"self":[{"href":"http:\/\/cronicasyversiones.com\/index.php?rest_route=\/wp\/v2\/posts\/19619","targetHints":{"allow":["GET"]}}],"collection":[{"href":"http:\/\/cronicasyversiones.com\/index.php?rest_route=\/wp\/v2\/posts"}],"about":[{"href":"http:\/\/cronicasyversiones.com\/index.php?rest_route=\/wp\/v2\/types\/post"}],"author":[{"embeddable":true,"href":"http:\/\/cronicasyversiones.com\/index.php?rest_route=\/wp\/v2\/users\/5"}],"replies":[{"embeddable":true,"href":"http:\/\/cronicasyversiones.com\/index.php?rest_route=%2Fwp%2Fv2%2Fcomments&post=19619"}],"version-history":[{"count":0,"href":"http:\/\/cronicasyversiones.com\/index.php?rest_route=\/wp\/v2\/posts\/19619\/revisions"}],"wp:attachment":[{"href":"http:\/\/cronicasyversiones.com\/index.php?rest_route=%2Fwp%2Fv2%2Fmedia&parent=19619"}],"wp:term":[{"taxonomy":"category","embeddable":true,"href":"http:\/\/cronicasyversiones.com\/index.php?rest_route=%2Fwp%2Fv2%2Fcategories&post=19619"},{"taxonomy":"post_tag","embeddable":true,"href":"http:\/\/cronicasyversiones.com\/index.php?rest_route=%2Fwp%2Fv2%2Ftags&post=19619"}],"curies":[{"name":"wp","href":"https:\/\/api.w.org\/{rel}","templated":true}]}}