{"id":19745,"date":"2018-06-27T00:06:50","date_gmt":"2018-06-27T03:06:50","guid":{"rendered":"http:\/\/cronicasyversiones.com\/?p=19745"},"modified":"2018-06-26T21:41:17","modified_gmt":"2018-06-27T00:41:17","slug":"leonardo-sbaraglia-se-suma-a-la-nueva-pelicula-de-pedro-almodovar","status":"publish","type":"post","link":"http:\/\/cronicasyversiones.com\/?p=19745","title":{"rendered":"Leonardo Sbaraglia se suma a la nueva pel\u00edcula de Pedro Almod\u00f3var"},"content":{"rendered":"<div style=\"padding-bottom:20px; padding-top:10px;\" class=\"hupso-share-buttons\"><!-- Hupso Share Buttons - https:\/\/www.hupso.com\/share\/ --><a class=\"hupso_counters\" href=\"https:\/\/www.hupso.com\/share\/\"><img decoding=\"async\" src=\"http:\/\/static.hupso.com\/share\/buttons\/lang\/es\/share-small.png\" style=\"border:0px; padding-top:2px; float:left;\" alt=\"Share Button\"\/><\/a><script type=\"text\/javascript\">var hupso_services_c=new Array(\"twitter\",\"facebook_like\",\"google\");var hupso_counters_lang = \"es_LA\";var hupso_image_folder_url = \"\";var hupso_twitter_via=\"crsyvrs\";var hupso_url_c=\"\";<\/script><script type=\"text\/javascript\" src=\"http:\/\/static.hupso.com\/share\/js\/counters.js\"><\/script><!-- Hupso Share Buttons --><\/div><h2>El actor ser\u00e1 parte del reparto del reparto de \u00abDolor y gloria\u00bb, junto a Antonio Banderas, Pen\u00e9lope Cruz y Julieta Serrano.<\/h2>\n<p><img loading=\"lazy\" decoding=\"async\" class=\"size-full wp-image-19746 aligncenter\" src=\"http:\/\/cronicasyversiones.com\/wp-content\/uploads\/2018\/06\/sbar.jpg\" alt=\"\" width=\"600\" height=\"450\" srcset=\"http:\/\/cronicasyversiones.com\/wp-content\/uploads\/2018\/06\/sbar.jpg 600w, http:\/\/cronicasyversiones.com\/wp-content\/uploads\/2018\/06\/sbar-300x225.jpg 300w\" sizes=\"auto, (max-width: 600px) 100vw, 600px\" \/><\/p>\n<p><strong>Leonardo Sbaraglia<\/strong> se sum\u00f3 al reparto de<em><strong> \u00abDolor y gloria\u00bb<\/strong><\/em>, la pr\u00f3xima pel\u00edcula de <strong>Pedro Almod\u00f3var<\/strong>, un film que comenzar\u00e1 a rodarse a mediados de julio, seg\u00fan est\u00e1 previsto.<\/p>\n<p>La incorporaci\u00f3n del actor argentino fue confirmada por el productor <strong>Agust\u00edn Almod\u00f3var,<\/strong> hermano del cineasta,\u00a0 hasta comparti\u00f3 una imgaen en Twitter. Sbaraglia se suma a un elenco que ya cuenta con <strong>Antonio Banderas.<\/strong><\/p>\n<p>A diferencia de <em><strong>\u00abJulieta\u00bb<\/strong><\/em>, su anterior pel\u00edcula, <em><strong>\u00abDolor y gloria\u00bb<\/strong> <\/em>ser\u00e1 un film con protagonistas masculinos, aunque tambi\u00e9n contar\u00e1 con dos de las actrices fetiche del director espa\u00f1ol, Pen\u00e9lope Cruz y Julieta Serrano.<\/p>\n<p><em><strong>LEA TAMBI\u00c9N:<\/strong> <\/em><\/p>\n<div class=\"video-container\">\n<blockquote class=\"wp-embedded-content\" data-secret=\"cB0QAurDAK\"><p><a href=\"http:\/\/cronicasyversiones.com\/?p=19737\">La Academia de Hollywood invit\u00f3 a 929 nuevos miembros<\/a><\/p><\/blockquote>\n<p><iframe loading=\"lazy\" class=\"wp-embedded-content\" sandbox=\"allow-scripts\" security=\"restricted\" style=\"position: absolute; clip: rect(1px, 1px, 1px, 1px);\" title=\"\u00abLa Academia de Hollywood invit\u00f3 a 929 nuevos miembros\u00bb \u2014    \" src=\"http:\/\/cronicasyversiones.com\/?p=19737&#038;embed=true#?secret=8XLZYld4AM#?secret=cB0QAurDAK\" data-secret=\"cB0QAurDAK\" width=\"600\" height=\"338\" frameborder=\"0\" marginwidth=\"0\" marginheight=\"0\" scrolling=\"no\"><\/iframe><\/div>\n<p>La pel\u00edcula se tratar\u00e1 de uno de los trabajos m\u00e1s personales del realizador, tiendo en cuentas que ser\u00e1 la historia de un director de cine y abordar\u00e1 el tema de la creaci\u00f3n, cinematogr\u00e1fica y teatral, y de la dificultad de separar \u00e9sta de la propia vida.<\/p>\n<p>Para Sbaraglia es su primera vez con Almod\u00f3var, aunque trabaja habitualmente entre Argentina y Espa\u00f1a, donde se puso bajo la lente de directores como <strong>Juan Carlos Fresnadillo, Cesc Gay y Antonio Hern\u00e1ndez.<\/strong><\/p>\n<p><strong>Leonardo Sbaraglia<\/strong> es reconocido como uno de los mejores actores de su generaci\u00f3n por sus trabajos en cine y televisi\u00f3n, en Argentina y en Espa\u00f1a, adem\u00e1s de su haber incursionado en Hollywood.<\/p>\n<p>Debut\u00f3 como actor en su adolescencia, en 1986, en la pel\u00edcula <em><strong>\u201cLa noche de los l\u00e1pices\u201d,<\/strong> <\/em>basada en un hecho real ocurrido durante la \u00faltima dictadura. Luego particip\u00f3 en<em><strong> \u201cClave de sol: novia de fin de semana\u201d<\/strong><\/em>, la versi\u00f3n cinematogr\u00e1fica de la tira juvenil.<\/p>\n<p>A partir de entonces, tuvo una actividad intensa en la pantalla grande con m\u00e1s de media centuria de films hasta fecha, incluyendo papeles protag\u00f3nicos y de reparto.<\/p>\n<div style=\"padding-bottom:20px; padding-top:10px;\" class=\"hupso-share-buttons\"><!-- Hupso Share Buttons - https:\/\/www.hupso.com\/share\/ --><a class=\"hupso_counters\" href=\"https:\/\/www.hupso.com\/share\/\"><img decoding=\"async\" src=\"http:\/\/static.hupso.com\/share\/buttons\/lang\/es\/share-small.png\" style=\"border:0px; padding-top:2px; float:left;\" alt=\"Share Button\"\/><\/a><script type=\"text\/javascript\">var hupso_services_c=new Array(\"twitter\",\"facebook_like\",\"google\");var hupso_counters_lang = \"es_LA\";var hupso_image_folder_url = \"\";var hupso_twitter_via=\"crsyvrs\";var hupso_url_c=\"\";<\/script><script type=\"text\/javascript\" src=\"http:\/\/static.hupso.com\/share\/js\/counters.js\"><\/script><!-- Hupso Share Buttons --><\/div> ","protected":false},"excerpt":{"rendered":"<div style=\"padding-bottom:20px; padding-top:10px;\" class=\"hupso-share-buttons\"><!-- Hupso Share Buttons - https:\/\/www.hupso.com\/share\/ --><a class=\"hupso_counters\" href=\"https:\/\/www.hupso.com\/share\/\"><img src=\"http:\/\/static.hupso.com\/share\/buttons\/lang\/es\/share-small.png\" style=\"border:0px; padding-top:2px; float:left;\" alt=\"Share Button\"\/><\/a><script type=\"text\/javascript\">var hupso_services_c=new Array(\"twitter\",\"facebook_like\",\"google\");var hupso_counters_lang = \"es_LA\";var hupso_image_folder_url = \"\";var hupso_twitter_via=\"crsyvrs\";var hupso_url_c=\"\";<\/script><script type=\"text\/javascript\" src=\"http:\/\/static.hupso.com\/share\/js\/counters.js\"><\/script><!-- Hupso Share Buttons --><\/div><p>El actor ser\u00e1 parte del reparto del reparto de \u00abDolor y gloria\u00bb, junto a Antonio Banderas, Pen\u00e9lope Cruz y Julieta Serrano. Leonardo Sbaraglia se sum\u00f3 al reparto de \u00abDolor y gloria\u00bb, la pr\u00f3xima pel\u00edcula de Pedro Almod\u00f3var, un film&#46;&#46;&#46;<\/p>\n<div style=\"padding-bottom:20px; padding-top:10px;\" class=\"hupso-share-buttons\"><!-- Hupso Share Buttons - https:\/\/www.hupso.com\/share\/ --><a class=\"hupso_counters\" href=\"https:\/\/www.hupso.com\/share\/\"><img src=\"http:\/\/static.hupso.com\/share\/buttons\/lang\/es\/share-small.png\" style=\"border:0px; padding-top:2px; float:left;\" alt=\"Share Button\"\/><\/a><script type=\"text\/javascript\">var hupso_services_c=new Array(\"twitter\",\"facebook_like\",\"google\");var hupso_counters_lang = \"es_LA\";var hupso_image_folder_url = \"\";var hupso_twitter_via=\"crsyvrs\";var hupso_url_c=\"\";<\/script><script type=\"text\/javascript\" src=\"http:\/\/static.hupso.com\/share\/js\/counters.js\"><\/script><!-- Hupso Share Buttons --><\/div>","protected":false},"author":5,"featured_media":19746,"comment_status":"open","ping_status":"closed","sticky":false,"template":"","format":"standard","meta":{"footnotes":""},"categories":[4],"tags":[1337,2792,545],"class_list":["post-19745","post","type-post","status-publish","format-standard","has-post-thumbnail","hentry","category-cine","tag-antonio-banderas","tag-leonardo-sbaraglia","tag-pedro-almodovar"],"_links":{"self":[{"href":"http:\/\/cronicasyversiones.com\/index.php?rest_route=\/wp\/v2\/posts\/19745","targetHints":{"allow":["GET"]}}],"collection":[{"href":"http:\/\/cronicasyversiones.com\/index.php?rest_route=\/wp\/v2\/posts"}],"about":[{"href":"http:\/\/cronicasyversiones.com\/index.php?rest_route=\/wp\/v2\/types\/post"}],"author":[{"embeddable":true,"href":"http:\/\/cronicasyversiones.com\/index.php?rest_route=\/wp\/v2\/users\/5"}],"replies":[{"embeddable":true,"href":"http:\/\/cronicasyversiones.com\/index.php?rest_route=%2Fwp%2Fv2%2Fcomments&post=19745"}],"version-history":[{"count":0,"href":"http:\/\/cronicasyversiones.com\/index.php?rest_route=\/wp\/v2\/posts\/19745\/revisions"}],"wp:featuredmedia":[{"embeddable":true,"href":"http:\/\/cronicasyversiones.com\/index.php?rest_route=\/wp\/v2\/media\/19746"}],"wp:attachment":[{"href":"http:\/\/cronicasyversiones.com\/index.php?rest_route=%2Fwp%2Fv2%2Fmedia&parent=19745"}],"wp:term":[{"taxonomy":"category","embeddable":true,"href":"http:\/\/cronicasyversiones.com\/index.php?rest_route=%2Fwp%2Fv2%2Fcategories&post=19745"},{"taxonomy":"post_tag","embeddable":true,"href":"http:\/\/cronicasyversiones.com\/index.php?rest_route=%2Fwp%2Fv2%2Ftags&post=19745"}],"curies":[{"name":"wp","href":"https:\/\/api.w.org\/{rel}","templated":true}]}}