{"id":19922,"date":"2018-07-13T22:18:15","date_gmt":"2018-07-14T01:18:15","guid":{"rendered":"http:\/\/cronicasyversiones.com\/?p=19922"},"modified":"2018-07-13T22:18:15","modified_gmt":"2018-07-14T01:18:15","slug":"los-argentinos-converini-y-molfino-premiados-en-la-semana-negra-de-gijon","status":"publish","type":"post","link":"http:\/\/cronicasyversiones.com\/?p=19922","title":{"rendered":"Los argentinos Converini y Molfino, premiados en la Semana Negra de Gij\u00f3n"},"content":{"rendered":"<div style=\"padding-bottom:20px; padding-top:10px;\" class=\"hupso-share-buttons\"><!-- Hupso Share Buttons - https:\/\/www.hupso.com\/share\/ --><a class=\"hupso_counters\" href=\"https:\/\/www.hupso.com\/share\/\"><img decoding=\"async\" src=\"http:\/\/static.hupso.com\/share\/buttons\/lang\/es\/share-small.png\" style=\"border:0px; padding-top:2px; float:left;\" alt=\"Share Button\"\/><\/a><script type=\"text\/javascript\">var hupso_services_c=new Array(\"twitter\",\"facebook_like\",\"google\");var hupso_counters_lang = \"es_LA\";var hupso_image_folder_url = \"\";var hupso_twitter_via=\"crsyvrs\";var hupso_url_c=\"\";<\/script><script type=\"text\/javascript\" src=\"http:\/\/static.hupso.com\/share\/js\/counters.js\"><\/script><!-- Hupso Share Buttons --><\/div><h2>Los autores recibieron los premios Celsius 232 y Espartaco, respectivamente. El\u00a0 escritor espa\u00f1ol Juan Bas se llev\u00f3 el galard\u00f3n mayor.<\/h2>\n<p><img loading=\"lazy\" decoding=\"async\" class=\"wp-image-19924 aligncenter\" src=\"http:\/\/cronicasyversiones.com\/wp-content\/uploads\/2018\/07\/semana-negra-gijon.jpg\" alt=\"\" width=\"754\" height=\"557\" srcset=\"http:\/\/cronicasyversiones.com\/wp-content\/uploads\/2018\/07\/semana-negra-gijon.jpg 1000w, http:\/\/cronicasyversiones.com\/wp-content\/uploads\/2018\/07\/semana-negra-gijon-300x222.jpg 300w, http:\/\/cronicasyversiones.com\/wp-content\/uploads\/2018\/07\/semana-negra-gijon-768x568.jpg 768w\" sizes=\"auto, (max-width: 754px) 100vw, 754px\" \/><\/p>\n<p>Los escritores argentinos <strong>Horacio Converini <\/strong>y<strong> Miguel \u00c1ngel Molfino<\/strong> recibieron los premios Celsius 232 y Espartaco, respectivamente, de la <strong>Semana Negra de Gij\u00f3n,<\/strong> la cita literaria donde el premio principal fue para el espa\u00f1ol <strong>Juan Bas,<\/strong> que logr\u00f3 el Dashiell Hammett de novela negra.<\/p>\n<p>Convertini consigui\u00f3 el Celsius 232 a la mejor obra de ciencia ficci\u00f3n con <em><strong>\u00abLos que duermen en el polvo\u00bb,<\/strong> <\/em>una historia dist\u00f3pica que aborda las conductas sociales derivadas del hambre.<\/p>\n<p>El autor defini\u00f3 su obra como una \u00abnovela dist\u00f3pica\u00bb en la que su pa\u00eds padece de una epidemia que obliga a las clases pudientes a refugiarse en una zona amurallada en la zona sur, donde intramuros tambi\u00e9n se reproducen la violencia y los cr\u00edmenes.<\/p>\n<p>Mientras que Molfino, se qued\u00f3 con el premio Espartaco de g\u00e9nero hist\u00f3rico por <strong><em>\u00abPampa del Infierno\u00bb<\/em><\/strong>, en la que narra las aventuras del caza recompensas Ken Parker en su labor de b\u00fasqueda de los delincuentes pr\u00f3fugos Sundance Kidd y Butch Cassidy en la Patagonia.<\/p>\n<p><em><strong>LEA TAMBI\u00c9N:<\/strong> <\/em><\/p>\n<div class=\"video-container\">\n<blockquote class=\"wp-embedded-content\" data-secret=\"wVlSpJSNui\"><p><a href=\"http:\/\/cronicasyversiones.com\/?p=19648\">\u201cTata Dios\u201d, la reconstrucci\u00f3n de \u201cLa Masacre de Tandil\u201d en una novela hist\u00f3rica<\/a><\/p><\/blockquote>\n<p><iframe loading=\"lazy\" class=\"wp-embedded-content\" sandbox=\"allow-scripts\" security=\"restricted\" style=\"position: absolute; clip: rect(1px, 1px, 1px, 1px);\" title=\"\u00ab\u201cTata Dios\u201d, la reconstrucci\u00f3n de \u201cLa Masacre de Tandil\u201d en una novela hist\u00f3rica\u00bb \u2014    \" src=\"http:\/\/cronicasyversiones.com\/?p=19648&#038;embed=true#?secret=6kOtNLJ41g#?secret=wVlSpJSNui\" data-secret=\"wVlSpJSNui\" width=\"600\" height=\"338\" frameborder=\"0\" marginwidth=\"0\" marginheight=\"0\" scrolling=\"no\"><\/iframe><\/div>\n<p>El Premio Dashiell Hammett de novela negra fue para el escritor y periodista Juan Bas con la obra de ficci\u00f3n <em><strong>\u00abEl refugio de los canallas\u00bb,<\/strong><\/em> que aborda la violencia de la banda terrorista ETA.<\/p>\n<p>Tras conocer el fallo del jurado dado a conocer en la Semana Negra de Gij\u00f3n, el autor (Bilbao, 1959) calific\u00f3 su obra como \u00abuna novela poli\u00e9drica sobre los a\u00f1os del plomo\u00bb en el Pa\u00eds Vasco.<\/p>\n<div style=\"padding-bottom:20px; padding-top:10px;\" class=\"hupso-share-buttons\"><!-- Hupso Share Buttons - https:\/\/www.hupso.com\/share\/ --><a class=\"hupso_counters\" href=\"https:\/\/www.hupso.com\/share\/\"><img decoding=\"async\" src=\"http:\/\/static.hupso.com\/share\/buttons\/lang\/es\/share-small.png\" style=\"border:0px; padding-top:2px; float:left;\" alt=\"Share Button\"\/><\/a><script type=\"text\/javascript\">var hupso_services_c=new Array(\"twitter\",\"facebook_like\",\"google\");var hupso_counters_lang = \"es_LA\";var hupso_image_folder_url = \"\";var hupso_twitter_via=\"crsyvrs\";var hupso_url_c=\"\";<\/script><script type=\"text\/javascript\" src=\"http:\/\/static.hupso.com\/share\/js\/counters.js\"><\/script><!-- Hupso Share Buttons --><\/div> ","protected":false},"excerpt":{"rendered":"<div style=\"padding-bottom:20px; padding-top:10px;\" class=\"hupso-share-buttons\"><!-- Hupso Share Buttons - https:\/\/www.hupso.com\/share\/ --><a class=\"hupso_counters\" href=\"https:\/\/www.hupso.com\/share\/\"><img src=\"http:\/\/static.hupso.com\/share\/buttons\/lang\/es\/share-small.png\" style=\"border:0px; padding-top:2px; float:left;\" alt=\"Share Button\"\/><\/a><script type=\"text\/javascript\">var hupso_services_c=new Array(\"twitter\",\"facebook_like\",\"google\");var hupso_counters_lang = \"es_LA\";var hupso_image_folder_url = \"\";var hupso_twitter_via=\"crsyvrs\";var hupso_url_c=\"\";<\/script><script type=\"text\/javascript\" src=\"http:\/\/static.hupso.com\/share\/js\/counters.js\"><\/script><!-- Hupso Share Buttons --><\/div><p>Los autores recibieron los premios Celsius 232 y Espartaco, respectivamente. El\u00a0 escritor espa\u00f1ol Juan Bas se llev\u00f3 el galard\u00f3n mayor. Los escritores argentinos Horacio Converini y Miguel \u00c1ngel Molfino recibieron los premios Celsius 232 y Espartaco, respectivamente, de la&#46;&#46;&#46;<\/p>\n<div style=\"padding-bottom:20px; padding-top:10px;\" class=\"hupso-share-buttons\"><!-- Hupso Share Buttons - https:\/\/www.hupso.com\/share\/ --><a class=\"hupso_counters\" href=\"https:\/\/www.hupso.com\/share\/\"><img src=\"http:\/\/static.hupso.com\/share\/buttons\/lang\/es\/share-small.png\" style=\"border:0px; padding-top:2px; float:left;\" alt=\"Share Button\"\/><\/a><script type=\"text\/javascript\">var hupso_services_c=new Array(\"twitter\",\"facebook_like\",\"google\");var hupso_counters_lang = \"es_LA\";var hupso_image_folder_url = \"\";var hupso_twitter_via=\"crsyvrs\";var hupso_url_c=\"\";<\/script><script type=\"text\/javascript\" src=\"http:\/\/static.hupso.com\/share\/js\/counters.js\"><\/script><!-- Hupso Share Buttons --><\/div>","protected":false},"author":5,"featured_media":19924,"comment_status":"open","ping_status":"closed","sticky":false,"template":"","format":"standard","meta":{"footnotes":""},"categories":[7],"tags":[6988],"class_list":["post-19922","post","type-post","status-publish","format-standard","has-post-thumbnail","hentry","category-literatura","tag-semana-negra-de-gijon"],"_links":{"self":[{"href":"http:\/\/cronicasyversiones.com\/index.php?rest_route=\/wp\/v2\/posts\/19922","targetHints":{"allow":["GET"]}}],"collection":[{"href":"http:\/\/cronicasyversiones.com\/index.php?rest_route=\/wp\/v2\/posts"}],"about":[{"href":"http:\/\/cronicasyversiones.com\/index.php?rest_route=\/wp\/v2\/types\/post"}],"author":[{"embeddable":true,"href":"http:\/\/cronicasyversiones.com\/index.php?rest_route=\/wp\/v2\/users\/5"}],"replies":[{"embeddable":true,"href":"http:\/\/cronicasyversiones.com\/index.php?rest_route=%2Fwp%2Fv2%2Fcomments&post=19922"}],"version-history":[{"count":0,"href":"http:\/\/cronicasyversiones.com\/index.php?rest_route=\/wp\/v2\/posts\/19922\/revisions"}],"wp:featuredmedia":[{"embeddable":true,"href":"http:\/\/cronicasyversiones.com\/index.php?rest_route=\/wp\/v2\/media\/19924"}],"wp:attachment":[{"href":"http:\/\/cronicasyversiones.com\/index.php?rest_route=%2Fwp%2Fv2%2Fmedia&parent=19922"}],"wp:term":[{"taxonomy":"category","embeddable":true,"href":"http:\/\/cronicasyversiones.com\/index.php?rest_route=%2Fwp%2Fv2%2Fcategories&post=19922"},{"taxonomy":"post_tag","embeddable":true,"href":"http:\/\/cronicasyversiones.com\/index.php?rest_route=%2Fwp%2Fv2%2Ftags&post=19922"}],"curies":[{"name":"wp","href":"https:\/\/api.w.org\/{rel}","templated":true}]}}