{"id":20027,"date":"2018-07-28T00:43:24","date_gmt":"2018-07-28T03:43:24","guid":{"rendered":"http:\/\/cronicasyversiones.com\/?p=20027"},"modified":"2018-07-28T11:08:09","modified_gmt":"2018-07-28T14:08:09","slug":"marcelo-savignone-estrena-cruel-basada-en-la-tragedia-de-ricardo-iii","status":"publish","type":"post","link":"http:\/\/cronicasyversiones.com\/?p=20027","title":{"rendered":"Marcelo Savignone estrena \u00abCruel\u00bb, basada en la tragedia de Ricardo III"},"content":{"rendered":"<div style=\"padding-bottom:20px; padding-top:10px;\" class=\"hupso-share-buttons\"><!-- Hupso Share Buttons - https:\/\/www.hupso.com\/share\/ --><a class=\"hupso_counters\" href=\"https:\/\/www.hupso.com\/share\/\"><img decoding=\"async\" src=\"http:\/\/static.hupso.com\/share\/buttons\/lang\/es\/share-small.png\" style=\"border:0px; padding-top:2px; float:left;\" alt=\"Share Button\"\/><\/a><script type=\"text\/javascript\">var hupso_services_c=new Array(\"twitter\",\"facebook_like\",\"google\");var hupso_counters_lang = \"es_LA\";var hupso_image_folder_url = \"\";var hupso_twitter_via=\"crsyvrs\";var hupso_url_c=\"\";<\/script><script type=\"text\/javascript\" src=\"http:\/\/static.hupso.com\/share\/js\/counters.js\"><\/script><!-- Hupso Share Buttons --><\/div><h2>Este nuevo espect\u00e1culo del director es un Shakespeare en la actualidad, como un intento de aceptar todo aquello de lo que estamos hechos.<\/h2>\n<p><img loading=\"lazy\" decoding=\"async\" class=\"wp-image-20028 aligncenter\" src=\"http:\/\/cronicasyversiones.com\/wp-content\/uploads\/2018\/07\/cruel-1024x682.jpg\" alt=\"\" width=\"751\" height=\"500\" srcset=\"http:\/\/cronicasyversiones.com\/wp-content\/uploads\/2018\/07\/cruel.jpg 1024w, http:\/\/cronicasyversiones.com\/wp-content\/uploads\/2018\/07\/cruel-300x200.jpg 300w, http:\/\/cronicasyversiones.com\/wp-content\/uploads\/2018\/07\/cruel-768x512.jpg 768w, http:\/\/cronicasyversiones.com\/wp-content\/uploads\/2018\/07\/cruel-480x320.jpg 480w\" sizes=\"auto, (max-width: 751px) 100vw, 751px\" \/><\/p>\n<p><em><strong>\u00a0\u201cCruel\u201d,<\/strong><\/em> una obra basada en la tragedia de <strong>Ricardo III,<\/strong> con concepci\u00f3n y direcci\u00f3n de <strong>Marcelo Savignone,<\/strong> sale a escena los s\u00e1bados a las 21, a partir del 4 de agosto,\u00a0 en el<strong> Centro Cultural Recoleta,<\/strong> ubicado en Jun\u00edn 1930<\/p>\n<p>El nuevo espect\u00e1culo de Savignone golpea a las puertas de nuestro presente y se manifiesta como un espejo deforme de la condici\u00f3n humana. <strong>Un Shakespeare en la actualidad,<\/strong> como un intento de aceptar todo aquello de lo que estamos hechos.<\/p>\n<blockquote><p>\u201cLa necesidad de este material radica en la posibilidad de presentar el s\u00edntoma de la ambici\u00f3n que provoca el poder, declarando la maldad como una realidad m\u00e1s, como una vivencia en donde nos reconocemos. Me interesa profundamente hablar del poder como un lugar donde habitamos y padecemos, donde nuestra vida se consume y la codicia es el s\u00edmbolo de la existencia. El desprendimiento del mito tr\u00e1gico de Ricardo III como poes\u00eda de la destrucci\u00f3n y la llegada de la conciencia como \u00fanico alivio, infligiendo al tirano\u00bb, dice Marcelo Savignone.<\/p><\/blockquote>\n<p>La adaptaci\u00f3n es de <strong>Patricio Orozco y Marcelo Savignone<\/strong> y la asistencia de direcci\u00f3n es de Chusa Blazquez y Antonela Scattolini Rossi.<\/p>\n<p><em><strong>LEA TAMBI\u00c9N:\u00a0<\/strong><\/em><\/p>\n<div class=\"video-container\">\n<blockquote class=\"wp-embedded-content\" data-secret=\"2lcC61CUye\"><p><a href=\"http:\/\/cronicasyversiones.com\/?p=20058\">\u201cUn p\u00e1jaro cualquiera\u201d, un hipertexto de \u201cLa Gaviota\u201d de Ch\u00e9jov<\/a><\/p><\/blockquote>\n<p><iframe loading=\"lazy\" class=\"wp-embedded-content\" sandbox=\"allow-scripts\" security=\"restricted\" style=\"position: absolute; clip: rect(1px, 1px, 1px, 1px);\" title=\"\u00ab\u201cUn p\u00e1jaro cualquiera\u201d, un hipertexto de \u201cLa Gaviota\u201d de Ch\u00e9jov\u00bb \u2014    \" src=\"http:\/\/cronicasyversiones.com\/?p=20058&#038;embed=true#?secret=m55MEA4qbC#?secret=2lcC61CUye\" data-secret=\"2lcC61CUye\" width=\"600\" height=\"338\" frameborder=\"0\" marginwidth=\"0\" marginheight=\"0\" scrolling=\"no\"><\/iframe><\/div>\n<p>El elenco lo completan \u00a0Marcelo Savignone (Ricardo) Sergio Ber\u00f3n (Conde de Rivers y Asesino II) Luciano Cohen (Lord Hastings) Agostina Degasperi (Brakenbury y Asesino I) Andrea Guerrieri (Isabel) Marta Rial (Margarita) Mercedes Carbonella (Duquesa) Bel\u00e9n Santos (Lady Ana y Pr\u00edncipe) Pedro Risi (Jorge, Eduardo y Catesby) V\u00edctor Malagrino (Duque de Buckingham).<\/p>\n<p><strong>Marcelo Savignone<\/strong> es actor, director, dramaturgo y docente teatral. Dirige su Estudio de formaci\u00f3n actoral Marcelo Savignone con pedagog\u00eda basada en el m\u00e9todo de Jacques Lecoq, entre otros, y orientada al desarrollo del artista en su totalidad.<\/p>\n<p>Con sede en Belisario Club de Cultura, producciones Belisarias articula sus emprendimientos teatrales, muchos de los cuales han sido premiados y formado parte de diferentes festivales nacionales e internacionales.<\/p>\n<div style=\"padding-bottom:20px; padding-top:10px;\" class=\"hupso-share-buttons\"><!-- Hupso Share Buttons - https:\/\/www.hupso.com\/share\/ --><a class=\"hupso_counters\" href=\"https:\/\/www.hupso.com\/share\/\"><img decoding=\"async\" src=\"http:\/\/static.hupso.com\/share\/buttons\/lang\/es\/share-small.png\" style=\"border:0px; padding-top:2px; float:left;\" alt=\"Share Button\"\/><\/a><script type=\"text\/javascript\">var hupso_services_c=new Array(\"twitter\",\"facebook_like\",\"google\");var hupso_counters_lang = \"es_LA\";var hupso_image_folder_url = \"\";var hupso_twitter_via=\"crsyvrs\";var hupso_url_c=\"\";<\/script><script type=\"text\/javascript\" src=\"http:\/\/static.hupso.com\/share\/js\/counters.js\"><\/script><!-- Hupso Share Buttons --><\/div> ","protected":false},"excerpt":{"rendered":"<div style=\"padding-bottom:20px; padding-top:10px;\" class=\"hupso-share-buttons\"><!-- Hupso Share Buttons - https:\/\/www.hupso.com\/share\/ --><a class=\"hupso_counters\" href=\"https:\/\/www.hupso.com\/share\/\"><img src=\"http:\/\/static.hupso.com\/share\/buttons\/lang\/es\/share-small.png\" style=\"border:0px; padding-top:2px; float:left;\" alt=\"Share Button\"\/><\/a><script type=\"text\/javascript\">var hupso_services_c=new Array(\"twitter\",\"facebook_like\",\"google\");var hupso_counters_lang = \"es_LA\";var hupso_image_folder_url = \"\";var hupso_twitter_via=\"crsyvrs\";var hupso_url_c=\"\";<\/script><script type=\"text\/javascript\" src=\"http:\/\/static.hupso.com\/share\/js\/counters.js\"><\/script><!-- Hupso Share Buttons --><\/div><p>Este nuevo espect\u00e1culo del director es un Shakespeare en la actualidad, como un intento de aceptar todo aquello de lo que estamos hechos. \u00a0\u201cCruel\u201d, una obra basada en la tragedia de Ricardo III, con concepci\u00f3n y direcci\u00f3n de Marcelo&#46;&#46;&#46;<\/p>\n<div style=\"padding-bottom:20px; padding-top:10px;\" class=\"hupso-share-buttons\"><!-- Hupso Share Buttons - https:\/\/www.hupso.com\/share\/ --><a class=\"hupso_counters\" href=\"https:\/\/www.hupso.com\/share\/\"><img src=\"http:\/\/static.hupso.com\/share\/buttons\/lang\/es\/share-small.png\" style=\"border:0px; padding-top:2px; float:left;\" alt=\"Share Button\"\/><\/a><script type=\"text\/javascript\">var hupso_services_c=new Array(\"twitter\",\"facebook_like\",\"google\");var hupso_counters_lang = \"es_LA\";var hupso_image_folder_url = \"\";var hupso_twitter_via=\"crsyvrs\";var hupso_url_c=\"\";<\/script><script type=\"text\/javascript\" src=\"http:\/\/static.hupso.com\/share\/js\/counters.js\"><\/script><!-- Hupso Share Buttons --><\/div>","protected":false},"author":5,"featured_media":20028,"comment_status":"open","ping_status":"closed","sticky":false,"template":"","format":"standard","meta":{"footnotes":""},"categories":[5],"tags":[180,4229],"class_list":["post-20027","post","type-post","status-publish","format-standard","has-post-thumbnail","hentry","category-teatro","tag-centro-cultural-recoleta","tag-marcelo-savignone"],"_links":{"self":[{"href":"http:\/\/cronicasyversiones.com\/index.php?rest_route=\/wp\/v2\/posts\/20027","targetHints":{"allow":["GET"]}}],"collection":[{"href":"http:\/\/cronicasyversiones.com\/index.php?rest_route=\/wp\/v2\/posts"}],"about":[{"href":"http:\/\/cronicasyversiones.com\/index.php?rest_route=\/wp\/v2\/types\/post"}],"author":[{"embeddable":true,"href":"http:\/\/cronicasyversiones.com\/index.php?rest_route=\/wp\/v2\/users\/5"}],"replies":[{"embeddable":true,"href":"http:\/\/cronicasyversiones.com\/index.php?rest_route=%2Fwp%2Fv2%2Fcomments&post=20027"}],"version-history":[{"count":0,"href":"http:\/\/cronicasyversiones.com\/index.php?rest_route=\/wp\/v2\/posts\/20027\/revisions"}],"wp:featuredmedia":[{"embeddable":true,"href":"http:\/\/cronicasyversiones.com\/index.php?rest_route=\/wp\/v2\/media\/20028"}],"wp:attachment":[{"href":"http:\/\/cronicasyversiones.com\/index.php?rest_route=%2Fwp%2Fv2%2Fmedia&parent=20027"}],"wp:term":[{"taxonomy":"category","embeddable":true,"href":"http:\/\/cronicasyversiones.com\/index.php?rest_route=%2Fwp%2Fv2%2Fcategories&post=20027"},{"taxonomy":"post_tag","embeddable":true,"href":"http:\/\/cronicasyversiones.com\/index.php?rest_route=%2Fwp%2Fv2%2Ftags&post=20027"}],"curies":[{"name":"wp","href":"https:\/\/api.w.org\/{rel}","templated":true}]}}