{"id":20109,"date":"2018-07-30T23:41:53","date_gmt":"2018-07-31T02:41:53","guid":{"rendered":"http:\/\/cronicasyversiones.com\/?p=20109"},"modified":"2018-07-30T23:41:53","modified_gmt":"2018-07-31T02:41:53","slug":"llega-la-tercera-edicion-de-la-fdl-jam-en-el-recoleta","status":"publish","type":"post","link":"http:\/\/cronicasyversiones.com\/?p=20109","title":{"rendered":"Llega la tercera edici\u00f3n de la FDL JAM en El Recoleta"},"content":{"rendered":"<div style=\"padding-bottom:20px; padding-top:10px;\" class=\"hupso-share-buttons\"><!-- Hupso Share Buttons - https:\/\/www.hupso.com\/share\/ --><a class=\"hupso_counters\" href=\"https:\/\/www.hupso.com\/share\/\"><img decoding=\"async\" src=\"http:\/\/static.hupso.com\/share\/buttons\/lang\/es\/share-small.png\" style=\"border:0px; padding-top:2px; float:left;\" alt=\"Share Button\"\/><\/a><script type=\"text\/javascript\">var hupso_services_c=new Array(\"twitter\",\"facebook_like\",\"google\");var hupso_counters_lang = \"es_LA\";var hupso_image_folder_url = \"\";var hupso_twitter_via=\"crsyvrs\";var hupso_url_c=\"\";<\/script><script type=\"text\/javascript\" src=\"http:\/\/static.hupso.com\/share\/js\/counters.js\"><\/script><!-- Hupso Share Buttons --><\/div><h2>El encuentro ser\u00e1 en el Centro Cultural Recoleta, con una competencia de breakdance que re\u00fane a crews, b-boys, b-girls y streetdancers.<\/h2>\n<p><img loading=\"lazy\" decoding=\"async\" class=\"wp-image-20110 aligncenter\" src=\"http:\/\/cronicasyversiones.com\/wp-content\/uploads\/2018\/07\/recoleta-1024x682.jpg\" alt=\"\" width=\"751\" height=\"500\" srcset=\"http:\/\/cronicasyversiones.com\/wp-content\/uploads\/2018\/07\/recoleta-1024x682.jpg 1024w, http:\/\/cronicasyversiones.com\/wp-content\/uploads\/2018\/07\/recoleta-300x200.jpg 300w, http:\/\/cronicasyversiones.com\/wp-content\/uploads\/2018\/07\/recoleta-768x512.jpg 768w, http:\/\/cronicasyversiones.com\/wp-content\/uploads\/2018\/07\/recoleta-480x320.jpg 480w, http:\/\/cronicasyversiones.com\/wp-content\/uploads\/2018\/07\/recoleta.jpg 1280w\" sizes=\"auto, (max-width: 751px) 100vw, 751px\" \/><\/p>\n<p>Durante el 3, 4 y 5 de agosto, tendr\u00e1 lugar la tercera edici\u00f3n de la <strong>FDL JAM<\/strong> en el <strong>Centro Cultural Recoleta<\/strong>, ubicado en Jun\u00edn 1930, con una nutrida agenda de actividades.<\/p>\n<p>Una competencia de breakdance que re\u00fane a crews, b-boys, b-girls y streetdancers de la escena local y nacional.<\/p>\n<p>Las categor\u00edas de competencia de esta edici\u00f3n son: <strong>\u201cBreaking 1 vs 1\u201d, \u201cBreaking 3 vs 3\u201d, \u201cHip Hop 2 vs 2\u201d, \u201cPopping 1 vs 1\u201d y \u201cAll Style 8 vs 8\u201d.<\/strong> Tres d\u00edas de Cultura Hip Hop conworkshops, charlas, cyphers, shows, Djs y la gran competencia final.<\/p>\n<p>El viernes 3 de agosto, de 19 a 22 h, se realizar\u00e1 la Fiesta apertura FDL JAM 2018, con una \u00a0Batalla de Freestyle \u00abRap sin l\u00edmite\u00bb en la Fachada del Recoleta con shows de Asterisco, Acru, Malajunta Malandro y una competencia abierta de freestyle imperdible.<\/p>\n<p><strong>Adem\u00e1s, habr\u00e1 chows con Asterisco, Acru + Malajunta Malandro + Hip Hop con Invitados especiales.<\/strong><\/p>\n<p>Mientras que s\u00e1bado 4 y domingo 5 de agosto, de 12.30 a 22, en la sala Villa Villla, los mejores competidores de la escena local se medir\u00e1n para ver qui\u00e9n tiene el mejor flow en las categor\u00edas Breakin, Hip Hop y Popping.<\/p>\n<p>Desde las actividades que conforman la programaci\u00f3n se podr\u00e1n enlazar miradas y promover la interacci\u00f3n entre distintos artistas y crews de la ciudad, como as\u00ed tambi\u00e9n conocer m\u00e1s sobre la cultura urbana y sus referentes. Ser\u00e1n tres d\u00edas para celebrar la amistad mediante el encuentro y la generaci\u00f3n de nuevos v\u00ednculos dentro del marco de una cultura integradora y p\u00fablica.<\/p>\n<p><strong>La FDLJAM es una actividad libre y gratuita,<\/strong> abierta al p\u00fablico general. No obstante, para competir o formar parte de los workshops hay cupos limitados con inscripci\u00f3n previa por mail a fdljam3@gmail.comhasta el 2 de agosto.<\/p>\n<p>&nbsp;<\/p>\n<p>&nbsp;<\/p>\n<div style=\"padding-bottom:20px; padding-top:10px;\" class=\"hupso-share-buttons\"><!-- Hupso Share Buttons - https:\/\/www.hupso.com\/share\/ --><a class=\"hupso_counters\" href=\"https:\/\/www.hupso.com\/share\/\"><img decoding=\"async\" src=\"http:\/\/static.hupso.com\/share\/buttons\/lang\/es\/share-small.png\" style=\"border:0px; padding-top:2px; float:left;\" alt=\"Share Button\"\/><\/a><script type=\"text\/javascript\">var hupso_services_c=new Array(\"twitter\",\"facebook_like\",\"google\");var hupso_counters_lang = \"es_LA\";var hupso_image_folder_url = \"\";var hupso_twitter_via=\"crsyvrs\";var hupso_url_c=\"\";<\/script><script type=\"text\/javascript\" src=\"http:\/\/static.hupso.com\/share\/js\/counters.js\"><\/script><!-- Hupso Share Buttons --><\/div> ","protected":false},"excerpt":{"rendered":"<div style=\"padding-bottom:20px; padding-top:10px;\" class=\"hupso-share-buttons\"><!-- Hupso Share Buttons - https:\/\/www.hupso.com\/share\/ --><a class=\"hupso_counters\" href=\"https:\/\/www.hupso.com\/share\/\"><img src=\"http:\/\/static.hupso.com\/share\/buttons\/lang\/es\/share-small.png\" style=\"border:0px; padding-top:2px; float:left;\" alt=\"Share Button\"\/><\/a><script type=\"text\/javascript\">var hupso_services_c=new Array(\"twitter\",\"facebook_like\",\"google\");var hupso_counters_lang = \"es_LA\";var hupso_image_folder_url = \"\";var hupso_twitter_via=\"crsyvrs\";var hupso_url_c=\"\";<\/script><script type=\"text\/javascript\" src=\"http:\/\/static.hupso.com\/share\/js\/counters.js\"><\/script><!-- Hupso Share Buttons --><\/div><p>El encuentro ser\u00e1 en el Centro Cultural Recoleta, con una competencia de breakdance que re\u00fane a crews, b-boys, b-girls y streetdancers. Durante el 3, 4 y 5 de agosto, tendr\u00e1 lugar la tercera edici\u00f3n de la FDL JAM en&#46;&#46;&#46;<\/p>\n<div style=\"padding-bottom:20px; padding-top:10px;\" class=\"hupso-share-buttons\"><!-- Hupso Share Buttons - https:\/\/www.hupso.com\/share\/ --><a class=\"hupso_counters\" href=\"https:\/\/www.hupso.com\/share\/\"><img src=\"http:\/\/static.hupso.com\/share\/buttons\/lang\/es\/share-small.png\" style=\"border:0px; padding-top:2px; float:left;\" alt=\"Share Button\"\/><\/a><script type=\"text\/javascript\">var hupso_services_c=new Array(\"twitter\",\"facebook_like\",\"google\");var hupso_counters_lang = \"es_LA\";var hupso_image_folder_url = \"\";var hupso_twitter_via=\"crsyvrs\";var hupso_url_c=\"\";<\/script><script type=\"text\/javascript\" src=\"http:\/\/static.hupso.com\/share\/js\/counters.js\"><\/script><!-- Hupso Share Buttons --><\/div>","protected":false},"author":5,"featured_media":20110,"comment_status":"open","ping_status":"closed","sticky":false,"template":"","format":"standard","meta":{"footnotes":""},"categories":[9],"tags":[180],"class_list":["post-20109","post","type-post","status-publish","format-standard","has-post-thumbnail","hentry","category-sociedad","tag-centro-cultural-recoleta"],"_links":{"self":[{"href":"http:\/\/cronicasyversiones.com\/index.php?rest_route=\/wp\/v2\/posts\/20109","targetHints":{"allow":["GET"]}}],"collection":[{"href":"http:\/\/cronicasyversiones.com\/index.php?rest_route=\/wp\/v2\/posts"}],"about":[{"href":"http:\/\/cronicasyversiones.com\/index.php?rest_route=\/wp\/v2\/types\/post"}],"author":[{"embeddable":true,"href":"http:\/\/cronicasyversiones.com\/index.php?rest_route=\/wp\/v2\/users\/5"}],"replies":[{"embeddable":true,"href":"http:\/\/cronicasyversiones.com\/index.php?rest_route=%2Fwp%2Fv2%2Fcomments&post=20109"}],"version-history":[{"count":0,"href":"http:\/\/cronicasyversiones.com\/index.php?rest_route=\/wp\/v2\/posts\/20109\/revisions"}],"wp:featuredmedia":[{"embeddable":true,"href":"http:\/\/cronicasyversiones.com\/index.php?rest_route=\/wp\/v2\/media\/20110"}],"wp:attachment":[{"href":"http:\/\/cronicasyversiones.com\/index.php?rest_route=%2Fwp%2Fv2%2Fmedia&parent=20109"}],"wp:term":[{"taxonomy":"category","embeddable":true,"href":"http:\/\/cronicasyversiones.com\/index.php?rest_route=%2Fwp%2Fv2%2Fcategories&post=20109"},{"taxonomy":"post_tag","embeddable":true,"href":"http:\/\/cronicasyversiones.com\/index.php?rest_route=%2Fwp%2Fv2%2Ftags&post=20109"}],"curies":[{"name":"wp","href":"https:\/\/api.w.org\/{rel}","templated":true}]}}