{"id":20136,"date":"2018-08-02T00:02:17","date_gmt":"2018-08-02T03:02:17","guid":{"rendered":"http:\/\/cronicasyversiones.com\/?p=20136"},"modified":"2018-08-01T22:22:39","modified_gmt":"2018-08-02T01:22:39","slug":"el-amor-menos-pensado-inaugurara-el-festival-de-san-sebastian","status":"publish","type":"post","link":"http:\/\/cronicasyversiones.com\/?p=20136","title":{"rendered":"\u00abEl amor menos pensado\u00bb inaugurar\u00e1 el Festival de San Sebasti\u00e1n"},"content":{"rendered":"<div style=\"padding-bottom:20px; padding-top:10px;\" class=\"hupso-share-buttons\"><!-- Hupso Share Buttons - https:\/\/www.hupso.com\/share\/ --><a class=\"hupso_counters\" href=\"https:\/\/www.hupso.com\/share\/\"><img decoding=\"async\" src=\"http:\/\/static.hupso.com\/share\/buttons\/lang\/es\/share-small.png\" style=\"border:0px; padding-top:2px; float:left;\" alt=\"Share Button\"\/><\/a><script type=\"text\/javascript\">var hupso_services_c=new Array(\"twitter\",\"facebook_like\",\"google\");var hupso_counters_lang = \"es_LA\";var hupso_image_folder_url = \"\";var hupso_twitter_via=\"crsyvrs\";var hupso_url_c=\"\";<\/script><script type=\"text\/javascript\" src=\"http:\/\/static.hupso.com\/share\/js\/counters.js\"><\/script><!-- Hupso Share Buttons --><\/div><h2>La nueva edici\u00f3n de la cita cinematogr\u00e1fica comenzar\u00e1 con el film de Juan Vera, protagonizado por Mercedes Mor\u00e1n y Ricardo Dar\u00edn.<\/h2>\n<p><img loading=\"lazy\" decoding=\"async\" class=\"size-full wp-image-20137 aligncenter\" src=\"http:\/\/cronicasyversiones.com\/wp-content\/uploads\/2018\/08\/amor.jpg\" alt=\"\" width=\"945\" height=\"532\" srcset=\"http:\/\/cronicasyversiones.com\/wp-content\/uploads\/2018\/08\/amor.jpg 945w, http:\/\/cronicasyversiones.com\/wp-content\/uploads\/2018\/08\/amor-300x169.jpg 300w, http:\/\/cronicasyversiones.com\/wp-content\/uploads\/2018\/08\/amor-768x432.jpg 768w\" sizes=\"auto, (max-width: 945px) 100vw, 945px\" \/><\/p>\n<p><em><strong>\u00abEl amor menos pensado\u00bb<\/strong><\/em>, la \u00f3pera prima de <strong>Juan Vera<\/strong> con <strong>Mercedes Mor\u00e1n <\/strong>y<strong> Ricardo Dar\u00edn<\/strong>, inaugurar\u00e1 el pr\u00f3ximo 21 de septiembre la 66 edici\u00f3n del <strong>Festival Internacional de Cine de San Sebasti\u00e1n. \u00a0<\/strong><\/p>\n<p><strong>\u201c\u00bfCu\u00e1l es el pr\u00f3ximo gran evento de nuestras vidas? \u00bfSer abuelos?\u201d<\/strong>, le pregunta es una escena Ana (Mercedes Mor\u00e1n) a Marcos (Ricardo Dar\u00edn), dejando en claro el momento de la pareja que atraviesan.<\/p>\n<p>Despu\u00e9s de estar casados por m\u00e1s de 25 a\u00f1os, <strong>Marcos y Ana atraviesan una crisis existencial que los lleva a separarse.<\/strong> Sus nuevas vidas de solteros les parece fascinante y excitante al principio, pero de a poco se empieza a volver mon\u00f3tona para Ana y una verdadera pesadilla para Marcos.<\/p>\n<p>El elenco lo completan <strong>Claudia Font\u00e1n, Andrea Pietra, Luis Rubio, Jean Pierre Noher, Claudia Lapac\u00f3, Chico Novarro, Andr\u00e9s Gil, Norman Briski, Juan Minuj\u00edn, Gabriel Corrado y Andrea Politti,<\/strong> entre otros.<\/p>\n<p><em><strong>LEA TAMBI\u00c9N:<\/strong> <\/em><\/p>\n<div class=\"video-container\">\n<blockquote class=\"wp-embedded-content\" data-secret=\"dnjN6e74jI\"><p><a href=\"http:\/\/cronicasyversiones.com\/?p=19767\">\u201cEl \u00c1ngel\u00bb y \u00abLas hijas del fuego\u00bb se proyectar\u00e1n en el  Festival de San Sebasti\u00e1n<\/a><\/p><\/blockquote>\n<p><iframe loading=\"lazy\" class=\"wp-embedded-content\" sandbox=\"allow-scripts\" security=\"restricted\" style=\"position: absolute; clip: rect(1px, 1px, 1px, 1px);\" title=\"\u00ab\u201cEl \u00c1ngel\u00bb y \u00abLas hijas del fuego\u00bb se proyectar\u00e1n en el  Festival de San Sebasti\u00e1n\u00bb \u2014    \" src=\"http:\/\/cronicasyversiones.com\/?p=19767&#038;embed=true#?secret=qo3TEk8zPK#?secret=dnjN6e74jI\" data-secret=\"dnjN6e74jI\" width=\"600\" height=\"338\" frameborder=\"0\" marginwidth=\"0\" marginheight=\"0\" scrolling=\"no\"><\/iframe><\/div>\n<p><strong>Juan Vera<\/strong> debuta como director y hasta ahora hab\u00eda trabajado como guionista y como coproductor en obras como \u00abZama\u00bb, de Lucrecia Martel, y las films de Pablo Trapero \u00abElefante Blanco\u00bb y \u00abCarancho\u00bb.<\/p>\n<p>Vera debuta con \u00abEl amor menos pensado\u00bb, con Dar\u00edn al frente del reparto, aunque el actor tambi\u00e9n participa en la producci\u00f3n de la obra, junto con su hijo, Chino Dar\u00edn.<\/p>\n<p>Dar\u00edn comparte protagonismo con Mercedes Mor\u00e1n, ganadora este a\u00f1o del premio a la mejor actriz en Karlovy Vary por <em><strong>\u00abSue\u00f1o Florian\u00f3polis\u00bb<\/strong><\/em> y que ha estrenado tambi\u00e9n en 2018 <em><strong>\u00abEl \u00e1ngel\u00bb,<\/strong> <\/em>exhibida en la secci\u00f3n Un Certain Regard de Cannes y que se proyectar\u00e1 tambi\u00e9n en San Sebasti\u00e1n en el apartado <em><strong>\u00abPerlas\u00bb<\/strong><\/em> de otros festivales.<\/p>\n<p>Mor\u00e1n ha trabajado con algunos de los cineastas latinoamericanos m\u00e1s destacados, como Lucrecia Martel, Juan Jos\u00e9 Campanella, Walter Salles, Pablo Larra\u00edn y Ana Katz.<\/p>\n<p>Dar\u00edn vuelve a San Sebasti\u00e1n un a\u00f1o despu\u00e9s de recibir el Premio Donostia del festival por toda su carrera, en la que se ha encontrado una y otra vez con el certamen donostiarra, ya que ha competido cuatro veces en la Secci\u00f3n Oficial y form\u00f3 parte del jurado en 2012.<\/p>\n<p>Adem\u00e1s del Donostia del a\u00f1o pasado, recibi\u00f3 la Concha de Plata al mejor actor, compartida con su compa\u00f1ero de reparto Javier C\u00e1mara por <em><strong>\u00abTruman\u00bb,<\/strong><\/em> en 2015.<\/p>\n<p><em><strong>El tr\u00e1iler:<\/strong> <\/em><\/p>\n<p><iframe loading=\"lazy\" src=\"https:\/\/www.youtube.com\/embed\/kNvnuCT9Q9w\" width=\"560\" height=\"315\" frameborder=\"0\" allowfullscreen=\"allowfullscreen\"><\/iframe><\/p>\n<div style=\"padding-bottom:20px; padding-top:10px;\" class=\"hupso-share-buttons\"><!-- Hupso Share Buttons - https:\/\/www.hupso.com\/share\/ --><a class=\"hupso_counters\" href=\"https:\/\/www.hupso.com\/share\/\"><img decoding=\"async\" src=\"http:\/\/static.hupso.com\/share\/buttons\/lang\/es\/share-small.png\" style=\"border:0px; padding-top:2px; float:left;\" alt=\"Share Button\"\/><\/a><script type=\"text\/javascript\">var hupso_services_c=new Array(\"twitter\",\"facebook_like\",\"google\");var hupso_counters_lang = \"es_LA\";var hupso_image_folder_url = \"\";var hupso_twitter_via=\"crsyvrs\";var hupso_url_c=\"\";<\/script><script type=\"text\/javascript\" src=\"http:\/\/static.hupso.com\/share\/js\/counters.js\"><\/script><!-- Hupso Share Buttons --><\/div> ","protected":false},"excerpt":{"rendered":"<div style=\"padding-bottom:20px; padding-top:10px;\" class=\"hupso-share-buttons\"><!-- Hupso Share Buttons - https:\/\/www.hupso.com\/share\/ --><a class=\"hupso_counters\" href=\"https:\/\/www.hupso.com\/share\/\"><img src=\"http:\/\/static.hupso.com\/share\/buttons\/lang\/es\/share-small.png\" style=\"border:0px; padding-top:2px; float:left;\" alt=\"Share Button\"\/><\/a><script type=\"text\/javascript\">var hupso_services_c=new Array(\"twitter\",\"facebook_like\",\"google\");var hupso_counters_lang = \"es_LA\";var hupso_image_folder_url = \"\";var hupso_twitter_via=\"crsyvrs\";var hupso_url_c=\"\";<\/script><script type=\"text\/javascript\" src=\"http:\/\/static.hupso.com\/share\/js\/counters.js\"><\/script><!-- Hupso Share Buttons --><\/div><p>La nueva edici\u00f3n de la cita cinematogr\u00e1fica comenzar\u00e1 con el film de Juan Vera, protagonizado por Mercedes Mor\u00e1n y Ricardo Dar\u00edn. \u00abEl amor menos pensado\u00bb, la \u00f3pera prima de Juan Vera con Mercedes Mor\u00e1n y Ricardo Dar\u00edn, inaugurar\u00e1 el&#46;&#46;&#46;<\/p>\n<div style=\"padding-bottom:20px; padding-top:10px;\" class=\"hupso-share-buttons\"><!-- Hupso Share Buttons - https:\/\/www.hupso.com\/share\/ --><a class=\"hupso_counters\" href=\"https:\/\/www.hupso.com\/share\/\"><img src=\"http:\/\/static.hupso.com\/share\/buttons\/lang\/es\/share-small.png\" style=\"border:0px; padding-top:2px; float:left;\" alt=\"Share Button\"\/><\/a><script type=\"text\/javascript\">var hupso_services_c=new Array(\"twitter\",\"facebook_like\",\"google\");var hupso_counters_lang = \"es_LA\";var hupso_image_folder_url = \"\";var hupso_twitter_via=\"crsyvrs\";var hupso_url_c=\"\";<\/script><script type=\"text\/javascript\" src=\"http:\/\/static.hupso.com\/share\/js\/counters.js\"><\/script><!-- Hupso Share Buttons --><\/div>","protected":false},"author":5,"featured_media":20137,"comment_status":"open","ping_status":"closed","sticky":false,"template":"","format":"standard","meta":{"footnotes":""},"categories":[4],"tags":[4944,2774,1165],"class_list":["post-20136","post","type-post","status-publish","format-standard","has-post-thumbnail","hentry","category-cine","tag-festival-de-san-sebastian","tag-mercedes-moran","tag-ricardo-darin"],"_links":{"self":[{"href":"http:\/\/cronicasyversiones.com\/index.php?rest_route=\/wp\/v2\/posts\/20136","targetHints":{"allow":["GET"]}}],"collection":[{"href":"http:\/\/cronicasyversiones.com\/index.php?rest_route=\/wp\/v2\/posts"}],"about":[{"href":"http:\/\/cronicasyversiones.com\/index.php?rest_route=\/wp\/v2\/types\/post"}],"author":[{"embeddable":true,"href":"http:\/\/cronicasyversiones.com\/index.php?rest_route=\/wp\/v2\/users\/5"}],"replies":[{"embeddable":true,"href":"http:\/\/cronicasyversiones.com\/index.php?rest_route=%2Fwp%2Fv2%2Fcomments&post=20136"}],"version-history":[{"count":0,"href":"http:\/\/cronicasyversiones.com\/index.php?rest_route=\/wp\/v2\/posts\/20136\/revisions"}],"wp:featuredmedia":[{"embeddable":true,"href":"http:\/\/cronicasyversiones.com\/index.php?rest_route=\/wp\/v2\/media\/20137"}],"wp:attachment":[{"href":"http:\/\/cronicasyversiones.com\/index.php?rest_route=%2Fwp%2Fv2%2Fmedia&parent=20136"}],"wp:term":[{"taxonomy":"category","embeddable":true,"href":"http:\/\/cronicasyversiones.com\/index.php?rest_route=%2Fwp%2Fv2%2Fcategories&post=20136"},{"taxonomy":"post_tag","embeddable":true,"href":"http:\/\/cronicasyversiones.com\/index.php?rest_route=%2Fwp%2Fv2%2Ftags&post=20136"}],"curies":[{"name":"wp","href":"https:\/\/api.w.org\/{rel}","templated":true}]}}