{"id":20162,"date":"2018-08-05T00:04:34","date_gmt":"2018-08-05T03:04:34","guid":{"rendered":"http:\/\/cronicasyversiones.com\/?p=20162"},"modified":"2018-08-04T19:36:06","modified_gmt":"2018-08-04T22:36:06","slug":"arranca-el-festival-y-el-mundial-de-tango-de-buenos-aires","status":"publish","type":"post","link":"http:\/\/cronicasyversiones.com\/?p=20162","title":{"rendered":"Arranca el Festival y el Mundial de Tango de Buenos Aires"},"content":{"rendered":"<div style=\"padding-bottom:20px; padding-top:10px;\" class=\"hupso-share-buttons\"><!-- Hupso Share Buttons - https:\/\/www.hupso.com\/share\/ --><a class=\"hupso_counters\" href=\"https:\/\/www.hupso.com\/share\/\"><img decoding=\"async\" src=\"http:\/\/static.hupso.com\/share\/buttons\/lang\/es\/share-small.png\" style=\"border:0px; padding-top:2px; float:left;\" alt=\"Share Button\"\/><\/a><script type=\"text\/javascript\">var hupso_services_c=new Array(\"twitter\",\"facebook_like\",\"google\");var hupso_counters_lang = \"es_LA\";var hupso_image_folder_url = \"\";var hupso_twitter_via=\"crsyvrs\";var hupso_url_c=\"\";<\/script><script type=\"text\/javascript\" src=\"http:\/\/static.hupso.com\/share\/js\/counters.js\"><\/script><!-- Hupso Share Buttons --><\/div><h2>La nueva edici\u00f3n de este encuentro contar\u00e1 con 2 mil artistas de diversos pa\u00edses, gran cantidad de conciertos y clases de baile y canto.<\/h2>\n<p><img loading=\"lazy\" decoding=\"async\" class=\"size-full wp-image-20164 aligncenter\" src=\"http:\/\/cronicasyversiones.com\/wp-content\/uploads\/2018\/08\/amelita.jpg\" alt=\"\" width=\"750\" height=\"541\" srcset=\"http:\/\/cronicasyversiones.com\/wp-content\/uploads\/2018\/08\/amelita.jpg 750w, http:\/\/cronicasyversiones.com\/wp-content\/uploads\/2018\/08\/amelita-300x216.jpg 300w\" sizes=\"auto, (max-width: 750px) 100vw, 750px\" \/><\/p>\n<p>La nueva edici\u00f3n del <strong>Festival y Mundial de Tango de Buenos Aires<\/strong> contar\u00e1, del 9 al 22 de agosto, con la participaci\u00f3n de alrededor de 2 mil artistas de diversos pa\u00edses, gran cantidad de conciertos y clases de baile y canto, en 40 sedes repartidas por la ciudad.<\/p>\n<p>M\u00e1s de 600 parejas de baile est\u00e1n registradas para la competici\u00f3n oficial, cuyas rondas clasificatorias y semifinales en las categor\u00edas de<strong> Tango de Pista y Tango Escenario<\/strong> se dar\u00e1n en la Usina del Arte del barrio de La Boca. Las finales ser\u00e1n en el Estadio Luna Park.<\/p>\n<p>La nueva edici\u00f3n del festival contar\u00e1 en total con m\u00e1s de 2 mil artistas nacionales e internacionales, clases de baile, talleres de dibujo, pintura para ni\u00f1os y espect\u00e1culos de rock y tango, entre otras actividades.<\/p>\n<p><em><strong>LEA TAMBI\u00c9N:<\/strong> <\/em><\/p>\n<div class=\"video-container\">\n<blockquote class=\"wp-embedded-content\" data-secret=\"Dl5CqIE7kz\"><p><a href=\"http:\/\/cronicasyversiones.com\/?p=20156\">\u201cPalomas\u201d, el nuevo video de Patricia Barone y Javier Gonz\u00e1lez Grupo<\/a><\/p><\/blockquote>\n<p><iframe loading=\"lazy\" class=\"wp-embedded-content\" sandbox=\"allow-scripts\" security=\"restricted\" style=\"position: absolute; clip: rect(1px, 1px, 1px, 1px);\" title=\"\u00ab\u201cPalomas\u201d, el nuevo video de Patricia Barone y Javier Gonz\u00e1lez Grupo\u00bb \u2014    \" src=\"http:\/\/cronicasyversiones.com\/?p=20156&#038;embed=true#?secret=Tfe49QsxiZ#?secret=Dl5CqIE7kz\" data-secret=\"Dl5CqIE7kz\" width=\"600\" height=\"338\" frameborder=\"0\" marginwidth=\"0\" marginheight=\"0\" scrolling=\"no\"><\/iframe><\/div>\n<p>Tambi\u00e9n habr\u00e1 130 conciertos de artistas como <strong>N\u00e9stor Marconi, Gabriel Mores, Franco Luciani y Amelita Baltar,<\/strong> quien celebrar\u00e1 sus 50 a\u00f1os con el tango.<\/p>\n<p>Tambi\u00e9n ser\u00e1n de la partida el <strong>Diego Schissi Quinteto, el Esteban Morgado Cuarteto<\/strong>, la violinista japonesa <strong>Anna Saeki, y Susana Rinaldi y Osvaldo Piro,<\/strong> entre otros artistas.<\/p>\n<p>Durante las dos semanas del festival, funcionar\u00e1 la Milonga del Sal\u00f3n Mayor en la Usina del Arte con DJ invitados de distintas generaciones y estilos musicales, y exhibiciones de baile en milongas de la ciudad y en espacios no tradicionales como aeropuertos y estaciones<\/p>\n<div style=\"padding-bottom:20px; padding-top:10px;\" class=\"hupso-share-buttons\"><!-- Hupso Share Buttons - https:\/\/www.hupso.com\/share\/ --><a class=\"hupso_counters\" href=\"https:\/\/www.hupso.com\/share\/\"><img decoding=\"async\" src=\"http:\/\/static.hupso.com\/share\/buttons\/lang\/es\/share-small.png\" style=\"border:0px; padding-top:2px; float:left;\" alt=\"Share Button\"\/><\/a><script type=\"text\/javascript\">var hupso_services_c=new Array(\"twitter\",\"facebook_like\",\"google\");var hupso_counters_lang = \"es_LA\";var hupso_image_folder_url = \"\";var hupso_twitter_via=\"crsyvrs\";var hupso_url_c=\"\";<\/script><script type=\"text\/javascript\" src=\"http:\/\/static.hupso.com\/share\/js\/counters.js\"><\/script><!-- Hupso Share Buttons --><\/div> ","protected":false},"excerpt":{"rendered":"<div style=\"padding-bottom:20px; padding-top:10px;\" class=\"hupso-share-buttons\"><!-- Hupso Share Buttons - https:\/\/www.hupso.com\/share\/ --><a class=\"hupso_counters\" href=\"https:\/\/www.hupso.com\/share\/\"><img src=\"http:\/\/static.hupso.com\/share\/buttons\/lang\/es\/share-small.png\" style=\"border:0px; padding-top:2px; float:left;\" alt=\"Share Button\"\/><\/a><script type=\"text\/javascript\">var hupso_services_c=new Array(\"twitter\",\"facebook_like\",\"google\");var hupso_counters_lang = \"es_LA\";var hupso_image_folder_url = \"\";var hupso_twitter_via=\"crsyvrs\";var hupso_url_c=\"\";<\/script><script type=\"text\/javascript\" src=\"http:\/\/static.hupso.com\/share\/js\/counters.js\"><\/script><!-- Hupso Share Buttons --><\/div><p>La nueva edici\u00f3n de este encuentro contar\u00e1 con 2 mil artistas de diversos pa\u00edses, gran cantidad de conciertos y clases de baile y canto. La nueva edici\u00f3n del Festival y Mundial de Tango de Buenos Aires contar\u00e1, del 9&#46;&#46;&#46;<\/p>\n<div style=\"padding-bottom:20px; padding-top:10px;\" class=\"hupso-share-buttons\"><!-- Hupso Share Buttons - https:\/\/www.hupso.com\/share\/ --><a class=\"hupso_counters\" href=\"https:\/\/www.hupso.com\/share\/\"><img src=\"http:\/\/static.hupso.com\/share\/buttons\/lang\/es\/share-small.png\" style=\"border:0px; padding-top:2px; float:left;\" alt=\"Share Button\"\/><\/a><script type=\"text\/javascript\">var hupso_services_c=new Array(\"twitter\",\"facebook_like\",\"google\");var hupso_counters_lang = \"es_LA\";var hupso_image_folder_url = \"\";var hupso_twitter_via=\"crsyvrs\";var hupso_url_c=\"\";<\/script><script type=\"text\/javascript\" src=\"http:\/\/static.hupso.com\/share\/js\/counters.js\"><\/script><!-- Hupso Share Buttons --><\/div>","protected":false},"author":5,"featured_media":20164,"comment_status":"open","ping_status":"closed","sticky":false,"template":"","format":"standard","meta":{"footnotes":""},"categories":[3],"tags":[5092,467],"class_list":["post-20162","post","type-post","status-publish","format-standard","has-post-thumbnail","hentry","category-musica","tag-amelita-baltar","tag-tango"],"_links":{"self":[{"href":"http:\/\/cronicasyversiones.com\/index.php?rest_route=\/wp\/v2\/posts\/20162","targetHints":{"allow":["GET"]}}],"collection":[{"href":"http:\/\/cronicasyversiones.com\/index.php?rest_route=\/wp\/v2\/posts"}],"about":[{"href":"http:\/\/cronicasyversiones.com\/index.php?rest_route=\/wp\/v2\/types\/post"}],"author":[{"embeddable":true,"href":"http:\/\/cronicasyversiones.com\/index.php?rest_route=\/wp\/v2\/users\/5"}],"replies":[{"embeddable":true,"href":"http:\/\/cronicasyversiones.com\/index.php?rest_route=%2Fwp%2Fv2%2Fcomments&post=20162"}],"version-history":[{"count":0,"href":"http:\/\/cronicasyversiones.com\/index.php?rest_route=\/wp\/v2\/posts\/20162\/revisions"}],"wp:featuredmedia":[{"embeddable":true,"href":"http:\/\/cronicasyversiones.com\/index.php?rest_route=\/wp\/v2\/media\/20164"}],"wp:attachment":[{"href":"http:\/\/cronicasyversiones.com\/index.php?rest_route=%2Fwp%2Fv2%2Fmedia&parent=20162"}],"wp:term":[{"taxonomy":"category","embeddable":true,"href":"http:\/\/cronicasyversiones.com\/index.php?rest_route=%2Fwp%2Fv2%2Fcategories&post=20162"},{"taxonomy":"post_tag","embeddable":true,"href":"http:\/\/cronicasyversiones.com\/index.php?rest_route=%2Fwp%2Fv2%2Ftags&post=20162"}],"curies":[{"name":"wp","href":"https:\/\/api.w.org\/{rel}","templated":true}]}}