{"id":20228,"date":"2018-08-13T00:02:36","date_gmt":"2018-08-13T03:02:36","guid":{"rendered":"http:\/\/cronicasyversiones.com\/?p=20228"},"modified":"2018-08-12T20:15:51","modified_gmt":"2018-08-12T23:15:51","slug":"la-espanola-maria-juncal-presenta-la-emocion-del-flamenco-en-buenos-aires","status":"publish","type":"post","link":"http:\/\/cronicasyversiones.com\/?p=20228","title":{"rendered":"La espa\u00f1ola Mar\u00eda Juncal presenta \u201cLa emoci\u00f3n del Flamenco\u201d en Buenos Aires"},"content":{"rendered":"<div style=\"padding-bottom:20px; padding-top:10px;\" class=\"hupso-share-buttons\"><!-- Hupso Share Buttons - https:\/\/www.hupso.com\/share\/ --><a class=\"hupso_counters\" href=\"https:\/\/www.hupso.com\/share\/\"><img decoding=\"async\" src=\"http:\/\/static.hupso.com\/share\/buttons\/lang\/es\/share-small.png\" style=\"border:0px; padding-top:2px; float:left;\" alt=\"Share Button\"\/><\/a><script type=\"text\/javascript\">var hupso_services_c=new Array(\"twitter\",\"facebook_like\",\"google\");var hupso_counters_lang = \"es_LA\";var hupso_image_folder_url = \"\";var hupso_twitter_via=\"crsyvrs\";var hupso_url_c=\"\";<\/script><script type=\"text\/javascript\" src=\"http:\/\/static.hupso.com\/share\/js\/counters.js\"><\/script><!-- Hupso Share Buttons --><\/div><h2>La reconocida bailarina, oriunda de las Canarias, se presentar\u00e1 en la Sala Caras y Caretas con un espect\u00e1culo de baile, canto y\u00a0 guitarra.<\/h2>\n<p><img loading=\"lazy\" decoding=\"async\" class=\"wp-image-20229 aligncenter\" src=\"http:\/\/cronicasyversiones.com\/wp-content\/uploads\/2018\/08\/PHOTO-ANA-ITURBIDE-ALTA-4-1024x734.jpg\" alt=\"\" width=\"751\" height=\"538\" srcset=\"http:\/\/cronicasyversiones.com\/wp-content\/uploads\/2018\/08\/PHOTO-ANA-ITURBIDE-ALTA-4-1024x734.jpg 1024w, http:\/\/cronicasyversiones.com\/wp-content\/uploads\/2018\/08\/PHOTO-ANA-ITURBIDE-ALTA-4-350x250.jpg 350w, http:\/\/cronicasyversiones.com\/wp-content\/uploads\/2018\/08\/PHOTO-ANA-ITURBIDE-ALTA-4-300x215.jpg 300w, http:\/\/cronicasyversiones.com\/wp-content\/uploads\/2018\/08\/PHOTO-ANA-ITURBIDE-ALTA-4-768x551.jpg 768w\" sizes=\"auto, (max-width: 751px) 100vw, 751px\" \/><\/p>\n<p>La bailarina espa\u00f1ola <strong>Mar\u00eda Juncal<\/strong> presenta Emotions, <em><strong>\u201cLa emoci\u00f3n del Flamenco\u201d<\/strong> <\/em>en Buenos Aires, el jueves 27 de septiembre a las 21, en la Sala Caras y Caretas, ubicada en Sarmiento 2037.<\/p>\n<p>En esta puesta estar\u00e1 junto a <strong>Fernanda de C\u00f3rdoba y Esteban Gonda,<\/strong> en guitarra; <strong>\u00c1lvaro Gonz\u00e1lez<\/strong> y <strong>Eugenio Romero<\/strong> en el cante y <strong>Juan Romero<\/strong> \u00a0en la percusi\u00f3n.<\/p>\n<p>La cr\u00edtica la llama <em><strong>\u201cLa dama del baile flamenco\u201d<\/strong><\/em> por su don de conmover y su capacidad de trasmitir la emoci\u00f3n del flamenco a trav\u00e9s un espect\u00e1culo de baile, canto y\u00a0 guitarra.<\/p>\n<p>Mar\u00eda Juncal, oriunda de Las Palmas de Gran Canaria, es una bailaora con s\u00f3lida formaci\u00f3n en ballet y cl\u00e1sico Espa\u00f1ol. Pertenece a una familia flamenca, los Borrull.<\/p>\n<p>Sus primeros pasos la conducen a Santa Cruz de Tenerife y luego a Madrid en donde conoce y trabaja en las compa\u00f1\u00edas de leyendas del baile flamenco como G\u00fcito, Manolete o Merche Esmeralda.<\/p>\n<p>Con <em><strong>\u201cDestemplao\u201d, \u201cTercera llamada\u201d, \u201cEl Encierro de Ana Frank\u201d <\/strong><\/em>y<em><strong> \u201cEmotions\u201d,<\/strong><\/em>entre muchos otros espect\u00e1culos, dirigidos, coreografiados y protagonizados por ella, se present\u00f3 en escenarios de todo el mundo y ha forjado una larga trayectoria llena de reconocimientos.<\/p>\n<p><em><strong>LEA TAMBI\u00c9N:<\/strong> <\/em><\/p>\n<div class=\"video-container\">\n<blockquote class=\"wp-embedded-content\" data-secret=\"31Ix6OH113\"><p><a href=\"https:\/\/cronicasyversiones.com\/?p=20098\">Los \u00faltimos d\u00edas de Mar\u00eda Callas, en una obra de Daniel Teveles<\/a><\/p><\/blockquote>\n<p><iframe loading=\"lazy\" class=\"wp-embedded-content\" sandbox=\"allow-scripts\" security=\"restricted\" style=\"position: absolute; clip: rect(1px, 1px, 1px, 1px);\" title=\"\u00abLos \u00faltimos d\u00edas de Mar\u00eda Callas, en una obra de Daniel Teveles\u00bb \u2014    \" src=\"https:\/\/cronicasyversiones.com\/?p=20098&#038;embed=true#?secret=JgtuXhogfi#?secret=31Ix6OH113\" data-secret=\"31Ix6OH113\" width=\"600\" height=\"338\" frameborder=\"0\" marginwidth=\"0\" marginheight=\"0\" scrolling=\"no\"><\/iframe><\/div>\n<p>Adem\u00e1s, con el flamenco como veh\u00edculo, ha brindado posibilidades educativas y art\u00edsticas a los m\u00e1s desfavorecidos, labor que ha sido reconocida por la Agencia Espa\u00f1ola de Cooperaci\u00f3n Internacional para el desarrollo, por el Ministerio de Cultura de Cuba y otras instituciones ligadas a la cultura.<\/p>\n<blockquote><p>\u201cSi me preguntan con qu\u00e9 vine a Madrid solo puedo contestar con un sue\u00f1o como tanta gente, con desconocimiento pero con fe, con \u00adcoraje pero con prudencia, con ganas pero con paciencia. Y sobre todo, con el apasionamiento de las ideas y de los ideales y enamorada del Flamenco. Aqu\u00ed sigo, en el hermoso camino que te muestra el siguiente paso solo cuando andas\u201d, dice Mar\u00eda.<\/p><\/blockquote>\n<p>Emotions acerca a una experiencia tan rica en sensaciones como la vida misma, una oportunidad \u00fanica para vivir la emoci\u00f3n a trav\u00e9s de la guitarra, el canto y la danza. Junto a dos virtuosos cantores y una guitarra Juncal nos propone un viaje de ritmo, colores y sentimientos.<\/p>\n<p>La ruta del flamenco vibra en el escenario a lo largo de alegr\u00edas, martinete, guajiras y solea. Mar\u00eda Juncal muestra el mundo de la mujer, lo femenino a pura emoci\u00f3n.<\/p>\n<p>&nbsp;<\/p>\n<div style=\"padding-bottom:20px; padding-top:10px;\" class=\"hupso-share-buttons\"><!-- Hupso Share Buttons - https:\/\/www.hupso.com\/share\/ --><a class=\"hupso_counters\" href=\"https:\/\/www.hupso.com\/share\/\"><img decoding=\"async\" src=\"http:\/\/static.hupso.com\/share\/buttons\/lang\/es\/share-small.png\" style=\"border:0px; padding-top:2px; float:left;\" alt=\"Share Button\"\/><\/a><script type=\"text\/javascript\">var hupso_services_c=new Array(\"twitter\",\"facebook_like\",\"google\");var hupso_counters_lang = \"es_LA\";var hupso_image_folder_url = \"\";var hupso_twitter_via=\"crsyvrs\";var hupso_url_c=\"\";<\/script><script type=\"text\/javascript\" src=\"http:\/\/static.hupso.com\/share\/js\/counters.js\"><\/script><!-- Hupso Share Buttons --><\/div> ","protected":false},"excerpt":{"rendered":"<div style=\"padding-bottom:20px; padding-top:10px;\" class=\"hupso-share-buttons\"><!-- Hupso Share Buttons - https:\/\/www.hupso.com\/share\/ --><a class=\"hupso_counters\" href=\"https:\/\/www.hupso.com\/share\/\"><img src=\"http:\/\/static.hupso.com\/share\/buttons\/lang\/es\/share-small.png\" style=\"border:0px; padding-top:2px; float:left;\" alt=\"Share Button\"\/><\/a><script type=\"text\/javascript\">var hupso_services_c=new Array(\"twitter\",\"facebook_like\",\"google\");var hupso_counters_lang = \"es_LA\";var hupso_image_folder_url = \"\";var hupso_twitter_via=\"crsyvrs\";var hupso_url_c=\"\";<\/script><script type=\"text\/javascript\" src=\"http:\/\/static.hupso.com\/share\/js\/counters.js\"><\/script><!-- Hupso Share Buttons --><\/div><p>La reconocida bailarina, oriunda de las Canarias, se presentar\u00e1 en la Sala Caras y Caretas con un espect\u00e1culo de baile, canto y\u00a0 guitarra. La bailarina espa\u00f1ola Mar\u00eda Juncal presenta Emotions, \u201cLa emoci\u00f3n del Flamenco\u201d en Buenos Aires, el jueves&#46;&#46;&#46;<\/p>\n<div style=\"padding-bottom:20px; padding-top:10px;\" class=\"hupso-share-buttons\"><!-- Hupso Share Buttons - https:\/\/www.hupso.com\/share\/ --><a class=\"hupso_counters\" href=\"https:\/\/www.hupso.com\/share\/\"><img src=\"http:\/\/static.hupso.com\/share\/buttons\/lang\/es\/share-small.png\" style=\"border:0px; padding-top:2px; float:left;\" alt=\"Share Button\"\/><\/a><script type=\"text\/javascript\">var hupso_services_c=new Array(\"twitter\",\"facebook_like\",\"google\");var hupso_counters_lang = \"es_LA\";var hupso_image_folder_url = \"\";var hupso_twitter_via=\"crsyvrs\";var hupso_url_c=\"\";<\/script><script type=\"text\/javascript\" src=\"http:\/\/static.hupso.com\/share\/js\/counters.js\"><\/script><!-- Hupso Share Buttons --><\/div>","protected":false},"author":5,"featured_media":20229,"comment_status":"open","ping_status":"closed","sticky":false,"template":"","format":"standard","meta":{"footnotes":""},"categories":[5],"tags":[5669],"class_list":["post-20228","post","type-post","status-publish","format-standard","has-post-thumbnail","hentry","category-teatro","tag-flamenco"],"_links":{"self":[{"href":"http:\/\/cronicasyversiones.com\/index.php?rest_route=\/wp\/v2\/posts\/20228","targetHints":{"allow":["GET"]}}],"collection":[{"href":"http:\/\/cronicasyversiones.com\/index.php?rest_route=\/wp\/v2\/posts"}],"about":[{"href":"http:\/\/cronicasyversiones.com\/index.php?rest_route=\/wp\/v2\/types\/post"}],"author":[{"embeddable":true,"href":"http:\/\/cronicasyversiones.com\/index.php?rest_route=\/wp\/v2\/users\/5"}],"replies":[{"embeddable":true,"href":"http:\/\/cronicasyversiones.com\/index.php?rest_route=%2Fwp%2Fv2%2Fcomments&post=20228"}],"version-history":[{"count":0,"href":"http:\/\/cronicasyversiones.com\/index.php?rest_route=\/wp\/v2\/posts\/20228\/revisions"}],"wp:featuredmedia":[{"embeddable":true,"href":"http:\/\/cronicasyversiones.com\/index.php?rest_route=\/wp\/v2\/media\/20229"}],"wp:attachment":[{"href":"http:\/\/cronicasyversiones.com\/index.php?rest_route=%2Fwp%2Fv2%2Fmedia&parent=20228"}],"wp:term":[{"taxonomy":"category","embeddable":true,"href":"http:\/\/cronicasyversiones.com\/index.php?rest_route=%2Fwp%2Fv2%2Fcategories&post=20228"},{"taxonomy":"post_tag","embeddable":true,"href":"http:\/\/cronicasyversiones.com\/index.php?rest_route=%2Fwp%2Fv2%2Ftags&post=20228"}],"curies":[{"name":"wp","href":"https:\/\/api.w.org\/{rel}","templated":true}]}}