{"id":2025,"date":"2014-05-18T15:38:45","date_gmt":"2014-05-18T18:38:45","guid":{"rendered":"http:\/\/cronicasyversiones.com\/?p=2025"},"modified":"2014-05-18T15:38:45","modified_gmt":"2014-05-18T18:38:45","slug":"editan-sofoco-el-primer-libro-de-relatos-de-fernando-noy","status":"publish","type":"post","link":"http:\/\/cronicasyversiones.com\/?p=2025","title":{"rendered":"Editan \u201cSofoco\u201d, el primer libro de relatos de Fernando Noy"},"content":{"rendered":"<div style=\"padding-bottom:20px; padding-top:10px;\" class=\"hupso-share-buttons\"><!-- Hupso Share Buttons - https:\/\/www.hupso.com\/share\/ --><a class=\"hupso_counters\" href=\"https:\/\/www.hupso.com\/share\/\"><img decoding=\"async\" src=\"http:\/\/static.hupso.com\/share\/buttons\/lang\/es\/share-small.png\" style=\"border:0px; padding-top:2px; float:left;\" alt=\"Share Button\"\/><\/a><script type=\"text\/javascript\">var hupso_services_c=new Array(\"twitter\",\"facebook_like\",\"google\");var hupso_counters_lang = \"es_LA\";var hupso_image_folder_url = \"\";var hupso_twitter_via=\"crsyvrs\";var hupso_url_c=\"\";<\/script><script type=\"text\/javascript\" src=\"http:\/\/static.hupso.com\/share\/js\/counters.js\"><\/script><!-- Hupso Share Buttons --><\/div><h2 style=\"text-align: justify;\">La publicaci\u00f3n es un pu\u00f1ado de siete cuentos er\u00f3ticos \u201cescritos con saliva, sudor y l\u00e1grimas\u201d, seg\u00fan las propias palabras de su\u00a0 autor.<\/h2>\n<p style=\"text-align: justify;\"><a href=\"http:\/\/cronicasyversiones.com\/wp-content\/uploads\/2014\/05\/FERNANDO-NOY.jpg\"><img loading=\"lazy\" decoding=\"async\" class=\"aligncenter wp-image-2026\" src=\"http:\/\/cronicasyversiones.com\/wp-content\/uploads\/2014\/05\/FERNANDO-NOY-1024x688.jpg\" alt=\"FERNANDO NOY\" width=\"611\" height=\"410\" srcset=\"http:\/\/cronicasyversiones.com\/wp-content\/uploads\/2014\/05\/FERNANDO-NOY-1024x688.jpg 1024w, http:\/\/cronicasyversiones.com\/wp-content\/uploads\/2014\/05\/FERNANDO-NOY-300x201.jpg 300w, http:\/\/cronicasyversiones.com\/wp-content\/uploads\/2014\/05\/FERNANDO-NOY.jpg 1600w\" sizes=\"auto, (max-width: 611px) 100vw, 611px\" \/><\/a><em><strong>\u201cSofoco\u201d,<\/strong><\/em> el primer libro de relatos del poeta <strong>Fernando Noy<\/strong> es un pu\u00f1ado de siete cuentos er\u00f3ticos \u201c<strong>escritos con saliva, sudor y l\u00e1grimas<\/strong>\u201d, seg\u00fan las propias palabras de su propio autor, quien narra en primera persona memorias que hacen foco en el cuerpo y en la educaci\u00f3n \u201csemental\u201d, con trasfondo de c\u00f3digos contravencionales, razzias o \u201c<strong>gaystapo<\/strong>\u201d y traidoras de clase alta.<\/p>\n<p style=\"text-align: justify;\">Editado por <strong>Mansalva<\/strong>, Noy suma una cuota original a la arraigada tradici\u00f3n de Copi y Perlongher para revelar un universo que hace culto literario al encuentro entre <strong>\u201cel chongo y la musa\u201d<\/strong>, el v\u00e9rtigo de la juventud, las ansias eternas de placer y los furtivos y clandestinos amores que logran, seg\u00fan el poeta, \u201cdesatar ese nudo de deseo que crece en la garganta\u201d.<\/p>\n<p style=\"text-align: justify;\">Fernando Noy, nacido en R\u00edo Negro, es poeta, actor y dramaturgo. En poes\u00eda public\u00f3 <em><strong>\u201cEl poder de nombrar\u201d, \u201cDentellada\u201d y \u201cLa orquesta invisible\u201d<\/strong> <\/em>y su obra po\u00e9tica fue traducida a diversos idiomas.<\/p>\n<p style=\"text-align: justify;\">Tambi\u00e9n en teatro se estrenaron de su autor\u00eda la comedia<em><strong> \u201cPerlas Quemadas\u201d<\/strong> <\/em>y el mon\u00f3logo<em><strong> \u201cMemorial del aut\u00f3mata\u201d.<\/strong><\/em> Tambi\u00e9n escribi\u00f3 para televisi\u00f3n y en cine trabaj\u00f3 como actor con Mar\u00eda Luisa Bemberg, Jorge Polaco y Luis Ortega, entre otros. Adem\u00e1s, Fabiana Cantilo y Egle Martin grabaron letras de su pluma.<\/p>\n<div style=\"padding-bottom:20px; padding-top:10px;\" class=\"hupso-share-buttons\"><!-- Hupso Share Buttons - https:\/\/www.hupso.com\/share\/ --><a class=\"hupso_counters\" href=\"https:\/\/www.hupso.com\/share\/\"><img decoding=\"async\" src=\"http:\/\/static.hupso.com\/share\/buttons\/lang\/es\/share-small.png\" style=\"border:0px; padding-top:2px; float:left;\" alt=\"Share Button\"\/><\/a><script type=\"text\/javascript\">var hupso_services_c=new Array(\"twitter\",\"facebook_like\",\"google\");var hupso_counters_lang = \"es_LA\";var hupso_image_folder_url = \"\";var hupso_twitter_via=\"crsyvrs\";var hupso_url_c=\"\";<\/script><script type=\"text\/javascript\" src=\"http:\/\/static.hupso.com\/share\/js\/counters.js\"><\/script><!-- Hupso Share Buttons --><\/div> ","protected":false},"excerpt":{"rendered":"<div style=\"padding-bottom:20px; padding-top:10px;\" class=\"hupso-share-buttons\"><!-- Hupso Share Buttons - https:\/\/www.hupso.com\/share\/ --><a class=\"hupso_counters\" href=\"https:\/\/www.hupso.com\/share\/\"><img src=\"http:\/\/static.hupso.com\/share\/buttons\/lang\/es\/share-small.png\" style=\"border:0px; padding-top:2px; float:left;\" alt=\"Share Button\"\/><\/a><script type=\"text\/javascript\">var hupso_services_c=new Array(\"twitter\",\"facebook_like\",\"google\");var hupso_counters_lang = \"es_LA\";var hupso_image_folder_url = \"\";var hupso_twitter_via=\"crsyvrs\";var hupso_url_c=\"\";<\/script><script type=\"text\/javascript\" src=\"http:\/\/static.hupso.com\/share\/js\/counters.js\"><\/script><!-- Hupso Share Buttons --><\/div><p>La publicaci\u00f3n es un pu\u00f1ado de siete cuentos er\u00f3ticos \u201cescritos con saliva, sudor y l\u00e1grimas\u201d, seg\u00fan las propias palabras de su\u00a0 autor. \u201cSofoco\u201d, el primer libro de relatos del poeta Fernando Noy es un pu\u00f1ado de siete cuentos er\u00f3ticos&#46;&#46;&#46;<\/p>\n<div style=\"padding-bottom:20px; padding-top:10px;\" class=\"hupso-share-buttons\"><!-- Hupso Share Buttons - https:\/\/www.hupso.com\/share\/ --><a class=\"hupso_counters\" href=\"https:\/\/www.hupso.com\/share\/\"><img src=\"http:\/\/static.hupso.com\/share\/buttons\/lang\/es\/share-small.png\" style=\"border:0px; padding-top:2px; float:left;\" alt=\"Share Button\"\/><\/a><script type=\"text\/javascript\">var hupso_services_c=new Array(\"twitter\",\"facebook_like\",\"google\");var hupso_counters_lang = \"es_LA\";var hupso_image_folder_url = \"\";var hupso_twitter_via=\"crsyvrs\";var hupso_url_c=\"\";<\/script><script type=\"text\/javascript\" src=\"http:\/\/static.hupso.com\/share\/js\/counters.js\"><\/script><!-- Hupso Share Buttons --><\/div>","protected":false},"author":5,"featured_media":0,"comment_status":"open","ping_status":"open","sticky":false,"template":"","format":"standard","meta":{"footnotes":""},"categories":[7],"tags":[1665,1667,1666],"class_list":["post-2025","post","type-post","status-publish","format-standard","hentry","category-literatura","tag-fernando-noy","tag-mansalva","tag-sofoco"],"_links":{"self":[{"href":"http:\/\/cronicasyversiones.com\/index.php?rest_route=\/wp\/v2\/posts\/2025","targetHints":{"allow":["GET"]}}],"collection":[{"href":"http:\/\/cronicasyversiones.com\/index.php?rest_route=\/wp\/v2\/posts"}],"about":[{"href":"http:\/\/cronicasyversiones.com\/index.php?rest_route=\/wp\/v2\/types\/post"}],"author":[{"embeddable":true,"href":"http:\/\/cronicasyversiones.com\/index.php?rest_route=\/wp\/v2\/users\/5"}],"replies":[{"embeddable":true,"href":"http:\/\/cronicasyversiones.com\/index.php?rest_route=%2Fwp%2Fv2%2Fcomments&post=2025"}],"version-history":[{"count":0,"href":"http:\/\/cronicasyversiones.com\/index.php?rest_route=\/wp\/v2\/posts\/2025\/revisions"}],"wp:attachment":[{"href":"http:\/\/cronicasyversiones.com\/index.php?rest_route=%2Fwp%2Fv2%2Fmedia&parent=2025"}],"wp:term":[{"taxonomy":"category","embeddable":true,"href":"http:\/\/cronicasyversiones.com\/index.php?rest_route=%2Fwp%2Fv2%2Fcategories&post=2025"},{"taxonomy":"post_tag","embeddable":true,"href":"http:\/\/cronicasyversiones.com\/index.php?rest_route=%2Fwp%2Fv2%2Ftags&post=2025"}],"curies":[{"name":"wp","href":"https:\/\/api.w.org\/{rel}","templated":true}]}}