{"id":2029,"date":"2014-05-19T08:51:09","date_gmt":"2014-05-19T11:51:09","guid":{"rendered":"http:\/\/cronicasyversiones.com\/?p=2029"},"modified":"2014-05-19T08:51:09","modified_gmt":"2014-05-19T11:51:09","slug":"ciudades-de-silencio-postales-de-los-cementerios-mas-monumentales","status":"publish","type":"post","link":"http:\/\/cronicasyversiones.com\/?p=2029","title":{"rendered":"\u201cCiudades de silencio\u201d, postales de los cementerios m\u00e1s \u201cmonumentales\u201d"},"content":{"rendered":"<div style=\"padding-bottom:20px; padding-top:10px;\" class=\"hupso-share-buttons\"><!-- Hupso Share Buttons - https:\/\/www.hupso.com\/share\/ --><a class=\"hupso_counters\" href=\"https:\/\/www.hupso.com\/share\/\"><img decoding=\"async\" src=\"http:\/\/static.hupso.com\/share\/buttons\/lang\/es\/share-small.png\" style=\"border:0px; padding-top:2px; float:left;\" alt=\"Share Button\"\/><\/a><script type=\"text\/javascript\">var hupso_services_c=new Array(\"twitter\",\"facebook_like\",\"google\");var hupso_counters_lang = \"es_LA\";var hupso_image_folder_url = \"\";var hupso_twitter_via=\"crsyvrs\";var hupso_url_c=\"\";<\/script><script type=\"text\/javascript\" src=\"http:\/\/static.hupso.com\/share\/js\/counters.js\"><\/script><!-- Hupso Share Buttons --><\/div><h2 style=\"text-align: justify;\">Lleg\u00f3 a Buenos Aires \u201cCiudades del silencio\u201d, una muestra que recoge 45 instant\u00e1neas de las necr\u00f3polis de Recoleta, Col\u00f3n de La Habana y el emblem\u00e1tico P\u00e8re Lachaise parisino.<\/h2>\n<p><a href=\"http:\/\/cronicasyversiones.com\/wp-content\/uploads\/2014\/05\/PereLachaise-IsabelMartinez-0085ok1.jpg\"><img loading=\"lazy\" decoding=\"async\" class=\"wp-image-2030 alignnone\" src=\"http:\/\/cronicasyversiones.com\/wp-content\/uploads\/2014\/05\/PereLachaise-IsabelMartinez-0085ok1.jpg\" alt=\"PereLachaise-IsabelMartinez-0085ok1\" width=\"639\" height=\"507\" \/><\/a><\/p>\n<p style=\"text-align: justify;\"><em><strong>\u201cCiudades del silencio\u201d,<\/strong><\/em> una muestra fotogr\u00e1fica que recoge la mirada de dos espa\u00f1oles y un cubano sobre la atm\u00f3sfera de <strong>tres de los cementerios m\u00e1s \u201cmonumentales\u201d<\/strong> del mundo, se podr\u00e1 visitar hasta el pr\u00f3ximo 28 de mayo en el <strong>Centro Cultural Recoleta<\/strong>, donde se podr\u00e1n ver fotos en las que las banderas, la vegetaci\u00f3n y hasta las vallas publicitarias contrastan con las cruces solitarias de las tumbas.<\/p>\n<p>El cementerio de la <strong>Recoleta<\/strong> de Buenos Aires, la necr\u00f3polis de <strong>Col\u00f3n de La Habana<\/strong> y el emblem\u00e1tico <strong>P\u00e8re Lachaise<\/strong> parisino protagonizan una serie de 45 instant\u00e1neas que retratan estos lugares de reposo como si fueran aut\u00e9nticos paisajes urbanos.<\/p>\n<p style=\"text-align: justify;\"><a href=\"http:\/\/cronicasyversiones.com\/wp-content\/uploads\/2014\/05\/Ciudades-3.jpg\"><img loading=\"lazy\" decoding=\"async\" class=\"aligncenter wp-image-2031\" src=\"http:\/\/cronicasyversiones.com\/wp-content\/uploads\/2014\/05\/Ciudades-3.jpg\" alt=\"Ciudades 3\" width=\"639\" height=\"367\" srcset=\"http:\/\/cronicasyversiones.com\/wp-content\/uploads\/2014\/05\/Ciudades-3.jpg 800w, http:\/\/cronicasyversiones.com\/wp-content\/uploads\/2014\/05\/Ciudades-3-300x172.jpg 300w\" sizes=\"auto, (max-width: 639px) 100vw, 639px\" \/><\/a>\u201cHemos destacado en las fotograf\u00edas que estos cementerios est\u00e1n muy en contacto con la ciudad en la que est\u00e1n insertados. <strong>Intramuros y extramuros, la vida pasada y la vida presente, est\u00e1n muy en contacto\u201d<\/strong>, explic\u00f3 a la agencia de noticias Efe la fot\u00f3grafa espa\u00f1ola<strong> Isabel Mart\u00ednez Gordillo<\/strong>, encargada de retratar el Cementerio de la Recoleta.<\/p>\n<p style=\"text-align: justify;\">Junto a ella trabajaron el cubano <strong>Alberto Arcos<\/strong> y el tambi\u00e9n espa\u00f1ol <strong>Ignacio Barrios,<\/strong> responsable del trabajo sobre P\u00e8re Lachaise, en un proyecto que comenz\u00f3 en 2011 y que ya fue estrenado en La Habana en diciembre de 2013, antes de viajar a Buenos Aires.<\/p>\n<p style=\"text-align: justify;\">\u201c<strong>Los cementerios en Am\u00e9rica tienen todo el bagaje cultural<\/strong> de la gente que vino a estas tierras, que ven\u00eda en su mayor\u00eda de Europa y se ven reflejados en sus tumbas, b\u00f3vedas, mausoleos&#8230;\u201d, agreg\u00f3 Mart\u00ednez Gordillo.<\/p>\n<p style=\"text-align: justify;\"><a href=\"http:\/\/cronicasyversiones.com\/wp-content\/uploads\/2014\/05\/Ciudades-del-silencio.jpg\"><img loading=\"lazy\" decoding=\"async\" class=\"wp-image-2032 aligncenter\" src=\"http:\/\/cronicasyversiones.com\/wp-content\/uploads\/2014\/05\/Ciudades-del-silencio.jpg\" alt=\"Ciudades del silencio\" width=\"639\" height=\"386\" srcset=\"http:\/\/cronicasyversiones.com\/wp-content\/uploads\/2014\/05\/Ciudades-del-silencio.jpg 800w, http:\/\/cronicasyversiones.com\/wp-content\/uploads\/2014\/05\/Ciudades-del-silencio-300x181.jpg 300w\" sizes=\"auto, (max-width: 639px) 100vw, 639px\" \/><\/a>La fot\u00f3grafa enumer\u00f3 las cualidades de los tres cementerios retratados. \u201c<strong>Tanto Col\u00f3n como Recoleta son dos de los cementerios m\u00e1s representativos<\/strong> en esta parte del mundo, son realmente como museos y es lo que tienen en com\u00fan con P\u00e8re Lachaise. Son cementerios que se visitan, la gente no solamente va porque tenga que enterrar a sus muertos o dejarle un recuerdo a sus antepasados\u201d, describi\u00f3.<\/p>\n<p style=\"text-align: justify;\">\u201cDan la impresi\u00f3n generalizada de que si no fuera por los carteles y los pies de foto que ponen el autor y el lugar, no se sabr\u00eda muy bien de d\u00f3nde es cada obra. Dialogan muy bien, se entremezclan muy bien y son estilos parecidos\u201d, destac\u00f3 Mart\u00ednez Gordillo.<\/p>\n<p style=\"text-align: justify;\">\u201cSon centros de reposo pero tienen un lado de museo muy importante. <strong>La gente realmente admira las esculturas y las construcciones\u201d<\/strong>, sostuvo la autora, en referencia a las necr\u00f3polis donde descansan personalidades que van desde Eva Per\u00f3n (en Buenos Aires) al cantante de The Doors, Jim Morrison, o el escritor Oscar Wilde (en P\u00e8re Lachaise).<\/p>\n<p>&nbsp;<\/p>\n<div style=\"padding-bottom:20px; padding-top:10px;\" class=\"hupso-share-buttons\"><!-- Hupso Share Buttons - https:\/\/www.hupso.com\/share\/ --><a class=\"hupso_counters\" href=\"https:\/\/www.hupso.com\/share\/\"><img decoding=\"async\" src=\"http:\/\/static.hupso.com\/share\/buttons\/lang\/es\/share-small.png\" style=\"border:0px; padding-top:2px; float:left;\" alt=\"Share Button\"\/><\/a><script type=\"text\/javascript\">var hupso_services_c=new Array(\"twitter\",\"facebook_like\",\"google\");var hupso_counters_lang = \"es_LA\";var hupso_image_folder_url = \"\";var hupso_twitter_via=\"crsyvrs\";var hupso_url_c=\"\";<\/script><script type=\"text\/javascript\" src=\"http:\/\/static.hupso.com\/share\/js\/counters.js\"><\/script><!-- Hupso Share Buttons --><\/div> ","protected":false},"excerpt":{"rendered":"<div style=\"padding-bottom:20px; padding-top:10px;\" class=\"hupso-share-buttons\"><!-- Hupso Share Buttons - https:\/\/www.hupso.com\/share\/ --><a class=\"hupso_counters\" href=\"https:\/\/www.hupso.com\/share\/\"><img src=\"http:\/\/static.hupso.com\/share\/buttons\/lang\/es\/share-small.png\" style=\"border:0px; padding-top:2px; float:left;\" alt=\"Share Button\"\/><\/a><script type=\"text\/javascript\">var hupso_services_c=new Array(\"twitter\",\"facebook_like\",\"google\");var hupso_counters_lang = \"es_LA\";var hupso_image_folder_url = \"\";var hupso_twitter_via=\"crsyvrs\";var hupso_url_c=\"\";<\/script><script type=\"text\/javascript\" src=\"http:\/\/static.hupso.com\/share\/js\/counters.js\"><\/script><!-- Hupso Share Buttons --><\/div><p>Lleg\u00f3 a Buenos Aires \u201cCiudades del silencio\u201d, una muestra que recoge 45 instant\u00e1neas de las necr\u00f3polis de Recoleta, Col\u00f3n de La Habana y el emblem\u00e1tico P\u00e8re Lachaise parisino. \u201cCiudades del silencio\u201d, una muestra fotogr\u00e1fica que recoge la mirada de&#46;&#46;&#46;<\/p>\n<div style=\"padding-bottom:20px; padding-top:10px;\" class=\"hupso-share-buttons\"><!-- Hupso Share Buttons - https:\/\/www.hupso.com\/share\/ --><a class=\"hupso_counters\" href=\"https:\/\/www.hupso.com\/share\/\"><img src=\"http:\/\/static.hupso.com\/share\/buttons\/lang\/es\/share-small.png\" style=\"border:0px; padding-top:2px; float:left;\" alt=\"Share Button\"\/><\/a><script type=\"text\/javascript\">var hupso_services_c=new Array(\"twitter\",\"facebook_like\",\"google\");var hupso_counters_lang = \"es_LA\";var hupso_image_folder_url = \"\";var hupso_twitter_via=\"crsyvrs\";var hupso_url_c=\"\";<\/script><script type=\"text\/javascript\" src=\"http:\/\/static.hupso.com\/share\/js\/counters.js\"><\/script><!-- Hupso Share Buttons --><\/div>","protected":false},"author":5,"featured_media":0,"comment_status":"open","ping_status":"open","sticky":false,"template":"","format":"standard","meta":{"footnotes":""},"categories":[8],"tags":[1673,1670,1669,180,1668,1674,1672,1671],"class_list":["post-2029","post","type-post","status-publish","format-standard","hentry","category-artes-plasticas","tag-alberto-arcos","tag-cementerio-colon-de-la-habana","tag-cementerio-de-recoleta","tag-centro-cultural-recoleta","tag-ciudades-de-silencio","tag-ignacio-barrios","tag-isabel-martinez-gordillo","tag-pere-lachaise"],"_links":{"self":[{"href":"http:\/\/cronicasyversiones.com\/index.php?rest_route=\/wp\/v2\/posts\/2029","targetHints":{"allow":["GET"]}}],"collection":[{"href":"http:\/\/cronicasyversiones.com\/index.php?rest_route=\/wp\/v2\/posts"}],"about":[{"href":"http:\/\/cronicasyversiones.com\/index.php?rest_route=\/wp\/v2\/types\/post"}],"author":[{"embeddable":true,"href":"http:\/\/cronicasyversiones.com\/index.php?rest_route=\/wp\/v2\/users\/5"}],"replies":[{"embeddable":true,"href":"http:\/\/cronicasyversiones.com\/index.php?rest_route=%2Fwp%2Fv2%2Fcomments&post=2029"}],"version-history":[{"count":0,"href":"http:\/\/cronicasyversiones.com\/index.php?rest_route=\/wp\/v2\/posts\/2029\/revisions"}],"wp:attachment":[{"href":"http:\/\/cronicasyversiones.com\/index.php?rest_route=%2Fwp%2Fv2%2Fmedia&parent=2029"}],"wp:term":[{"taxonomy":"category","embeddable":true,"href":"http:\/\/cronicasyversiones.com\/index.php?rest_route=%2Fwp%2Fv2%2Fcategories&post=2029"},{"taxonomy":"post_tag","embeddable":true,"href":"http:\/\/cronicasyversiones.com\/index.php?rest_route=%2Fwp%2Fv2%2Ftags&post=2029"}],"curies":[{"name":"wp","href":"https:\/\/api.w.org\/{rel}","templated":true}]}}