{"id":20423,"date":"2018-10-20T15:41:33","date_gmt":"2018-10-20T18:41:33","guid":{"rendered":"http:\/\/cronicasyversiones.com\/?p=20423"},"modified":"2018-10-20T15:42:23","modified_gmt":"2018-10-20T18:42:23","slug":"festival-de-arte-argentino-llega-a-la-ciudad-de-kuala-lumpur","status":"publish","type":"post","link":"http:\/\/cronicasyversiones.com\/?p=20423","title":{"rendered":"El Festival de Arte argentino llega a Kuala Lumpur"},"content":{"rendered":"<div style=\"padding-bottom:20px; padding-top:10px;\" class=\"hupso-share-buttons\"><!-- Hupso Share Buttons - https:\/\/www.hupso.com\/share\/ --><a class=\"hupso_counters\" href=\"https:\/\/www.hupso.com\/share\/\"><img decoding=\"async\" src=\"http:\/\/static.hupso.com\/share\/buttons\/lang\/es\/share-small.png\" style=\"border:0px; padding-top:2px; float:left;\" alt=\"Share Button\"\/><\/a><script type=\"text\/javascript\">var hupso_services_c=new Array(\"twitter\",\"facebook_like\",\"google\");var hupso_counters_lang = \"es_LA\";var hupso_image_folder_url = \"\";var hupso_twitter_via=\"crsyvrs\";var hupso_url_c=\"\";<\/script><script type=\"text\/javascript\" src=\"http:\/\/static.hupso.com\/share\/js\/counters.js\"><\/script><!-- Hupso Share Buttons --><\/div><h2>Luego de una primera edici\u00f3n exitosa el a\u00f1o pasado en Pomona, en este nuevo encuentro\u00a0tendr\u00e1 lugar en la capital de Malasia\u00a0entre el <strong>24 al 28 de octubre.\u00a0<\/strong><\/h2>\n<p><img loading=\"lazy\" decoding=\"async\" class=\"size-full wp-image-20747 aligncenter\" src=\"http:\/\/cronicasyversiones.com\/wp-content\/uploads\/2018\/09\/lumpur.jpg\" alt=\"\" width=\"750\" height=\"450\" srcset=\"http:\/\/cronicasyversiones.com\/wp-content\/uploads\/2018\/09\/lumpur.jpg 750w, http:\/\/cronicasyversiones.com\/wp-content\/uploads\/2018\/09\/lumpur-300x180.jpg 300w\" sizes=\"auto, (max-width: 750px) 100vw, 750px\" \/><\/p>\n<p><strong>\u201cArgentina Festival de Arte\u00bb (ARFA2018)<\/strong> llegar\u00e1 en octubre a la ciudad de <strong>Kuala Lumpur en Malasia<\/strong>, luego de una primera edici\u00f3n exitosa el a\u00f1o pasado en Pomona, Los Angeles, Estados Unidos.<\/p>\n<p>El Festival de Arte de Argentina 2018 llegar\u00e1 a Kuala Lumpur entre el <strong>24 al 28 de octubre;<\/strong> los visitantes podr\u00e1n sumergirse en una gran variedad de arte argentino, que durante mucho tiempo ha disfrutado de una pr\u00f3spera escena art\u00edstica.<\/p>\n<p>Conocido como el <strong>\u00abfestival de arte ambulante\u00bb,<\/strong> ARFA tiene como objetivo presentar el arte de Argentina al mundo, ciudad por ciudad, y en octubre, Kuala Lumpur acoger\u00e1 innumerables obras de arte de una colecci\u00f3n de artistas de las diferentes regiones del pa\u00eds.<\/p>\n<p><em><strong>LEA TAMBI\u00c9N:\u00a0<\/strong><\/em><\/p>\n<div class=\"video-container\">\n<blockquote class=\"wp-embedded-content\" data-secret=\"Y16gEVnquo\"><p><a href=\"https:\/\/cronicasyversiones.com\/?p=20719\">La Bienal abri\u00f3 la convocatoria de Novela<\/a><\/p><\/blockquote>\n<p><iframe loading=\"lazy\" class=\"wp-embedded-content\" sandbox=\"allow-scripts\" security=\"restricted\" style=\"position: absolute; clip: rect(1px, 1px, 1px, 1px);\" title=\"\u00abLa Bienal abri\u00f3 la convocatoria de Novela\u00bb \u2014    \" src=\"https:\/\/cronicasyversiones.com\/?p=20719&#038;embed=true#?secret=hRgFzAncPC#?secret=Y16gEVnquo\" data-secret=\"Y16gEVnquo\" width=\"600\" height=\"338\" frameborder=\"0\" marginwidth=\"0\" marginheight=\"0\" scrolling=\"no\"><\/iframe><\/div>\n<p>Desde pinturas y arte digital hasta obras maestras de textiles, el variado escaparate que se exhibir\u00e1 en la <strong>Galer\u00eda Nacional de Artes Visuales en Kuala Lumpur<\/strong> ilustra por qu\u00e9 Argentina se ha convertido en un modelo a seguir para las artes y la cultura en las Am\u00e9ricas y el mundo.<\/p>\n<p>Adem\u00e1s el Festival cumplir\u00e1 su fin solidario, ya que al finalizar se realizar\u00e1 una subasta de obras donadas por los artistas argentinos a total beneficio de<strong> Chin Scohol Organization,<\/strong> una escuela que alberga a m\u00e1s de 500 ni\u00f1os refugiados de Myanmar.<\/p>\n<p>&nbsp;<\/p>\n<div style=\"padding-bottom:20px; padding-top:10px;\" class=\"hupso-share-buttons\"><!-- Hupso Share Buttons - https:\/\/www.hupso.com\/share\/ --><a class=\"hupso_counters\" href=\"https:\/\/www.hupso.com\/share\/\"><img decoding=\"async\" src=\"http:\/\/static.hupso.com\/share\/buttons\/lang\/es\/share-small.png\" style=\"border:0px; padding-top:2px; float:left;\" alt=\"Share Button\"\/><\/a><script type=\"text\/javascript\">var hupso_services_c=new Array(\"twitter\",\"facebook_like\",\"google\");var hupso_counters_lang = \"es_LA\";var hupso_image_folder_url = \"\";var hupso_twitter_via=\"crsyvrs\";var hupso_url_c=\"\";<\/script><script type=\"text\/javascript\" src=\"http:\/\/static.hupso.com\/share\/js\/counters.js\"><\/script><!-- Hupso Share Buttons --><\/div> ","protected":false},"excerpt":{"rendered":"<div style=\"padding-bottom:20px; padding-top:10px;\" class=\"hupso-share-buttons\"><!-- Hupso Share Buttons - https:\/\/www.hupso.com\/share\/ --><a class=\"hupso_counters\" href=\"https:\/\/www.hupso.com\/share\/\"><img src=\"http:\/\/static.hupso.com\/share\/buttons\/lang\/es\/share-small.png\" style=\"border:0px; padding-top:2px; float:left;\" alt=\"Share Button\"\/><\/a><script type=\"text\/javascript\">var hupso_services_c=new Array(\"twitter\",\"facebook_like\",\"google\");var hupso_counters_lang = \"es_LA\";var hupso_image_folder_url = \"\";var hupso_twitter_via=\"crsyvrs\";var hupso_url_c=\"\";<\/script><script type=\"text\/javascript\" src=\"http:\/\/static.hupso.com\/share\/js\/counters.js\"><\/script><!-- Hupso Share Buttons --><\/div><p>Luego de una primera edici\u00f3n exitosa el a\u00f1o pasado en Pomona, en este nuevo encuentro\u00a0tendr\u00e1 lugar en la capital de Malasia\u00a0entre el 24 al 28 de octubre.\u00a0 \u201cArgentina Festival de Arte\u00bb (ARFA2018) llegar\u00e1 en octubre a la ciudad de&#46;&#46;&#46;<\/p>\n<div style=\"padding-bottom:20px; padding-top:10px;\" class=\"hupso-share-buttons\"><!-- Hupso Share Buttons - https:\/\/www.hupso.com\/share\/ --><a class=\"hupso_counters\" href=\"https:\/\/www.hupso.com\/share\/\"><img src=\"http:\/\/static.hupso.com\/share\/buttons\/lang\/es\/share-small.png\" style=\"border:0px; padding-top:2px; float:left;\" alt=\"Share Button\"\/><\/a><script type=\"text\/javascript\">var hupso_services_c=new Array(\"twitter\",\"facebook_like\",\"google\");var hupso_counters_lang = \"es_LA\";var hupso_image_folder_url = \"\";var hupso_twitter_via=\"crsyvrs\";var hupso_url_c=\"\";<\/script><script type=\"text\/javascript\" src=\"http:\/\/static.hupso.com\/share\/js\/counters.js\"><\/script><!-- Hupso Share Buttons --><\/div>","protected":false},"author":5,"featured_media":20747,"comment_status":"open","ping_status":"closed","sticky":false,"template":"","format":"standard","meta":{"footnotes":""},"categories":[9],"tags":[8995],"class_list":["post-20423","post","type-post","status-publish","format-standard","has-post-thumbnail","hentry","category-sociedad","tag-argentina-festival-de-arte"],"_links":{"self":[{"href":"http:\/\/cronicasyversiones.com\/index.php?rest_route=\/wp\/v2\/posts\/20423","targetHints":{"allow":["GET"]}}],"collection":[{"href":"http:\/\/cronicasyversiones.com\/index.php?rest_route=\/wp\/v2\/posts"}],"about":[{"href":"http:\/\/cronicasyversiones.com\/index.php?rest_route=\/wp\/v2\/types\/post"}],"author":[{"embeddable":true,"href":"http:\/\/cronicasyversiones.com\/index.php?rest_route=\/wp\/v2\/users\/5"}],"replies":[{"embeddable":true,"href":"http:\/\/cronicasyversiones.com\/index.php?rest_route=%2Fwp%2Fv2%2Fcomments&post=20423"}],"version-history":[{"count":0,"href":"http:\/\/cronicasyversiones.com\/index.php?rest_route=\/wp\/v2\/posts\/20423\/revisions"}],"wp:featuredmedia":[{"embeddable":true,"href":"http:\/\/cronicasyversiones.com\/index.php?rest_route=\/wp\/v2\/media\/20747"}],"wp:attachment":[{"href":"http:\/\/cronicasyversiones.com\/index.php?rest_route=%2Fwp%2Fv2%2Fmedia&parent=20423"}],"wp:term":[{"taxonomy":"category","embeddable":true,"href":"http:\/\/cronicasyversiones.com\/index.php?rest_route=%2Fwp%2Fv2%2Fcategories&post=20423"},{"taxonomy":"post_tag","embeddable":true,"href":"http:\/\/cronicasyversiones.com\/index.php?rest_route=%2Fwp%2Fv2%2Ftags&post=20423"}],"curies":[{"name":"wp","href":"https:\/\/api.w.org\/{rel}","templated":true}]}}