{"id":20453,"date":"2018-08-30T00:04:17","date_gmt":"2018-08-30T03:04:17","guid":{"rendered":"http:\/\/cronicasyversiones.com\/?p=20453"},"modified":"2018-08-29T21:48:15","modified_gmt":"2018-08-30T00:48:15","slug":"anton-pirulero-un-documental-sobre-la-desaparicion-forzada-en-democracia","status":"publish","type":"post","link":"http:\/\/cronicasyversiones.com\/?p=20453","title":{"rendered":"\u201cAnt\u00f3n Pirulero\u201d, un documental sobre la desaparici\u00f3n forzada en Democracia"},"content":{"rendered":"<div style=\"padding-bottom:20px; padding-top:10px;\" class=\"hupso-share-buttons\"><!-- Hupso Share Buttons - https:\/\/www.hupso.com\/share\/ --><a class=\"hupso_counters\" href=\"https:\/\/www.hupso.com\/share\/\"><img decoding=\"async\" src=\"http:\/\/static.hupso.com\/share\/buttons\/lang\/es\/share-small.png\" style=\"border:0px; padding-top:2px; float:left;\" alt=\"Share Button\"\/><\/a><script type=\"text\/javascript\">var hupso_services_c=new Array(\"twitter\",\"facebook_like\",\"google\");var hupso_counters_lang = \"es_LA\";var hupso_image_folder_url = \"\";var hupso_twitter_via=\"crsyvrs\";var hupso_url_c=\"\";<\/script><script type=\"text\/javascript\" src=\"http:\/\/static.hupso.com\/share\/js\/counters.js\"><\/script><!-- Hupso Share Buttons --><\/div><h2>En este film, Patricio Escobar recorre diversos casos, \u00a0como los de Luciano Arruga, Franco Casco, Daniel Solano y Santiago Maldonado, entre otros.<\/h2>\n<p><img loading=\"lazy\" decoding=\"async\" class=\"size-full wp-image-20454 aligncenter\" src=\"http:\/\/cronicasyversiones.com\/wp-content\/uploads\/2018\/08\/anton.jpg\" alt=\"\" width=\"750\" height=\"455\" srcset=\"http:\/\/cronicasyversiones.com\/wp-content\/uploads\/2018\/08\/anton.jpg 750w, http:\/\/cronicasyversiones.com\/wp-content\/uploads\/2018\/08\/anton-300x182.jpg 300w\" sizes=\"auto, (max-width: 750px) 100vw, 750px\" \/><\/p>\n<p><em><strong>\u201cAnt\u00f3n Pirulero\u201d,<\/strong><\/em> el documental de <strong>Patricio Escobar<\/strong>, hace un recorrido por los mecanismos, los resortes, y el funcionamiento de la <strong>\u201cm\u00e1quina de desaparici\u00f3n forzada en democracia\u201d.<\/strong><\/p>\n<p>Este recorrido es por diversos casos, como los de <strong>Luciano Arruga, Franco Casco, Daniel Solano, Santiago Maldonado, Iv\u00e1n Torres y Andr\u00e9s N\u00fa\u00f1ez,<\/strong> entre otros.<\/p>\n<blockquote><p>\u201cNo es f\u00e1cil desaparecer una persona. El Estado lo hace. Y para que pueda hacerlo es necesario que se ponga en marcha la m\u00e1quina\u201d, dicen desde el documental.<\/p><\/blockquote>\n<p><em><strong>LEA TAMBI\u00c9N:<\/strong> <\/em><\/p>\n<div class=\"video-container\">\n<blockquote class=\"wp-embedded-content\" data-secret=\"7kXOKMi9O5\"><p><a href=\"http:\/\/cronicasyversiones.com\/?p=20363\">\u201cLa educaci\u00f3n del rey\u201d, un film con toques de  western y policial negro<\/a><\/p><\/blockquote>\n<p><iframe loading=\"lazy\" class=\"wp-embedded-content\" sandbox=\"allow-scripts\" security=\"restricted\" style=\"position: absolute; clip: rect(1px, 1px, 1px, 1px);\" title=\"\u00ab\u201cLa educaci\u00f3n del rey\u201d, un film con toques de  western y policial negro\u00bb \u2014    \" src=\"http:\/\/cronicasyversiones.com\/?p=20363&#038;embed=true#?secret=nyFE6R3y3h#?secret=7kXOKMi9O5\" data-secret=\"7kXOKMi9O5\" width=\"600\" height=\"338\" frameborder=\"0\" marginwidth=\"0\" marginheight=\"0\" scrolling=\"no\"><\/iframe><\/div>\n<p>Prestaron su testimonio Paula Litvachky, Directora Justicia y Seguridad del CELS; Mar\u00eda Victoria Pita, Antrop\u00f3loga. UBA\/CONICET; \u00a0Gabriel Gannon, ex defensor oficial de la provincia de Santa Fe; Pedro Morales, ex integrante del Grupo Pro Derechos de los Ni\u00f1os; \u00a0Juli\u00e1n Froidevaux, ex- subsecretario de DD. HH. de Entre R\u00edos; y Sof\u00eda Uranga abogada de la subsecretar\u00eda de DD.HH de Entre R\u00edos.<\/p>\n<p>Tambi\u00e9n aparecen en el documental Isabel Vergara, madre de Mart\u00edn Basualdo; Ver\u00f3nica Heredia, Abogada (Caso Iv\u00e1n Torres y Santiago Maldonado); Guillermo Apanowicz, Fiscal (Caso Franco Casco); Rosal\u00eda S\u00e1nchez, Fiscal (Caso Andr\u00e9s N\u00fa\u00f1ez); Cristian Bonin, P\u00e1rroco de la ciudad de Choele Choel;- Gustavo Banco, Juez (Caso Luciano Arruga); Enrique Jorge Guanziroli, Juez (Caso Ivan Torres); y Marisa Bosco, ex jueza (Caso Daniel Solano).<\/p>\n<p><em><strong>El tr\u00e1iler:<\/strong> <\/em><\/p>\n<p><iframe loading=\"lazy\" src=\"https:\/\/www.youtube.com\/embed\/pvm0YLbPLLk\" width=\"600\" height=\"350\" frameborder=\"0\" allowfullscreen=\"allowfullscreen\"><span style=\"display: inline-block; width: 0px; overflow: hidden; line-height: 0;\" data-mce-type=\"bookmark\" class=\"mce_SELRES_start\">?<\/span><\/iframe><\/p>\n<div style=\"padding-bottom:20px; padding-top:10px;\" class=\"hupso-share-buttons\"><!-- Hupso Share Buttons - https:\/\/www.hupso.com\/share\/ --><a class=\"hupso_counters\" href=\"https:\/\/www.hupso.com\/share\/\"><img decoding=\"async\" src=\"http:\/\/static.hupso.com\/share\/buttons\/lang\/es\/share-small.png\" style=\"border:0px; padding-top:2px; float:left;\" alt=\"Share Button\"\/><\/a><script type=\"text\/javascript\">var hupso_services_c=new Array(\"twitter\",\"facebook_like\",\"google\");var hupso_counters_lang = \"es_LA\";var hupso_image_folder_url = \"\";var hupso_twitter_via=\"crsyvrs\";var hupso_url_c=\"\";<\/script><script type=\"text\/javascript\" src=\"http:\/\/static.hupso.com\/share\/js\/counters.js\"><\/script><!-- Hupso Share Buttons --><\/div> ","protected":false},"excerpt":{"rendered":"<div style=\"padding-bottom:20px; padding-top:10px;\" class=\"hupso-share-buttons\"><!-- Hupso Share Buttons - https:\/\/www.hupso.com\/share\/ --><a class=\"hupso_counters\" href=\"https:\/\/www.hupso.com\/share\/\"><img src=\"http:\/\/static.hupso.com\/share\/buttons\/lang\/es\/share-small.png\" style=\"border:0px; padding-top:2px; float:left;\" alt=\"Share Button\"\/><\/a><script type=\"text\/javascript\">var hupso_services_c=new Array(\"twitter\",\"facebook_like\",\"google\");var hupso_counters_lang = \"es_LA\";var hupso_image_folder_url = \"\";var hupso_twitter_via=\"crsyvrs\";var hupso_url_c=\"\";<\/script><script type=\"text\/javascript\" src=\"http:\/\/static.hupso.com\/share\/js\/counters.js\"><\/script><!-- Hupso Share Buttons --><\/div><p>En este film, Patricio Escobar recorre diversos casos, \u00a0como los de Luciano Arruga, Franco Casco, Daniel Solano y Santiago Maldonado, entre otros. \u201cAnt\u00f3n Pirulero\u201d, el documental de Patricio Escobar, hace un recorrido por los mecanismos, los resortes, y el&#46;&#46;&#46;<\/p>\n<div style=\"padding-bottom:20px; padding-top:10px;\" class=\"hupso-share-buttons\"><!-- Hupso Share Buttons - https:\/\/www.hupso.com\/share\/ --><a class=\"hupso_counters\" href=\"https:\/\/www.hupso.com\/share\/\"><img src=\"http:\/\/static.hupso.com\/share\/buttons\/lang\/es\/share-small.png\" style=\"border:0px; padding-top:2px; float:left;\" alt=\"Share Button\"\/><\/a><script type=\"text\/javascript\">var hupso_services_c=new Array(\"twitter\",\"facebook_like\",\"google\");var hupso_counters_lang = \"es_LA\";var hupso_image_folder_url = \"\";var hupso_twitter_via=\"crsyvrs\";var hupso_url_c=\"\";<\/script><script type=\"text\/javascript\" src=\"http:\/\/static.hupso.com\/share\/js\/counters.js\"><\/script><!-- Hupso Share Buttons --><\/div>","protected":false},"author":5,"featured_media":20454,"comment_status":"open","ping_status":"closed","sticky":false,"template":"","format":"standard","meta":{"footnotes":""},"categories":[4,9],"tags":[944,8952],"class_list":["post-20453","post","type-post","status-publish","format-standard","has-post-thumbnail","hentry","category-cine","category-sociedad","tag-documentales","tag-patricio-escobar"],"_links":{"self":[{"href":"http:\/\/cronicasyversiones.com\/index.php?rest_route=\/wp\/v2\/posts\/20453","targetHints":{"allow":["GET"]}}],"collection":[{"href":"http:\/\/cronicasyversiones.com\/index.php?rest_route=\/wp\/v2\/posts"}],"about":[{"href":"http:\/\/cronicasyversiones.com\/index.php?rest_route=\/wp\/v2\/types\/post"}],"author":[{"embeddable":true,"href":"http:\/\/cronicasyversiones.com\/index.php?rest_route=\/wp\/v2\/users\/5"}],"replies":[{"embeddable":true,"href":"http:\/\/cronicasyversiones.com\/index.php?rest_route=%2Fwp%2Fv2%2Fcomments&post=20453"}],"version-history":[{"count":0,"href":"http:\/\/cronicasyversiones.com\/index.php?rest_route=\/wp\/v2\/posts\/20453\/revisions"}],"wp:featuredmedia":[{"embeddable":true,"href":"http:\/\/cronicasyversiones.com\/index.php?rest_route=\/wp\/v2\/media\/20454"}],"wp:attachment":[{"href":"http:\/\/cronicasyversiones.com\/index.php?rest_route=%2Fwp%2Fv2%2Fmedia&parent=20453"}],"wp:term":[{"taxonomy":"category","embeddable":true,"href":"http:\/\/cronicasyversiones.com\/index.php?rest_route=%2Fwp%2Fv2%2Fcategories&post=20453"},{"taxonomy":"post_tag","embeddable":true,"href":"http:\/\/cronicasyversiones.com\/index.php?rest_route=%2Fwp%2Fv2%2Ftags&post=20453"}],"curies":[{"name":"wp","href":"https:\/\/api.w.org\/{rel}","templated":true}]}}