{"id":20460,"date":"2018-08-30T22:18:35","date_gmt":"2018-08-31T01:18:35","guid":{"rendered":"http:\/\/cronicasyversiones.com\/?p=20460"},"modified":"2018-08-30T22:18:35","modified_gmt":"2018-08-31T01:18:35","slug":"un-film-rescata-la-historia-de-los-hermanos-abalos","status":"publish","type":"post","link":"http:\/\/cronicasyversiones.com\/?p=20460","title":{"rendered":"Un film rescata la historia de los Hermanos \u00c1balos"},"content":{"rendered":"<div style=\"padding-bottom:20px; padding-top:10px;\" class=\"hupso-share-buttons\"><!-- Hupso Share Buttons - https:\/\/www.hupso.com\/share\/ --><a class=\"hupso_counters\" href=\"https:\/\/www.hupso.com\/share\/\"><img decoding=\"async\" src=\"http:\/\/static.hupso.com\/share\/buttons\/lang\/es\/share-small.png\" style=\"border:0px; padding-top:2px; float:left;\" alt=\"Share Button\"\/><\/a><script type=\"text\/javascript\">var hupso_services_c=new Array(\"twitter\",\"facebook_like\",\"google\");var hupso_counters_lang = \"es_LA\";var hupso_image_folder_url = \"\";var hupso_twitter_via=\"crsyvrs\";var hupso_url_c=\"\";<\/script><script type=\"text\/javascript\" src=\"http:\/\/static.hupso.com\/share\/js\/counters.js\"><\/script><!-- Hupso Share Buttons --><\/div><h2>Con direcci\u00f3n de Josefina Zaval\u00eda \u00c1balos y Pablo No\u00e9, el film realiza un viaje sonoro a trav\u00e9s de Vitillo \u00c1balos, el \u00fanico sobreviviente del grupo.<\/h2>\n<p><img loading=\"lazy\" decoding=\"async\" class=\"wp-image-20461 aligncenter\" src=\"http:\/\/cronicasyversiones.com\/wp-content\/uploads\/2018\/08\/vitillo.jpg\" alt=\"\" width=\"779\" height=\"442\" srcset=\"http:\/\/cronicasyversiones.com\/wp-content\/uploads\/2018\/08\/vitillo.jpg 696w, http:\/\/cronicasyversiones.com\/wp-content\/uploads\/2018\/08\/vitillo-300x170.jpg 300w\" sizes=\"auto, (max-width: 779px) 100vw, 779px\" \/><\/p>\n<p><em><strong>\u00ab\u00c1balos. Una historia de cinco hermanos\u00bb<\/strong><\/em> de <strong>Josefina Zaval\u00eda \u00c1balos y Pablo No\u00e9,<\/strong> se proyecta \u00a0en el marco del ciclo <em><strong>\u00abYo nac\u00ed para esto. Historias de pasi\u00f3n entre las letras y el cine\u00bb<\/strong> <\/em>organizado por La Nave de los Sue\u00f1os y la Biblioteca Nacional.<\/p>\n<p>El encuentro ser\u00e1 el martes a las 18,30 en el edificio del <strong>Biblioteca Nacional,<\/strong> ubicado en Ag\u00fcero 2502, con entrada gratuita.<\/p>\n<p>En los a\u00f1os cuarenta, los <strong>Hermanos \u00c1balos<\/strong> se transformaron en uno de los m\u00e1s importantes conjuntos de m\u00fasica folkl\u00f3rica argentina, \u00fanico en su estilo.<\/p>\n<p>El \u00faltimo integrante del conjunto, <strong>Vitillo \u00c1balos,<\/strong> comienza una aventura: rescatar del olvido el repertorio que interpret\u00f3 toda su vida con sus hermanos, ahora ausentes.<\/p>\n<p>Acompa\u00f1ado por Juan, su sobrino nieto, guitarrista de rock, decide emprender un viaje sonoro que los llevar\u00e1 por caminos inimaginados.<\/p>\n<p>La direcci\u00f3n es de <strong>Josefina Zaval\u00eda \u00c1balos y Pablo No\u00e9<\/strong> y la direcci\u00f3n musical es de <strong>Juan Gigena \u00c1balos.<\/strong><\/p>\n<p>Participan en el documental<strong> Vitillo \u00c1balos, Juan Gigena \u00c1balos, Juanjo Dom\u00ednguez, Jaime Torres, Raly Barrionuevo, Luis Mar\u00eda Serra, Andr\u00e9s Ciro Mart\u00ednez, Jimmy Rip, Roger Waters y La Bomba de Tiempo.<\/strong><\/p>\n<p><em><strong>LEA TAMBI\u00c9N:<\/strong> <\/em><\/p>\n<div class=\"video-container\">\n<blockquote class=\"wp-embedded-content\" data-secret=\"DS9EWiDOS0\"><p><a href=\"https:\/\/cronicasyversiones.com\/?p=20443\">Silvia Iriondo presenta \u201cTierra sin mal\u201d, su nuevo disco<\/a><\/p><\/blockquote>\n<p><iframe loading=\"lazy\" class=\"wp-embedded-content\" sandbox=\"allow-scripts\" security=\"restricted\" style=\"position: absolute; clip: rect(1px, 1px, 1px, 1px);\" title=\"\u00abSilvia Iriondo presenta \u201cTierra sin mal\u201d, su nuevo disco\u00bb \u2014    \" src=\"https:\/\/cronicasyversiones.com\/?p=20443&#038;embed=true#?secret=gfkCt9TC6p#?secret=DS9EWiDOS0\" data-secret=\"DS9EWiDOS0\" width=\"600\" height=\"338\" frameborder=\"0\" marginwidth=\"0\" marginheight=\"0\" scrolling=\"no\"><\/iframe><\/div>\n<p><strong>Josefina Zaval\u00eda \u00c1balos<\/strong> estudi\u00f3 Letras en la Universidad de Buenos Aires. Se form\u00f3 de manera autodidacta en la cinematograf\u00eda y adem\u00e1s hizo cursos de gui\u00f3n, direcci\u00f3n y producci\u00f3n en ENERC y realizaci\u00f3n documental en la Universidad de Buenos Aires. Su primer trabajo como directora, productora y guionista fue la serie de televisi\u00f3n de microdocumentales \u201c5 hermanos 1 historia 10 canciones\u201d, \u00a0estrenada en Canal Encuentro.<\/p>\n<p><strong>Pablo No\u00e9<\/strong> es t\u00e9cnico productor en Medios Audiovisuales, graduado en la Universidad Nacional de C\u00f3rdoba. Su tesis fue seleccionada para ser exhibida en el Festival Internacional de Cine de Mar del Plata de 2005. Es editor y colorista. Trabaj\u00f3 en producciones televisivas como \u201cEstocolmo\u201d y \u201cLa due\u00f1a\u201d y en documentales como \u201cSoy Tambor\u201d, \u201cAwka Liwen\u201d y \u201cClaudia\u201d.<\/p>\n<p><em><strong>El tr\u00e1iler: <\/strong><\/em><\/p>\n<p><iframe loading=\"lazy\" src=\"https:\/\/www.youtube.com\/embed\/Zh67Vu6HhQk\" width=\"600\" height=\"350\" frameborder=\"0\" allowfullscreen=\"allowfullscreen\"><span style=\"display: inline-block; width: 0px; overflow: hidden; line-height: 0;\" data-mce-type=\"bookmark\" class=\"mce_SELRES_start\">?<\/span><\/iframe><\/p>\n<p>&nbsp;<\/p>\n<div style=\"padding-bottom:20px; padding-top:10px;\" class=\"hupso-share-buttons\"><!-- Hupso Share Buttons - https:\/\/www.hupso.com\/share\/ --><a class=\"hupso_counters\" href=\"https:\/\/www.hupso.com\/share\/\"><img decoding=\"async\" src=\"http:\/\/static.hupso.com\/share\/buttons\/lang\/es\/share-small.png\" style=\"border:0px; padding-top:2px; float:left;\" alt=\"Share Button\"\/><\/a><script type=\"text\/javascript\">var hupso_services_c=new Array(\"twitter\",\"facebook_like\",\"google\");var hupso_counters_lang = \"es_LA\";var hupso_image_folder_url = \"\";var hupso_twitter_via=\"crsyvrs\";var hupso_url_c=\"\";<\/script><script type=\"text\/javascript\" src=\"http:\/\/static.hupso.com\/share\/js\/counters.js\"><\/script><!-- Hupso Share Buttons --><\/div> ","protected":false},"excerpt":{"rendered":"<div style=\"padding-bottom:20px; padding-top:10px;\" class=\"hupso-share-buttons\"><!-- Hupso Share Buttons - https:\/\/www.hupso.com\/share\/ --><a class=\"hupso_counters\" href=\"https:\/\/www.hupso.com\/share\/\"><img src=\"http:\/\/static.hupso.com\/share\/buttons\/lang\/es\/share-small.png\" style=\"border:0px; padding-top:2px; float:left;\" alt=\"Share Button\"\/><\/a><script type=\"text\/javascript\">var hupso_services_c=new Array(\"twitter\",\"facebook_like\",\"google\");var hupso_counters_lang = \"es_LA\";var hupso_image_folder_url = \"\";var hupso_twitter_via=\"crsyvrs\";var hupso_url_c=\"\";<\/script><script type=\"text\/javascript\" src=\"http:\/\/static.hupso.com\/share\/js\/counters.js\"><\/script><!-- Hupso Share Buttons --><\/div><p>Con direcci\u00f3n de Josefina Zaval\u00eda \u00c1balos y Pablo No\u00e9, el film realiza un viaje sonoro a trav\u00e9s de Vitillo \u00c1balos, el \u00fanico sobreviviente del grupo. \u00ab\u00c1balos. Una historia de cinco hermanos\u00bb de Josefina Zaval\u00eda \u00c1balos y Pablo No\u00e9, se&#46;&#46;&#46;<\/p>\n<div style=\"padding-bottom:20px; padding-top:10px;\" class=\"hupso-share-buttons\"><!-- Hupso Share Buttons - https:\/\/www.hupso.com\/share\/ --><a class=\"hupso_counters\" href=\"https:\/\/www.hupso.com\/share\/\"><img src=\"http:\/\/static.hupso.com\/share\/buttons\/lang\/es\/share-small.png\" style=\"border:0px; padding-top:2px; float:left;\" alt=\"Share Button\"\/><\/a><script type=\"text\/javascript\">var hupso_services_c=new Array(\"twitter\",\"facebook_like\",\"google\");var hupso_counters_lang = \"es_LA\";var hupso_image_folder_url = \"\";var hupso_twitter_via=\"crsyvrs\";var hupso_url_c=\"\";<\/script><script type=\"text\/javascript\" src=\"http:\/\/static.hupso.com\/share\/js\/counters.js\"><\/script><!-- Hupso Share Buttons --><\/div>","protected":false},"author":5,"featured_media":20461,"comment_status":"open","ping_status":"closed","sticky":false,"template":"","format":"standard","meta":{"footnotes":""},"categories":[4,3],"tags":[1136,7120,7121],"class_list":["post-20460","post","type-post","status-publish","format-standard","has-post-thumbnail","hentry","category-cine","category-musica","tag-folklore","tag-los-hermanos-abalos","tag-vitillo-abalos"],"_links":{"self":[{"href":"http:\/\/cronicasyversiones.com\/index.php?rest_route=\/wp\/v2\/posts\/20460","targetHints":{"allow":["GET"]}}],"collection":[{"href":"http:\/\/cronicasyversiones.com\/index.php?rest_route=\/wp\/v2\/posts"}],"about":[{"href":"http:\/\/cronicasyversiones.com\/index.php?rest_route=\/wp\/v2\/types\/post"}],"author":[{"embeddable":true,"href":"http:\/\/cronicasyversiones.com\/index.php?rest_route=\/wp\/v2\/users\/5"}],"replies":[{"embeddable":true,"href":"http:\/\/cronicasyversiones.com\/index.php?rest_route=%2Fwp%2Fv2%2Fcomments&post=20460"}],"version-history":[{"count":0,"href":"http:\/\/cronicasyversiones.com\/index.php?rest_route=\/wp\/v2\/posts\/20460\/revisions"}],"wp:featuredmedia":[{"embeddable":true,"href":"http:\/\/cronicasyversiones.com\/index.php?rest_route=\/wp\/v2\/media\/20461"}],"wp:attachment":[{"href":"http:\/\/cronicasyversiones.com\/index.php?rest_route=%2Fwp%2Fv2%2Fmedia&parent=20460"}],"wp:term":[{"taxonomy":"category","embeddable":true,"href":"http:\/\/cronicasyversiones.com\/index.php?rest_route=%2Fwp%2Fv2%2Fcategories&post=20460"},{"taxonomy":"post_tag","embeddable":true,"href":"http:\/\/cronicasyversiones.com\/index.php?rest_route=%2Fwp%2Fv2%2Ftags&post=20460"}],"curies":[{"name":"wp","href":"https:\/\/api.w.org\/{rel}","templated":true}]}}