{"id":20504,"date":"2018-09-08T10:10:28","date_gmt":"2018-09-08T13:10:28","guid":{"rendered":"http:\/\/cronicasyversiones.com\/?p=20504"},"modified":"2018-09-22T10:45:54","modified_gmt":"2018-09-22T13:45:54","slug":"valle-de-munecas-presenta-su-pelicula-y-celebra-sus-15-anos","status":"publish","type":"post","link":"http:\/\/cronicasyversiones.com\/?p=20504","title":{"rendered":"Valle de Mu\u00f1ecas presenta su pel\u00edcula y celebra sus 15 a\u00f1os"},"content":{"rendered":"<div style=\"padding-bottom:20px; padding-top:10px;\" class=\"hupso-share-buttons\"><!-- Hupso Share Buttons - https:\/\/www.hupso.com\/share\/ --><a class=\"hupso_counters\" href=\"https:\/\/www.hupso.com\/share\/\"><img decoding=\"async\" src=\"http:\/\/static.hupso.com\/share\/buttons\/lang\/es\/share-small.png\" style=\"border:0px; padding-top:2px; float:left;\" alt=\"Share Button\"\/><\/a><script type=\"text\/javascript\">var hupso_services_c=new Array(\"twitter\",\"facebook_like\",\"google\");var hupso_counters_lang = \"es_LA\";var hupso_image_folder_url = \"\";var hupso_twitter_via=\"crsyvrs\";var hupso_url_c=\"\";<\/script><script type=\"text\/javascript\" src=\"http:\/\/static.hupso.com\/share\/js\/counters.js\"><\/script><!-- Hupso Share Buttons --><\/div><h2>El concert film sobre la banda fue dirigido por Emiliano Cativa y producido por Federico P\u00e9rez Losada. Se podr\u00e1 ver en la Bibioteca Nacional.<\/h2>\n<p><img loading=\"lazy\" decoding=\"async\" class=\"size-full wp-image-20505 aligncenter\" src=\"http:\/\/cronicasyversiones.com\/wp-content\/uploads\/2018\/09\/valle.jpg\" alt=\"\" width=\"750\" height=\"469\" srcset=\"http:\/\/cronicasyversiones.com\/wp-content\/uploads\/2018\/09\/valle.jpg 750w, http:\/\/cronicasyversiones.com\/wp-content\/uploads\/2018\/09\/valle-300x188.jpg 300w\" sizes=\"auto, (max-width: 750px) 100vw, 750px\" \/><\/p>\n<p><strong>\u00a0Valle de Mu\u00f1ecas<\/strong> invita a la proyecci\u00f3n de<em><strong> \u00abM\u00e1s all\u00e1 de Valle de Mu\u00f1ecas\u00bb<\/strong><\/em>, el concert film dirigido por Emiliano Cativa y producido por Federico P\u00e9rez Losada que fue estrenado en 2017 durante el Bafici.<\/p>\n<p>En la pel\u00edcula se ve a la banda llevar adelante la composici\u00f3n y la grabaci\u00f3n del <em><strong>\u201cEl final de las primaveras\u201d,<\/strong><\/em> y el concierto de presentaci\u00f3n se transforma en el punto de partida para retratar el mundo en el que se desarrollan las canciones y para adentrarnos en el universo de Valle de Mu\u00f1ecas.<\/p>\n<p>Con una est\u00e9tica que incluye el f\u00edlmico en super 8 y 35 mm, el digital y el video. Coincidiendo con la proyecci\u00f3n de la pel\u00edcula, la banda publicar\u00e1 un \u00e1lbum en vivo del show retratado en la pel\u00edcula (que tambi\u00e9n podr\u00e1 verse antes de fin de a\u00f1o otras ciudades del pa\u00eds), y habr\u00e1 videos de algunas canciones incluidas.<\/p>\n<p>La cita es el jueves 27 septiembre a las 18:30 en la <strong>Biblioteca Nacional<\/strong> y formar\u00e1 parte de la agenda de actividades que celebran los 15 a\u00f1os de la banda integrada por Mariano \u201cManza\u201d Esain (voz y guitarra), Luciano Esain (bater\u00eda y coros), Fernando Blanco (guitarra) y Mariano L\u00f3pez Gringauz (bajo).<\/p>\n<div style=\"padding-bottom:20px; padding-top:10px;\" class=\"hupso-share-buttons\"><!-- Hupso Share Buttons - https:\/\/www.hupso.com\/share\/ --><a class=\"hupso_counters\" href=\"https:\/\/www.hupso.com\/share\/\"><img decoding=\"async\" src=\"http:\/\/static.hupso.com\/share\/buttons\/lang\/es\/share-small.png\" style=\"border:0px; padding-top:2px; float:left;\" alt=\"Share Button\"\/><\/a><script type=\"text\/javascript\">var hupso_services_c=new Array(\"twitter\",\"facebook_like\",\"google\");var hupso_counters_lang = \"es_LA\";var hupso_image_folder_url = \"\";var hupso_twitter_via=\"crsyvrs\";var hupso_url_c=\"\";<\/script><script type=\"text\/javascript\" src=\"http:\/\/static.hupso.com\/share\/js\/counters.js\"><\/script><!-- Hupso Share Buttons --><\/div> ","protected":false},"excerpt":{"rendered":"<div style=\"padding-bottom:20px; padding-top:10px;\" class=\"hupso-share-buttons\"><!-- Hupso Share Buttons - https:\/\/www.hupso.com\/share\/ --><a class=\"hupso_counters\" href=\"https:\/\/www.hupso.com\/share\/\"><img src=\"http:\/\/static.hupso.com\/share\/buttons\/lang\/es\/share-small.png\" style=\"border:0px; padding-top:2px; float:left;\" alt=\"Share Button\"\/><\/a><script type=\"text\/javascript\">var hupso_services_c=new Array(\"twitter\",\"facebook_like\",\"google\");var hupso_counters_lang = \"es_LA\";var hupso_image_folder_url = \"\";var hupso_twitter_via=\"crsyvrs\";var hupso_url_c=\"\";<\/script><script type=\"text\/javascript\" src=\"http:\/\/static.hupso.com\/share\/js\/counters.js\"><\/script><!-- Hupso Share Buttons --><\/div><p>El concert film sobre la banda fue dirigido por Emiliano Cativa y producido por Federico P\u00e9rez Losada. Se podr\u00e1 ver en la Bibioteca Nacional. \u00a0Valle de Mu\u00f1ecas invita a la proyecci\u00f3n de \u00abM\u00e1s all\u00e1 de Valle de Mu\u00f1ecas\u00bb, el&#46;&#46;&#46;<\/p>\n<div style=\"padding-bottom:20px; padding-top:10px;\" class=\"hupso-share-buttons\"><!-- Hupso Share Buttons - https:\/\/www.hupso.com\/share\/ --><a class=\"hupso_counters\" href=\"https:\/\/www.hupso.com\/share\/\"><img src=\"http:\/\/static.hupso.com\/share\/buttons\/lang\/es\/share-small.png\" style=\"border:0px; padding-top:2px; float:left;\" alt=\"Share Button\"\/><\/a><script type=\"text\/javascript\">var hupso_services_c=new Array(\"twitter\",\"facebook_like\",\"google\");var hupso_counters_lang = \"es_LA\";var hupso_image_folder_url = \"\";var hupso_twitter_via=\"crsyvrs\";var hupso_url_c=\"\";<\/script><script type=\"text\/javascript\" src=\"http:\/\/static.hupso.com\/share\/js\/counters.js\"><\/script><!-- Hupso Share Buttons --><\/div>","protected":false},"author":5,"featured_media":20505,"comment_status":"open","ping_status":"closed","sticky":false,"template":"","format":"standard","meta":{"footnotes":""},"categories":[4,3],"tags":[2046,8961],"class_list":["post-20504","post","type-post","status-publish","format-standard","has-post-thumbnail","hentry","category-cine","category-musica","tag-biblioteca-nacional","tag-valle-de-munecas"],"_links":{"self":[{"href":"http:\/\/cronicasyversiones.com\/index.php?rest_route=\/wp\/v2\/posts\/20504","targetHints":{"allow":["GET"]}}],"collection":[{"href":"http:\/\/cronicasyversiones.com\/index.php?rest_route=\/wp\/v2\/posts"}],"about":[{"href":"http:\/\/cronicasyversiones.com\/index.php?rest_route=\/wp\/v2\/types\/post"}],"author":[{"embeddable":true,"href":"http:\/\/cronicasyversiones.com\/index.php?rest_route=\/wp\/v2\/users\/5"}],"replies":[{"embeddable":true,"href":"http:\/\/cronicasyversiones.com\/index.php?rest_route=%2Fwp%2Fv2%2Fcomments&post=20504"}],"version-history":[{"count":0,"href":"http:\/\/cronicasyversiones.com\/index.php?rest_route=\/wp\/v2\/posts\/20504\/revisions"}],"wp:featuredmedia":[{"embeddable":true,"href":"http:\/\/cronicasyversiones.com\/index.php?rest_route=\/wp\/v2\/media\/20505"}],"wp:attachment":[{"href":"http:\/\/cronicasyversiones.com\/index.php?rest_route=%2Fwp%2Fv2%2Fmedia&parent=20504"}],"wp:term":[{"taxonomy":"category","embeddable":true,"href":"http:\/\/cronicasyversiones.com\/index.php?rest_route=%2Fwp%2Fv2%2Fcategories&post=20504"},{"taxonomy":"post_tag","embeddable":true,"href":"http:\/\/cronicasyversiones.com\/index.php?rest_route=%2Fwp%2Fv2%2Ftags&post=20504"}],"curies":[{"name":"wp","href":"https:\/\/api.w.org\/{rel}","templated":true}]}}