{"id":20532,"date":"2018-09-12T00:26:24","date_gmt":"2018-09-12T03:26:24","guid":{"rendered":"http:\/\/cronicasyversiones.com\/?p=20532"},"modified":"2018-09-11T20:26:35","modified_gmt":"2018-09-11T23:26:35","slug":"se-viene-la-novena-edicion-del-festival-cine-migrante","status":"publish","type":"post","link":"http:\/\/cronicasyversiones.com\/?p=20532","title":{"rendered":"Se viene la novena edici\u00f3n del Festival Cine Migrante"},"content":{"rendered":"<div style=\"padding-bottom:20px; padding-top:10px;\" class=\"hupso-share-buttons\"><!-- Hupso Share Buttons - https:\/\/www.hupso.com\/share\/ --><a class=\"hupso_counters\" href=\"https:\/\/www.hupso.com\/share\/\"><img decoding=\"async\" src=\"http:\/\/static.hupso.com\/share\/buttons\/lang\/es\/share-small.png\" style=\"border:0px; padding-top:2px; float:left;\" alt=\"Share Button\"\/><\/a><script type=\"text\/javascript\">var hupso_services_c=new Array(\"twitter\",\"facebook_like\",\"google\");var hupso_counters_lang = \"es_LA\";var hupso_image_folder_url = \"\";var hupso_twitter_via=\"crsyvrs\";var hupso_url_c=\"\";<\/script><script type=\"text\/javascript\" src=\"http:\/\/static.hupso.com\/share\/js\/counters.js\"><\/script><!-- Hupso Share Buttons --><\/div><h2>El encuentro contar\u00e1 con films de 35 pa\u00edses, sets musicales, presentaciones de libros y la presentaci\u00f3n de directores de distintas partes del mundo.<\/h2>\n<p><img loading=\"lazy\" decoding=\"async\" class=\"size-full wp-image-20533 aligncenter\" src=\"http:\/\/cronicasyversiones.com\/wp-content\/uploads\/2018\/09\/migrante.jpg\" alt=\"\" width=\"750\" height=\"520\" srcset=\"http:\/\/cronicasyversiones.com\/wp-content\/uploads\/2018\/09\/migrante.jpg 750w, http:\/\/cronicasyversiones.com\/wp-content\/uploads\/2018\/09\/migrante-300x208.jpg 300w\" sizes=\"auto, (max-width: 750px) 100vw, 750px\" \/><\/p>\n<p>Desde el 18 y hasta el 26 de septiembre tendr\u00e1 lugar en Buenos Aires la novena edici\u00f3n del <strong>Festival Internacional de Cine y Formaci\u00f3n en Derechos Humanos Cine Migrante<\/strong>, con una programaci\u00f3n de m\u00e1s de 72 pel\u00edculas de m\u00e1s de 35 pa\u00edses.<\/p>\n<p>La programaci\u00f3n tendr\u00e1 una secci\u00f3n especial de cruce cinematogr\u00e1fico-performativo, presentaciones de realidad inmersiva, sets musicales, presentaciones de libros y mesas entre directores de todo el mundo.<\/p>\n<p><em><strong>\u201cFuturidades n\u00f3madas: temporalidades cinematogr\u00e1ficas desde Am\u00e9rica, \u00c1frica y el mundo \u00e1rabe\u201d<\/strong> <\/em>ser\u00e1 la secci\u00f3n central que funcionar\u00e1 como como eje tem\u00e1tico que atravesar\u00e1 toda la edici\u00f3n del Festival Internacional de Cine y Formaci\u00f3n en Derechos Humanos CineMigrante.<\/p>\n<p>La secci\u00f3n se desarrollar\u00e1 a trav\u00e9s de un di\u00e1logo entre tecnolog\u00eda, cine, literatura, realidad virtual, m\u00fasica y performatividad, con el objetivo de \u201crecuperar las visiones del futuro desde los m\u00e1rgenes de Occidente\u201d, curada por el director <em><strong>Jean-Pierre Bekolo<\/strong> <\/em>(Camer\u00fan) exponente del cine decolonial africano y pionero en la producci\u00f3n de ciencia ficci\u00f3n del continente.<\/p>\n<p>La secci\u00f3n realizar\u00e1 un recorrido por las construcciones del futuro desde las cinematograf\u00edas no occidentales partiendo desde el hito fundacional de los movimientos futuristas negros como lo fue el afrofuturismo proyectando la emblem\u00e1tica pel\u00edcula <em><strong>\u201cSun Ra: Space is the place\u201d<\/strong> <\/em>(1974, John Coney); uno de los primeros documentales feministas afrofuturistas como <strong>\u201cBorn in Flames\u201d<\/strong> (1983, Lizzie Borden); y uno de los films m\u00e1s relevantes de la cinematograf\u00eda inglesa negra como<em><strong> \u00abThe Last Angel of History\u00bb<\/strong> <\/em>(1996) del aclamado director John Akomfrah.<\/p>\n<p><img loading=\"lazy\" decoding=\"async\" class=\"alignleft wp-image-20534\" src=\"http:\/\/cronicasyversiones.com\/wp-content\/uploads\/2018\/09\/4199613_300x300.jpg\" alt=\"\" width=\"406\" height=\"406\" \/>Desde all\u00ed se recorrer\u00e1 la cinematograf\u00eda latinoamericana contempor\u00e1nea expuesta por la reciente pel\u00edcula boliviana <em><strong>\u201cAverno\u201d<\/strong> <\/em>(2018, Marcos Loayza) ganadora de la Competencia Latinoamericana del BAFICI; la opera prima del joven director peruano Oscar Catacora \u201cWi\u00f1aypacha\u201d y la premier Argentina de <em><strong>\u201cEra uma vez Bras\u00edlia\u201d<\/strong><\/em>, de Adirley Queiros.<\/p>\n<p>Se destaca asimismo, la premier latinoamericana de la censurada pel\u00edcula <em><strong>\u00abPanoptic\u00bb<\/strong><\/em>, de la directora libanesa Rana Eid y la exhibici\u00f3n de las obras de la joven directora palestina Larissa Sansour.<\/p>\n<p>Como todos los a\u00f1os, a sus secciones competitivas, esta edici\u00f3n del festival contar\u00e1 con secciones especiales. Desde su ya consagrada secci\u00f3n de medianoche llamada <em><strong>\u00abNoches extra\u00f1as\u00bb<\/strong><\/em> se abordar\u00e1 la relaci\u00f3n entre \u00abCuerpo, Futuro, Tecnolog\u00eda y disidencia sexual\u00bb.<\/p>\n<p>La secci\u00f3n especial <em><strong>\u00abTerritorios en disputa\u00bb<\/strong><\/em>, realizada junto al Ministerio P\u00fablico de la Defensa de la Ciudad de Buenos Aires aborda de manera transversal los conflictos y disputas que se dan en los espacios p\u00fablicos y la generaci\u00f3n de pol\u00edticas de h\u00e1bitat en grandes las ciudades.<\/p>\n<p>Acompa\u00f1ando la secci\u00f3n central del Festival, se realizar\u00e1n tres retrospectivas a quienes son exponentes del de una cinematograf\u00eda pionera en reflejar el futuro: Adirley Queir\u00f3s como exponente de la cinematograf\u00eda di\u00e1sporica latinoamericana, Jean Pierre Bekolo, cineasta decolonial africano y el Black Audio Film Collective, colectivo di\u00e1sporico ingl\u00e9s.<\/p>\n<p><em><strong>LEA TAMBI\u00c9N:\u00a0<\/strong><\/em><\/p>\n<div class=\"video-container\">\n<blockquote class=\"wp-embedded-content\" data-secret=\"HbMyWwKEXV\"><p><a href=\"http:\/\/cronicasyversiones.com\/?p=20453\">\u201cAnt\u00f3n Pirulero\u201d, un documental sobre la desaparici\u00f3n forzada en Democracia<\/a><\/p><\/blockquote>\n<p><iframe loading=\"lazy\" class=\"wp-embedded-content\" sandbox=\"allow-scripts\" security=\"restricted\" style=\"position: absolute; clip: rect(1px, 1px, 1px, 1px);\" title=\"\u00ab\u201cAnt\u00f3n Pirulero\u201d, un documental sobre la desaparici\u00f3n forzada en Democracia\u00bb \u2014    \" src=\"http:\/\/cronicasyversiones.com\/?p=20453&#038;embed=true#?secret=5H4bNHLm9x#?secret=HbMyWwKEXV\" data-secret=\"HbMyWwKEXV\" width=\"600\" height=\"338\" frameborder=\"0\" marginwidth=\"0\" marginheight=\"0\" scrolling=\"no\"><\/iframe><\/div>\n<h2>Las sedes<\/h2>\n<p>Las sedes de esta edici\u00f3n ser\u00e1n: Centro Cultural General San Mart\u00edn, Pir\u00e1mide de vidrio, Sarmiento y Paran\u00e1; Espacio INCAA Cine Gaumont, Av. Rivadavia 1635; Alianza Francesa, Av. C\u00f3rdoba 946; Auditorio Leonardo Favio de la Biblioteca del Congreso, Alsina 1835; Centro Cultural de la Memoria \u2018Haroldo Conti\u2019, Av. Del Libertador 8152; Casa Brandon, Luis Mar\u00eda Drago 236; Centro Municipal de Arte de Avellaneda, San Mart\u00edn 797 (Avellaneda); Multipespacio Cultural, San Mart\u00edn 825 (Avellaneda); Edificio Municipal Leonardo Favio, 12 de Octubre 463 (Avellaneda); Lumiton, Usina Audiovisual, Sargento Cabral 2354, Munro, Vicente L\u00f3pez; Cine York, J. B. Alberdi 895, Olivos, Vicente L\u00f3pez.<\/p>\n<p>Al igual que en las ediciones anteriores, el festival est\u00e1 co-organizado junto al INCAA (Instituto Nacional de Cine y Artes Audiovisuales) y el Centro de Altos Estudios Sociales de la Universidad de San Mart\u00edn (IDAES\/UNSaM) con el apoyo del Municipio de Avellaneda, Ministerio P\u00fablico de la Defensa de la Ciudad de Buenos Aires, el Instituto Nacional contra la Discriminaci\u00f3n, la Xenofobia y el Racismo (INADI), la Defensor\u00eda del Pueblo de la Ciudad de Buenos Aires, la Organizaci\u00f3n Internacional para las Migraciones (OIM), la Agencia de las Naciones Unidas para los Refugiados (ACNUR), el British Council, el Instituto Franc\u00e9s, la Embajada de Francia en Argentina, la Embajada de Canad\u00e1 en Argentina, la Embajada de B\u00e9lgica en Argentina, la Embajada de Bolivia en Argentina, la Embajada de Austria en Argentina, el Goethe Institut y el Centro Cultural de Espa\u00f1a en Buenos Aires.<\/p>\n<p>&nbsp;<\/p>\n<p>&nbsp;<\/p>\n<p>&nbsp;<\/p>\n<p>Todas las proyecciones que forman parte de la programaci\u00f3n, las conferencias, mesas debates y encuentros tendr\u00e1n entrada libre y gratuita.<\/p>\n<div style=\"padding-bottom:20px; padding-top:10px;\" class=\"hupso-share-buttons\"><!-- Hupso Share Buttons - https:\/\/www.hupso.com\/share\/ --><a class=\"hupso_counters\" href=\"https:\/\/www.hupso.com\/share\/\"><img decoding=\"async\" src=\"http:\/\/static.hupso.com\/share\/buttons\/lang\/es\/share-small.png\" style=\"border:0px; padding-top:2px; float:left;\" alt=\"Share Button\"\/><\/a><script type=\"text\/javascript\">var hupso_services_c=new Array(\"twitter\",\"facebook_like\",\"google\");var hupso_counters_lang = \"es_LA\";var hupso_image_folder_url = \"\";var hupso_twitter_via=\"crsyvrs\";var hupso_url_c=\"\";<\/script><script type=\"text\/javascript\" src=\"http:\/\/static.hupso.com\/share\/js\/counters.js\"><\/script><!-- Hupso Share Buttons --><\/div> ","protected":false},"excerpt":{"rendered":"<div style=\"padding-bottom:20px; padding-top:10px;\" class=\"hupso-share-buttons\"><!-- Hupso Share Buttons - https:\/\/www.hupso.com\/share\/ --><a class=\"hupso_counters\" href=\"https:\/\/www.hupso.com\/share\/\"><img src=\"http:\/\/static.hupso.com\/share\/buttons\/lang\/es\/share-small.png\" style=\"border:0px; padding-top:2px; float:left;\" alt=\"Share Button\"\/><\/a><script type=\"text\/javascript\">var hupso_services_c=new Array(\"twitter\",\"facebook_like\",\"google\");var hupso_counters_lang = \"es_LA\";var hupso_image_folder_url = \"\";var hupso_twitter_via=\"crsyvrs\";var hupso_url_c=\"\";<\/script><script type=\"text\/javascript\" src=\"http:\/\/static.hupso.com\/share\/js\/counters.js\"><\/script><!-- Hupso Share Buttons --><\/div><p>El encuentro contar\u00e1 con films de 35 pa\u00edses, sets musicales, presentaciones de libros y la presentaci\u00f3n de directores de distintas partes del mundo. Desde el 18 y hasta el 26 de septiembre tendr\u00e1 lugar en Buenos Aires la novena&#46;&#46;&#46;<\/p>\n<div style=\"padding-bottom:20px; padding-top:10px;\" class=\"hupso-share-buttons\"><!-- Hupso Share Buttons - https:\/\/www.hupso.com\/share\/ --><a class=\"hupso_counters\" href=\"https:\/\/www.hupso.com\/share\/\"><img src=\"http:\/\/static.hupso.com\/share\/buttons\/lang\/es\/share-small.png\" style=\"border:0px; padding-top:2px; float:left;\" alt=\"Share Button\"\/><\/a><script type=\"text\/javascript\">var hupso_services_c=new Array(\"twitter\",\"facebook_like\",\"google\");var hupso_counters_lang = \"es_LA\";var hupso_image_folder_url = \"\";var hupso_twitter_via=\"crsyvrs\";var hupso_url_c=\"\";<\/script><script type=\"text\/javascript\" src=\"http:\/\/static.hupso.com\/share\/js\/counters.js\"><\/script><!-- Hupso Share Buttons --><\/div>","protected":false},"author":5,"featured_media":20533,"comment_status":"open","ping_status":"closed","sticky":false,"template":"","format":"standard","meta":{"footnotes":""},"categories":[4],"tags":[7320],"class_list":["post-20532","post","type-post","status-publish","format-standard","has-post-thumbnail","hentry","category-cine","tag-cine-migrante"],"_links":{"self":[{"href":"http:\/\/cronicasyversiones.com\/index.php?rest_route=\/wp\/v2\/posts\/20532","targetHints":{"allow":["GET"]}}],"collection":[{"href":"http:\/\/cronicasyversiones.com\/index.php?rest_route=\/wp\/v2\/posts"}],"about":[{"href":"http:\/\/cronicasyversiones.com\/index.php?rest_route=\/wp\/v2\/types\/post"}],"author":[{"embeddable":true,"href":"http:\/\/cronicasyversiones.com\/index.php?rest_route=\/wp\/v2\/users\/5"}],"replies":[{"embeddable":true,"href":"http:\/\/cronicasyversiones.com\/index.php?rest_route=%2Fwp%2Fv2%2Fcomments&post=20532"}],"version-history":[{"count":0,"href":"http:\/\/cronicasyversiones.com\/index.php?rest_route=\/wp\/v2\/posts\/20532\/revisions"}],"wp:featuredmedia":[{"embeddable":true,"href":"http:\/\/cronicasyversiones.com\/index.php?rest_route=\/wp\/v2\/media\/20533"}],"wp:attachment":[{"href":"http:\/\/cronicasyversiones.com\/index.php?rest_route=%2Fwp%2Fv2%2Fmedia&parent=20532"}],"wp:term":[{"taxonomy":"category","embeddable":true,"href":"http:\/\/cronicasyversiones.com\/index.php?rest_route=%2Fwp%2Fv2%2Fcategories&post=20532"},{"taxonomy":"post_tag","embeddable":true,"href":"http:\/\/cronicasyversiones.com\/index.php?rest_route=%2Fwp%2Fv2%2Ftags&post=20532"}],"curies":[{"name":"wp","href":"https:\/\/api.w.org\/{rel}","templated":true}]}}