{"id":20558,"date":"2018-09-13T08:05:32","date_gmt":"2018-09-13T11:05:32","guid":{"rendered":"http:\/\/cronicasyversiones.com\/?p=20558"},"modified":"2018-09-13T08:05:32","modified_gmt":"2018-09-13T11:05:32","slug":"el-tema-de-pototo-la-primera-cancion-de-almendra-cumple-50-anos","status":"publish","type":"post","link":"http:\/\/cronicasyversiones.com\/?p=20558","title":{"rendered":"El \u201cTema de Pototo\u201d, la primera canci\u00f3n de Almendra, cumple 50 a\u00f1os"},"content":{"rendered":"<div style=\"padding-bottom:20px; padding-top:10px;\" class=\"hupso-share-buttons\"><!-- Hupso Share Buttons - https:\/\/www.hupso.com\/share\/ --><a class=\"hupso_counters\" href=\"https:\/\/www.hupso.com\/share\/\"><img decoding=\"async\" src=\"http:\/\/static.hupso.com\/share\/buttons\/lang\/es\/share-small.png\" style=\"border:0px; padding-top:2px; float:left;\" alt=\"Share Button\"\/><\/a><script type=\"text\/javascript\">var hupso_services_c=new Array(\"twitter\",\"facebook_like\",\"google\");var hupso_counters_lang = \"es_LA\";var hupso_image_folder_url = \"\";var hupso_twitter_via=\"crsyvrs\";var hupso_url_c=\"\";<\/script><script type=\"text\/javascript\" src=\"http:\/\/static.hupso.com\/share\/js\/counters.js\"><\/script><!-- Hupso Share Buttons --><\/div><h4>Por Edgardo Solano<\/h4>\n<h2>Esta composici\u00f3n, editada en un simple en noviembre de 1968, marc\u00f3 el inicio profesional de Almendra y de Luis Alberto Spinetta.<\/h2>\n<p><img loading=\"lazy\" decoding=\"async\" class=\"wp-image-20559 aligncenter\" src=\"http:\/\/cronicasyversiones.com\/wp-content\/uploads\/2018\/09\/Almendra-foto-color-1024x723.jpg\" alt=\"\" width=\"751\" height=\"530\" srcset=\"http:\/\/cronicasyversiones.com\/wp-content\/uploads\/2018\/09\/Almendra-foto-color-1024x723.jpg 1024w, http:\/\/cronicasyversiones.com\/wp-content\/uploads\/2018\/09\/Almendra-foto-color-300x212.jpg 300w, http:\/\/cronicasyversiones.com\/wp-content\/uploads\/2018\/09\/Almendra-foto-color-768x542.jpg 768w, http:\/\/cronicasyversiones.com\/wp-content\/uploads\/2018\/09\/Almendra-foto-color.jpg 1600w\" sizes=\"auto, (max-width: 751px) 100vw, 751px\" \/><\/p>\n<p>Hace exactamente medio siglo, <strong>Almendra<\/strong> editaba \u00a0el<em><strong> \u201cTema de Pototo (Para saber c\u00f3mo es la soledad)\u201d,<\/strong><\/em> su primer single, que signific\u00f3 el comienzo profesional del grupo, que se convertir\u00eda en uno de pilares fundaciones del rock argentino, y tambi\u00e9n en el arranque de la prol\u00edfica carrera de <strong>Luis Alberto Spinetta.<\/strong><\/p>\n<p>Almendra se form\u00f3 en 1967 con integrantes que ven\u00edan de los Mods y de Los Sbirros, quedando la formaci\u00f3n definitiva compuesta por <strong>Rodolfo Garc\u00eda<\/strong> en bater\u00eda, <strong>Emilio del Guercio<\/strong> en bajo, <strong>Edelmiro Morinari<\/strong> en primera guitarra y el Flaco en guitarra y voz principal.<\/p>\n<p>El cuarteto ensayaba a diario en la casa de la familia Spinetta, en<strong> Arribe\u00f1os entre Congreso y Quesada<\/strong>, en el l\u00edmite de los barrios de Belgrano y N\u00fa\u00f1ez. La improvisada sala de ensayo era una habitaci\u00f3n que daba a la calle, asignada hasta entonces para el acopio de productos de limpieza y art\u00edculos en desuso.<\/p>\n<p>Ya con Rodolfo Garc\u00eda de regreso, luego de cumplir el Servicio Militar en R\u00edo Gallegos, Almendra recibi\u00f3 en a mediados del convulsionado 1968 la visita de<strong> Ricardo Kleiman<\/strong>, productor musical y conductor del ciclo radial <em><strong>\u201cModart en la Noche\u201d.<\/strong><\/em><\/p>\n<p><img loading=\"lazy\" decoding=\"async\" class=\"alignleft wp-image-20560\" src=\"http:\/\/cronicasyversiones.com\/wp-content\/uploads\/2018\/09\/pototo.jpg\" alt=\"\" width=\"251\" height=\"251\" \/>El cuarteto le mostr\u00f3 al productor <em><strong>\u201cWhere you are going Mary Su?\u201d,<\/strong><\/em> un tema en ingl\u00e9s que fue grabado por Los In, el grupo liderado por Amadeo \u00c1lvarez, que acompa\u00f1\u00f3 ese d\u00eda a Kleiman.<\/p>\n<p>El productor fue tajante y le inst\u00f3 a que decidan a cantar en ingl\u00e9s o en castellano, el d\u00fao se decidi\u00f3 acertadamente por esta \u00faltima opci\u00f3n. Al t\u00e9rmino del ensayo, Kleiman les inform\u00f3 que iban a grabar para la prestigiosa<strong> RCA<\/strong>, el sello del perrito.<\/p>\n<p>La decisi\u00f3n de los grupos emergentes de los fines de los \u201960 de componer sus propias canciones y de hacerlos en castellano se debe en buena medida al furor de <a href=\"http:\/\/cronicasyversiones.com\/?p=15859\">\u201cLa Balsa\u201d, el primer simple de Los Gatos.<\/a><\/p>\n<p>La canci\u00f3n elegida para el debut discogr\u00e1fico fue el <em><strong>\u201cTema de Pototo (Para saber c\u00f3mo es la soledad)\u201d<\/strong><\/em>, que ser\u00eda la cara A del simple.<\/p>\n<p>Firmada por Spinetta y Molinari, la canci\u00f3n fue dedicada para un compa\u00f1ero de colegio, Mario D&#8217;Alessandro, al recibir un telegrama con la noticia de su fallecimiento en un viaje a Bariloche. De todos modos, hubo un malentendido y ese amigo no hab\u00eda fallecido.<\/p>\n<blockquote><p>\u201cLa soledad es un amigo que no est\u00e1, es su palabra que no ha de llegar igual\u201d, dice el estribillo de la canci\u00f3n.<\/p><\/blockquote>\n<p><em><strong>LEA TAMBI\u00c9N:\u00a0<\/strong><\/em><\/p>\n<div class=\"video-container\">\n<blockquote class=\"wp-embedded-content\" data-secret=\"nAQB7dvBye\"><p><a href=\"http:\/\/cronicasyversiones.com\/?p=19704\">\u201cTester de violencia\u201d, el disco conceptual de Spinetta, cumple 30 a\u00f1os<\/a><\/p><\/blockquote>\n<p><iframe loading=\"lazy\" class=\"wp-embedded-content\" sandbox=\"allow-scripts\" security=\"restricted\" style=\"position: absolute; clip: rect(1px, 1px, 1px, 1px);\" title=\"\u00ab\u201cTester de violencia\u201d, el disco conceptual de Spinetta, cumple 30 a\u00f1os\u00bb \u2014    \" src=\"http:\/\/cronicasyversiones.com\/?p=19704&#038;embed=true#?secret=tLLoYYazbu#?secret=nAQB7dvBye\" data-secret=\"nAQB7dvBye\" width=\"600\" height=\"338\" frameborder=\"0\" marginwidth=\"0\" marginheight=\"0\" scrolling=\"no\"><\/iframe><\/div>\n<p>La propuesta de Kleiman inclu\u00eda la participaci\u00f3n de algunos de los arregladores estrella de aquellos d\u00edas, para embellecer la canci\u00f3n de Spinetta.<\/p>\n<blockquote><p>\u201cNos propuso trabajar con Horacio Malvicino o con Rodolfo Alchurr\u00f3n. Elegimos a Alchurr\u00f3n y a los pocos d\u00edas apareci\u00f3 con cuadernito y un l\u00e1piz para tomar nota y trabajar con nosotros\u201d, le cont\u00f3 Spinetta a Eduardo Berti en el libro \u201cCr\u00f3nicas e iluminaciones\u201d.<\/p><\/blockquote>\n<p>De esta forma, adem\u00e1s del cuarteto, que sum\u00f3 un conjuntos de cuerdas y vientos, con una clara referencia inspiracional en <strong>Los Beatles,<\/strong> quienes sol\u00edan ornamentar con estos arreglos a sus canciones.<\/p>\n<p>Lanzado en noviembre de 1968, el <em><strong>\u201cTema de Pototo\u201d<\/strong><\/em> apenas dura dos minutos y medio, casi una regla de aquellos a\u00f1os, que impon\u00eda un l\u00edmite de tres minutos para que esas canciones tengan mayor difusi\u00f3n radial. Precisamente, este esta canci\u00f3n comenz\u00f3 a sonar en \u201cModart en la Noche\u201d, el programa de Kleiman.<\/p>\n<p>Este simple, que ten\u00eda en el lado B a <em><strong>\u201cHoy todo el hielo en la ciudad\u201d,<\/strong><\/em> fue la primera prueba sorteada por Almendra. La buena recepci\u00f3n de el \u201cTema de Pototo\u201d le permiti\u00f3 editar un par de simples m\u00e1s, hasta la sale su primer LP, a principios de 1970.<\/p>\n<p>El \u201c<em><strong>Tema de Pototo\u201d<\/strong><\/em> fue incluido en la reedici\u00f3n en CD del primer disco del grupo, junto con los dem\u00e1s simples que edit\u00f3 Almendra.<\/p>\n<h2>Otras versiones<\/h2>\n<p>Esta canci\u00f3n fue editada por <strong>Leonardo Favio<\/strong>, que la escuch\u00f3 esta canci\u00f3n Almendra la grababa y incluso fue editada poco antes que la versi\u00f3n original.<\/p>\n<p>Tambi\u00e9n la registr\u00f3<strong> Juan Carlos Baglietto<\/strong> en el disco <em><strong>\u201cAcn\u00e9\u201d<\/strong><\/em>, en 1986, y adem\u00e1s fue grabada por <strong>Nacha Rold\u00e1n<\/strong> en el disco<a href=\"http:\/\/cronicasyversiones.com\/?p=4147\"> \u201cRa\u00edz Spinetta\u201d, un \u00e1lbum triple con \u201cversiones folkl\u00f3ricas\u201d del repertorio del Flaco.<\/a><\/p>\n<p><strong>Litto Nebbia<\/strong> registr\u00f3 una versi\u00f3n en <em><strong>\u201cUna celebraci\u00f3n del rock argentino\u201d<\/strong><\/em>, en el CD de este notable trabajo que reuni\u00f3 a canciones de Almendra grabadas por distintos artistas.<\/p>\n<p><iframe loading=\"lazy\" src=\"https:\/\/www.youtube.com\/embed\/rREkMHeLIIM\" width=\"560\" height=\"315\" frameborder=\"0\" allowfullscreen=\"allowfullscreen\"><\/iframe><\/p>\n<div style=\"padding-bottom:20px; padding-top:10px;\" class=\"hupso-share-buttons\"><!-- Hupso Share Buttons - https:\/\/www.hupso.com\/share\/ --><a class=\"hupso_counters\" href=\"https:\/\/www.hupso.com\/share\/\"><img decoding=\"async\" src=\"http:\/\/static.hupso.com\/share\/buttons\/lang\/es\/share-small.png\" style=\"border:0px; padding-top:2px; float:left;\" alt=\"Share Button\"\/><\/a><script type=\"text\/javascript\">var hupso_services_c=new Array(\"twitter\",\"facebook_like\",\"google\");var hupso_counters_lang = \"es_LA\";var hupso_image_folder_url = \"\";var hupso_twitter_via=\"crsyvrs\";var hupso_url_c=\"\";<\/script><script type=\"text\/javascript\" src=\"http:\/\/static.hupso.com\/share\/js\/counters.js\"><\/script><!-- Hupso Share Buttons --><\/div> ","protected":false},"excerpt":{"rendered":"<div style=\"padding-bottom:20px; padding-top:10px;\" class=\"hupso-share-buttons\"><!-- Hupso Share Buttons - https:\/\/www.hupso.com\/share\/ --><a class=\"hupso_counters\" href=\"https:\/\/www.hupso.com\/share\/\"><img src=\"http:\/\/static.hupso.com\/share\/buttons\/lang\/es\/share-small.png\" style=\"border:0px; padding-top:2px; float:left;\" alt=\"Share Button\"\/><\/a><script type=\"text\/javascript\">var hupso_services_c=new Array(\"twitter\",\"facebook_like\",\"google\");var hupso_counters_lang = \"es_LA\";var hupso_image_folder_url = \"\";var hupso_twitter_via=\"crsyvrs\";var hupso_url_c=\"\";<\/script><script type=\"text\/javascript\" src=\"http:\/\/static.hupso.com\/share\/js\/counters.js\"><\/script><!-- Hupso Share Buttons --><\/div><p>Por Edgardo Solano Esta composici\u00f3n, editada en un simple en noviembre de 1968, marc\u00f3 el inicio profesional de Almendra y de Luis Alberto Spinetta. Hace exactamente medio siglo, Almendra editaba \u00a0el \u201cTema de Pototo (Para saber c\u00f3mo es la&#46;&#46;&#46;<\/p>\n<div style=\"padding-bottom:20px; padding-top:10px;\" class=\"hupso-share-buttons\"><!-- Hupso Share Buttons - https:\/\/www.hupso.com\/share\/ --><a class=\"hupso_counters\" href=\"https:\/\/www.hupso.com\/share\/\"><img src=\"http:\/\/static.hupso.com\/share\/buttons\/lang\/es\/share-small.png\" style=\"border:0px; padding-top:2px; float:left;\" alt=\"Share Button\"\/><\/a><script type=\"text\/javascript\">var hupso_services_c=new Array(\"twitter\",\"facebook_like\",\"google\");var hupso_counters_lang = \"es_LA\";var hupso_image_folder_url = \"\";var hupso_twitter_via=\"crsyvrs\";var hupso_url_c=\"\";<\/script><script type=\"text\/javascript\" src=\"http:\/\/static.hupso.com\/share\/js\/counters.js\"><\/script><!-- Hupso Share Buttons --><\/div>","protected":false},"author":5,"featured_media":20559,"comment_status":"open","ping_status":"closed","sticky":false,"template":"","format":"standard","meta":{"footnotes":""},"categories":[3,3944],"tags":[723,47],"class_list":["post-20558","post","type-post","status-publish","format-standard","has-post-thumbnail","hentry","category-musica","category-spinettario","tag-almendra","tag-luis-alberto-spinetta"],"_links":{"self":[{"href":"http:\/\/cronicasyversiones.com\/index.php?rest_route=\/wp\/v2\/posts\/20558","targetHints":{"allow":["GET"]}}],"collection":[{"href":"http:\/\/cronicasyversiones.com\/index.php?rest_route=\/wp\/v2\/posts"}],"about":[{"href":"http:\/\/cronicasyversiones.com\/index.php?rest_route=\/wp\/v2\/types\/post"}],"author":[{"embeddable":true,"href":"http:\/\/cronicasyversiones.com\/index.php?rest_route=\/wp\/v2\/users\/5"}],"replies":[{"embeddable":true,"href":"http:\/\/cronicasyversiones.com\/index.php?rest_route=%2Fwp%2Fv2%2Fcomments&post=20558"}],"version-history":[{"count":0,"href":"http:\/\/cronicasyversiones.com\/index.php?rest_route=\/wp\/v2\/posts\/20558\/revisions"}],"wp:featuredmedia":[{"embeddable":true,"href":"http:\/\/cronicasyversiones.com\/index.php?rest_route=\/wp\/v2\/media\/20559"}],"wp:attachment":[{"href":"http:\/\/cronicasyversiones.com\/index.php?rest_route=%2Fwp%2Fv2%2Fmedia&parent=20558"}],"wp:term":[{"taxonomy":"category","embeddable":true,"href":"http:\/\/cronicasyversiones.com\/index.php?rest_route=%2Fwp%2Fv2%2Fcategories&post=20558"},{"taxonomy":"post_tag","embeddable":true,"href":"http:\/\/cronicasyversiones.com\/index.php?rest_route=%2Fwp%2Fv2%2Ftags&post=20558"}],"curies":[{"name":"wp","href":"https:\/\/api.w.org\/{rel}","templated":true}]}}