{"id":20790,"date":"2018-10-04T09:54:49","date_gmt":"2018-10-04T12:54:49","guid":{"rendered":"http:\/\/cronicasyversiones.com\/?p=20790"},"modified":"2018-10-04T09:54:49","modified_gmt":"2018-10-04T12:54:49","slug":"un-ciclo-recorre-los-clasicos-del-cine-de-oro-mexicano","status":"publish","type":"post","link":"http:\/\/cronicasyversiones.com\/?p=20790","title":{"rendered":"Un ciclo recorre los \u201cCl\u00e1sicos del Cine de Oro Mexicano\u201d"},"content":{"rendered":"<div style=\"padding-bottom:20px; padding-top:10px;\" class=\"hupso-share-buttons\"><!-- Hupso Share Buttons - https:\/\/www.hupso.com\/share\/ --><a class=\"hupso_counters\" href=\"https:\/\/www.hupso.com\/share\/\"><img decoding=\"async\" src=\"http:\/\/static.hupso.com\/share\/buttons\/lang\/es\/share-small.png\" style=\"border:0px; padding-top:2px; float:left;\" alt=\"Share Button\"\/><\/a><script type=\"text\/javascript\">var hupso_services_c=new Array(\"twitter\",\"facebook_like\",\"google\");var hupso_counters_lang = \"es_LA\";var hupso_image_folder_url = \"\";var hupso_twitter_via=\"crsyvrs\";var hupso_url_c=\"\";<\/script><script type=\"text\/javascript\" src=\"http:\/\/static.hupso.com\/share\/js\/counters.js\"><\/script><!-- Hupso Share Buttons --><\/div><h2>El encuentro tendr\u00e1 en el Museo del Cine Christian Pablo Ducr\u00f3s Hicken en una retrospectiva con films con copias remasterizadas.<\/h2>\n<p><img loading=\"lazy\" decoding=\"async\" class=\"size-full wp-image-20791 aligncenter\" src=\"http:\/\/cronicasyversiones.com\/wp-content\/uploads\/2018\/10\/mexico.jpg\" alt=\"\" width=\"750\" height=\"499\" srcset=\"http:\/\/cronicasyversiones.com\/wp-content\/uploads\/2018\/10\/mexico.jpg 750w, http:\/\/cronicasyversiones.com\/wp-content\/uploads\/2018\/10\/mexico-300x200.jpg 300w, http:\/\/cronicasyversiones.com\/wp-content\/uploads\/2018\/10\/mexico-480x320.jpg 480w\" sizes=\"auto, (max-width: 750px) 100vw, 750px\" \/><\/p>\n<p>En el<strong> Museo del Cine Christian Pablo Ducr\u00f3s Hicken<\/strong> tendr\u00e1 lugar la muestra\u00a0<em><strong>\u201cCl\u00e1sicos del Cine de Oro Mexicano\u201d<\/strong><\/em>, durante todo octubre, con entrada libre y gratuita.<\/p>\n<p>La retrospectiva tendr\u00e1 lugar en la sede del museo, Caffarena 51, en el barrio de La Boca (vecino a La Usina del Arte), los s\u00e1bados a las 14 y los domingos a las 14 y 16.<\/p>\n<p>El s\u00e1bado 6, en la apertura del ciclo, habr\u00e1 una proyecci\u00f3n especial de <em><strong>\u00abLa Perla<\/strong><\/em>\u00bb (1947), de<strong> Emilio \u00abIndio\u00bb Fern\u00e1ndez,<\/strong> seg\u00fan el relato de John Steinbeck, con Pedro Armend\u00e1riz, primer film hispanoparlante ganador del Globo de Oro.<\/p>\n<p>La docena de films incluidos se ver\u00e1n en copias digitales restauradas de alta resoluci\u00f3n, con los m\u00e1ximos int\u00e9rpretes del cine azteca, como Armend\u00e1riz, pero tambi\u00e9n Mario Moreno \u00abCantinflas\u00bb, Arturo de C\u00f3rdova, Mar\u00eda F\u00e9lix y Dolores del R\u00edo.<\/p>\n<p>El ciclo se realiza en sociedad con la Embajada de M\u00e9xico en la Argentina, y la colaboraci\u00f3n de la Cineteca Nacional de M\u00e9xico, responsable de la restauraci\u00f3n y digitalizaci\u00f3n, y el Circuito Cineteca Nacional.<\/p>\n<p>El programa es el que sigue: <em><strong>\u00abAh\u00ed est\u00e1 el detalle\u00bb<\/strong> <\/em>(1940), de Juan Bustillo Oro, con Cantinflas (el 6, a las 14); \u00abLa perla\u00bb (el 6, a las 18); \u00abDistinto amanecer\u00bb (1943), de Julio Bracho, con Andrea Palma (el 7, a las 14), y \u00abLa otra\u00bb (194), de Roberto Gavald\u00f3n, con Dolores del R\u00edo, (el 7, a las 16).<\/p>\n<p><em><strong>LEA TAMBI\u00c9N:\u00a0<\/strong><\/em><\/p>\n<div class=\"video-container\">\n<blockquote class=\"wp-embedded-content\" data-secret=\"Nj3dR9lvys\"><p><a href=\"http:\/\/cronicasyversiones.com\/?p=20440\">Un centenar de producciones iberoamericanos compiten en los Premios F\u00e9nix<\/a><\/p><\/blockquote>\n<p><iframe loading=\"lazy\" class=\"wp-embedded-content\" sandbox=\"allow-scripts\" security=\"restricted\" style=\"position: absolute; clip: rect(1px, 1px, 1px, 1px);\" title=\"\u00abUn centenar de producciones iberoamericanos compiten en los Premios F\u00e9nix\u00bb \u2014    \" src=\"http:\/\/cronicasyversiones.com\/?p=20440&#038;embed=true#?secret=vNKt1YbpCx#?secret=Nj3dR9lvys\" data-secret=\"Nj3dR9lvys\" width=\"600\" height=\"338\" frameborder=\"0\" marginwidth=\"0\" marginheight=\"0\" scrolling=\"no\"><\/iframe><\/div>\n<p>El segundo fin de semana de octubre se ver\u00e1n <em><strong>\u00abEnamorada\u00bb<\/strong> <\/em>(1946), de Emilio Fern\u00e1ndez, por la que su director de fotograf\u00eda Gabriel Figueroa fue premiado en Cannes (el 13, a las 14); \u00abLa diosa arrodillada\u00bb (1947), de Roberto Gavald\u00f3n, la dos con Mar\u00eda F\u00e9lix (el 14, a las 14); \u00abSal\u00f3n M\u00e9xico\u00bb (1948), de Emilio Fern\u00e1ndez (el 14, a las 16).<\/p>\n<p>El ciclo continuar\u00e1 con <em><strong>\u00abCalabacitas tiernas\u00bb<\/strong> <\/em>(1949), de Gilberto Mart\u00ednez Soares, con Germ\u00e1n \u00abTin Tan\u00bb Vald\u00e9s (el 21, a las 14); \u00abUna familia de tantas\u00bb (1948), de Alejandro Galindo, con Fernando Soler (el 14, a las 16).<\/p>\n<p>En el cierre, se ver\u00e1n <em><strong>\u00abEn la palma de la mano\u00bb<\/strong> <\/em>(1951), de Roberto Gavald\u00f3n, con Arturo de C\u00f3rdova, ganadora de varios premios Ariel (el 27, a las 14); \u00abLa noche avanza\u00bb (1952), con Pedro Armend\u00e1riz (el 28, a las 14) y finalmente \u00abMacario\u00bb (1959), con Ignacio L\u00f3pez Tarso (el 28, a las 16) las dos de Roberto Gavald\u00f3n.<\/p>\n<div style=\"padding-bottom:20px; padding-top:10px;\" class=\"hupso-share-buttons\"><!-- Hupso Share Buttons - https:\/\/www.hupso.com\/share\/ --><a class=\"hupso_counters\" href=\"https:\/\/www.hupso.com\/share\/\"><img decoding=\"async\" src=\"http:\/\/static.hupso.com\/share\/buttons\/lang\/es\/share-small.png\" style=\"border:0px; padding-top:2px; float:left;\" alt=\"Share Button\"\/><\/a><script type=\"text\/javascript\">var hupso_services_c=new Array(\"twitter\",\"facebook_like\",\"google\");var hupso_counters_lang = \"es_LA\";var hupso_image_folder_url = \"\";var hupso_twitter_via=\"crsyvrs\";var hupso_url_c=\"\";<\/script><script type=\"text\/javascript\" src=\"http:\/\/static.hupso.com\/share\/js\/counters.js\"><\/script><!-- Hupso Share Buttons --><\/div> ","protected":false},"excerpt":{"rendered":"<div style=\"padding-bottom:20px; padding-top:10px;\" class=\"hupso-share-buttons\"><!-- Hupso Share Buttons - https:\/\/www.hupso.com\/share\/ --><a class=\"hupso_counters\" href=\"https:\/\/www.hupso.com\/share\/\"><img src=\"http:\/\/static.hupso.com\/share\/buttons\/lang\/es\/share-small.png\" style=\"border:0px; padding-top:2px; float:left;\" alt=\"Share Button\"\/><\/a><script type=\"text\/javascript\">var hupso_services_c=new Array(\"twitter\",\"facebook_like\",\"google\");var hupso_counters_lang = \"es_LA\";var hupso_image_folder_url = \"\";var hupso_twitter_via=\"crsyvrs\";var hupso_url_c=\"\";<\/script><script type=\"text\/javascript\" src=\"http:\/\/static.hupso.com\/share\/js\/counters.js\"><\/script><!-- Hupso Share Buttons --><\/div><p>El encuentro tendr\u00e1 en el Museo del Cine Christian Pablo Ducr\u00f3s Hicken en una retrospectiva con films con copias remasterizadas. En el Museo del Cine Christian Pablo Ducr\u00f3s Hicken tendr\u00e1 lugar la muestra\u00a0\u201cCl\u00e1sicos del Cine de Oro Mexicano\u201d, durante&#46;&#46;&#46;<\/p>\n<div style=\"padding-bottom:20px; padding-top:10px;\" class=\"hupso-share-buttons\"><!-- Hupso Share Buttons - https:\/\/www.hupso.com\/share\/ --><a class=\"hupso_counters\" href=\"https:\/\/www.hupso.com\/share\/\"><img src=\"http:\/\/static.hupso.com\/share\/buttons\/lang\/es\/share-small.png\" style=\"border:0px; padding-top:2px; float:left;\" alt=\"Share Button\"\/><\/a><script type=\"text\/javascript\">var hupso_services_c=new Array(\"twitter\",\"facebook_like\",\"google\");var hupso_counters_lang = \"es_LA\";var hupso_image_folder_url = \"\";var hupso_twitter_via=\"crsyvrs\";var hupso_url_c=\"\";<\/script><script type=\"text\/javascript\" src=\"http:\/\/static.hupso.com\/share\/js\/counters.js\"><\/script><!-- Hupso Share Buttons --><\/div>","protected":false},"author":5,"featured_media":20791,"comment_status":"open","ping_status":"closed","sticky":false,"template":"","format":"standard","meta":{"footnotes":""},"categories":[4],"tags":[773,3138],"class_list":["post-20790","post","type-post","status-publish","format-standard","has-post-thumbnail","hentry","category-cine","tag-mexico","tag-museo-del-cine"],"_links":{"self":[{"href":"http:\/\/cronicasyversiones.com\/index.php?rest_route=\/wp\/v2\/posts\/20790","targetHints":{"allow":["GET"]}}],"collection":[{"href":"http:\/\/cronicasyversiones.com\/index.php?rest_route=\/wp\/v2\/posts"}],"about":[{"href":"http:\/\/cronicasyversiones.com\/index.php?rest_route=\/wp\/v2\/types\/post"}],"author":[{"embeddable":true,"href":"http:\/\/cronicasyversiones.com\/index.php?rest_route=\/wp\/v2\/users\/5"}],"replies":[{"embeddable":true,"href":"http:\/\/cronicasyversiones.com\/index.php?rest_route=%2Fwp%2Fv2%2Fcomments&post=20790"}],"version-history":[{"count":0,"href":"http:\/\/cronicasyversiones.com\/index.php?rest_route=\/wp\/v2\/posts\/20790\/revisions"}],"wp:featuredmedia":[{"embeddable":true,"href":"http:\/\/cronicasyversiones.com\/index.php?rest_route=\/wp\/v2\/media\/20791"}],"wp:attachment":[{"href":"http:\/\/cronicasyversiones.com\/index.php?rest_route=%2Fwp%2Fv2%2Fmedia&parent=20790"}],"wp:term":[{"taxonomy":"category","embeddable":true,"href":"http:\/\/cronicasyversiones.com\/index.php?rest_route=%2Fwp%2Fv2%2Fcategories&post=20790"},{"taxonomy":"post_tag","embeddable":true,"href":"http:\/\/cronicasyversiones.com\/index.php?rest_route=%2Fwp%2Fv2%2Ftags&post=20790"}],"curies":[{"name":"wp","href":"https:\/\/api.w.org\/{rel}","templated":true}]}}