{"id":20869,"date":"2018-10-10T14:00:27","date_gmt":"2018-10-10T17:00:27","guid":{"rendered":"http:\/\/cronicasyversiones.com\/?p=20869"},"modified":"2019-01-23T20:19:02","modified_gmt":"2019-01-23T23:19:02","slug":"marliyn-un-joven-que-descubre-su-sexualidad-en-un-ambiente-hostil","status":"publish","type":"post","link":"http:\/\/cronicasyversiones.com\/?p=20869","title":{"rendered":"\u201cMarilyn, un joven que descubre su sexualidad en un ambiente hostil"},"content":{"rendered":"<div style=\"padding-bottom:20px; padding-top:10px;\" class=\"hupso-share-buttons\"><!-- Hupso Share Buttons - https:\/\/www.hupso.com\/share\/ --><a class=\"hupso_counters\" href=\"https:\/\/www.hupso.com\/share\/\"><img decoding=\"async\" src=\"http:\/\/static.hupso.com\/share\/buttons\/lang\/es\/share-small.png\" style=\"border:0px; padding-top:2px; float:left;\" alt=\"Share Button\"\/><\/a><script type=\"text\/javascript\">var hupso_services_c=new Array(\"twitter\",\"facebook_like\",\"google\");var hupso_counters_lang = \"es_LA\";var hupso_image_folder_url = \"\";var hupso_twitter_via=\"crsyvrs\";var hupso_url_c=\"\";<\/script><script type=\"text\/javascript\" src=\"http:\/\/static.hupso.com\/share\/js\/counters.js\"><\/script><!-- Hupso Share Buttons --><\/div><h2>La \u00f3pera prima de Mart\u00edn Rodr\u00edguez Redondo trata sobre Marco, un joven pe\u00f3n rural que se enfrentar\u00e1 a la imposibilidad de ser quien quiere ser.<\/h2>\n<p><img loading=\"lazy\" decoding=\"async\" class=\" wp-image-20870 aligncenter\" src=\"http:\/\/cronicasyversiones.com\/wp-content\/uploads\/2018\/10\/marilyn-berlinale-655-ok.jpg\" alt=\"\" width=\"722\" height=\"482\" srcset=\"http:\/\/cronicasyversiones.com\/wp-content\/uploads\/2018\/10\/marilyn-berlinale-655-ok.jpg 655w, http:\/\/cronicasyversiones.com\/wp-content\/uploads\/2018\/10\/marilyn-berlinale-655-ok-300x200.jpg 300w, http:\/\/cronicasyversiones.com\/wp-content\/uploads\/2018\/10\/marilyn-berlinale-655-ok-480x320.jpg 480w\" sizes=\"auto, (max-width: 722px) 100vw, 722px\" \/><\/p>\n<p>Llega a las salas <em><strong>\u201cMarilyn\u201d,<\/strong><\/em> del debutante, \u00a0<strong>Mart\u00edn Rodr\u00edguez Redondo,<\/strong> sobre un joven pe\u00f3n rural \u00a0que descubre su sexualidad en un ambiente hostil, inspirado en hechos reales.<\/p>\n<p>La pel\u00edcula cuenta <strong>la historia de Marco<\/strong> y su familia, puesteros de una estancia, y c\u00f3mo mientras el padre y hermano hacen las tareas m\u00e1s pesadas, se queda en la casa con su madre, a la espera del Carnaval, donde podr\u00e1 ser \u00e9l mismo.<\/p>\n<p>La repentina muerte del padre deja a la familia en una situaci\u00f3n precaria, cuando el due\u00f1o del campo los presiona para que se vayan y la madre, a su vez, presiona a Marco para que se ocupe del campo.<\/p>\n<p><strong>Apodado Marilyn por otros adolescentes<\/strong>, es objeto de deseo y discriminaci\u00f3n, y as\u00ed acorralado por su familia y sus vecinos, Marcos se enfrentar\u00e1 a la imposibilidad de ser quien quiere ser.<\/p>\n<p>El elenco lo completan <strong>Catalina Saavedra, Germ\u00e1n de Silva, Walter Rodr\u00edguez, Rodolfo Garc\u00eda y Germ\u00e1n Baudino.<\/strong><\/p>\n<p><em><strong>LEA TAMBI\u00c9N:\u00a0<\/strong><\/em><\/p>\n<div class=\"video-container\">\n<blockquote class=\"wp-embedded-content\" data-secret=\"DUdrG1AmyQ\"><p><a href=\"http:\/\/cronicasyversiones.com\/?p=20822\">\u201cSangre blanca\u201d fue seleccionada para la Festa del Cinema di Roma<\/a><\/p><\/blockquote>\n<p><iframe loading=\"lazy\" class=\"wp-embedded-content\" sandbox=\"allow-scripts\" security=\"restricted\" style=\"position: absolute; clip: rect(1px, 1px, 1px, 1px);\" title=\"\u00ab\u201cSangre blanca\u201d fue seleccionada para la Festa del Cinema di Roma\u00bb \u2014    \" src=\"http:\/\/cronicasyversiones.com\/?p=20822&#038;embed=true#?secret=9zNpcnofTH#?secret=DUdrG1AmyQ\" data-secret=\"DUdrG1AmyQ\" width=\"600\" height=\"338\" frameborder=\"0\" marginwidth=\"0\" marginheight=\"0\" scrolling=\"no\"><\/iframe><\/div>\n<p>Es el debut como director de largometraje de <em><strong>Mart\u00edn Rodr\u00edguez Redondo,<\/strong><\/em> con gui\u00f3n propio, de Mariana Docampo y Mara Pescio, direcci\u00f3n de fotograf\u00eda de Guillermo Saposnik y m\u00fasica de Laurent Apffel; con Walter Rodr\u00edguez, Catalina Saavedra y Germ\u00e1n de Silva (Cine Tren, SAM16, con reservas)<\/p>\n<p>El Tel Aviv International LGBTQ Film Festival, la \u00fanica muestra de cine<strong> LGBTQ<\/strong> en el Medio Oriente, premi\u00f3 a <em><strong>\u00a0\u201cMarilyn\u201d,<\/strong><\/em> como la Mejor Ficci\u00f3n.<\/p>\n<p>Adem\u00e1s, el film tuvo su premiere mundial en la pasada Berlinale y se proyect\u00f3 en el Bafici.<\/p>\n<p><em><strong>El tr\u00e1iler:\u00a0<\/strong><\/em><\/p>\n<p><iframe loading=\"lazy\" src=\"https:\/\/www.youtube.com\/embed\/csjWmAG0vhA\" width=\"600\" height=\"350\" frameborder=\"0\" allowfullscreen=\"allowfullscreen\"><span data-mce-type=\"bookmark\" style=\"display: inline-block; width: 0px; overflow: hidden; line-height: 0;\" class=\"mce_SELRES_start\">?<\/span><\/iframe><\/p>\n<div style=\"padding-bottom:20px; padding-top:10px;\" class=\"hupso-share-buttons\"><!-- Hupso Share Buttons - https:\/\/www.hupso.com\/share\/ --><a class=\"hupso_counters\" href=\"https:\/\/www.hupso.com\/share\/\"><img decoding=\"async\" src=\"http:\/\/static.hupso.com\/share\/buttons\/lang\/es\/share-small.png\" style=\"border:0px; padding-top:2px; float:left;\" alt=\"Share Button\"\/><\/a><script type=\"text\/javascript\">var hupso_services_c=new Array(\"twitter\",\"facebook_like\",\"google\");var hupso_counters_lang = \"es_LA\";var hupso_image_folder_url = \"\";var hupso_twitter_via=\"crsyvrs\";var hupso_url_c=\"\";<\/script><script type=\"text\/javascript\" src=\"http:\/\/static.hupso.com\/share\/js\/counters.js\"><\/script><!-- Hupso Share Buttons --><\/div> ","protected":false},"excerpt":{"rendered":"<div style=\"padding-bottom:20px; padding-top:10px;\" class=\"hupso-share-buttons\"><!-- Hupso Share Buttons - https:\/\/www.hupso.com\/share\/ --><a class=\"hupso_counters\" href=\"https:\/\/www.hupso.com\/share\/\"><img src=\"http:\/\/static.hupso.com\/share\/buttons\/lang\/es\/share-small.png\" style=\"border:0px; padding-top:2px; float:left;\" alt=\"Share Button\"\/><\/a><script type=\"text\/javascript\">var hupso_services_c=new Array(\"twitter\",\"facebook_like\",\"google\");var hupso_counters_lang = \"es_LA\";var hupso_image_folder_url = \"\";var hupso_twitter_via=\"crsyvrs\";var hupso_url_c=\"\";<\/script><script type=\"text\/javascript\" src=\"http:\/\/static.hupso.com\/share\/js\/counters.js\"><\/script><!-- Hupso Share Buttons --><\/div><p>La \u00f3pera prima de Mart\u00edn Rodr\u00edguez Redondo trata sobre Marco, un joven pe\u00f3n rural que se enfrentar\u00e1 a la imposibilidad de ser quien quiere ser. Llega a las salas \u201cMarilyn\u201d, del debutante, \u00a0Mart\u00edn Rodr\u00edguez Redondo, sobre un joven pe\u00f3n&#46;&#46;&#46;<\/p>\n<div style=\"padding-bottom:20px; padding-top:10px;\" class=\"hupso-share-buttons\"><!-- Hupso Share Buttons - https:\/\/www.hupso.com\/share\/ --><a class=\"hupso_counters\" href=\"https:\/\/www.hupso.com\/share\/\"><img src=\"http:\/\/static.hupso.com\/share\/buttons\/lang\/es\/share-small.png\" style=\"border:0px; padding-top:2px; float:left;\" alt=\"Share Button\"\/><\/a><script type=\"text\/javascript\">var hupso_services_c=new Array(\"twitter\",\"facebook_like\",\"google\");var hupso_counters_lang = \"es_LA\";var hupso_image_folder_url = \"\";var hupso_twitter_via=\"crsyvrs\";var hupso_url_c=\"\";<\/script><script type=\"text\/javascript\" src=\"http:\/\/static.hupso.com\/share\/js\/counters.js\"><\/script><!-- Hupso Share Buttons --><\/div>","protected":false},"author":5,"featured_media":20870,"comment_status":"open","ping_status":"closed","sticky":false,"template":"","format":"standard","meta":{"footnotes":""},"categories":[4],"tags":[626,9020],"class_list":["post-20869","post","type-post","status-publish","format-standard","has-post-thumbnail","hentry","category-cine","tag-berlinale","tag-martin-rodriguez-redondo"],"_links":{"self":[{"href":"http:\/\/cronicasyversiones.com\/index.php?rest_route=\/wp\/v2\/posts\/20869","targetHints":{"allow":["GET"]}}],"collection":[{"href":"http:\/\/cronicasyversiones.com\/index.php?rest_route=\/wp\/v2\/posts"}],"about":[{"href":"http:\/\/cronicasyversiones.com\/index.php?rest_route=\/wp\/v2\/types\/post"}],"author":[{"embeddable":true,"href":"http:\/\/cronicasyversiones.com\/index.php?rest_route=\/wp\/v2\/users\/5"}],"replies":[{"embeddable":true,"href":"http:\/\/cronicasyversiones.com\/index.php?rest_route=%2Fwp%2Fv2%2Fcomments&post=20869"}],"version-history":[{"count":0,"href":"http:\/\/cronicasyversiones.com\/index.php?rest_route=\/wp\/v2\/posts\/20869\/revisions"}],"wp:featuredmedia":[{"embeddable":true,"href":"http:\/\/cronicasyversiones.com\/index.php?rest_route=\/wp\/v2\/media\/20870"}],"wp:attachment":[{"href":"http:\/\/cronicasyversiones.com\/index.php?rest_route=%2Fwp%2Fv2%2Fmedia&parent=20869"}],"wp:term":[{"taxonomy":"category","embeddable":true,"href":"http:\/\/cronicasyversiones.com\/index.php?rest_route=%2Fwp%2Fv2%2Fcategories&post=20869"},{"taxonomy":"post_tag","embeddable":true,"href":"http:\/\/cronicasyversiones.com\/index.php?rest_route=%2Fwp%2Fv2%2Ftags&post=20869"}],"curies":[{"name":"wp","href":"https:\/\/api.w.org\/{rel}","templated":true}]}}