{"id":21010,"date":"2018-10-24T14:13:24","date_gmt":"2018-10-24T17:13:24","guid":{"rendered":"http:\/\/cronicasyversiones.com\/?p=21010"},"modified":"2018-10-24T14:13:24","modified_gmt":"2018-10-24T17:13:24","slug":"luego-de-paso-por-san-sebastian-se-estrena-rojo-de-benjamin-naishtat","status":"publish","type":"post","link":"http:\/\/cronicasyversiones.com\/?p=21010","title":{"rendered":"Luego de paso por San Sebasti\u00e1n, se estrena \u201cRojo\u201d de Benjam\u00edn Naishtat"},"content":{"rendered":"<div style=\"padding-bottom:20px; padding-top:10px;\" class=\"hupso-share-buttons\"><!-- Hupso Share Buttons - https:\/\/www.hupso.com\/share\/ --><a class=\"hupso_counters\" href=\"https:\/\/www.hupso.com\/share\/\"><img decoding=\"async\" src=\"http:\/\/static.hupso.com\/share\/buttons\/lang\/es\/share-small.png\" style=\"border:0px; padding-top:2px; float:left;\" alt=\"Share Button\"\/><\/a><script type=\"text\/javascript\">var hupso_services_c=new Array(\"twitter\",\"facebook_like\",\"google\");var hupso_counters_lang = \"es_LA\";var hupso_image_folder_url = \"\";var hupso_twitter_via=\"crsyvrs\";var hupso_url_c=\"\";<\/script><script type=\"text\/javascript\" src=\"http:\/\/static.hupso.com\/share\/js\/counters.js\"><\/script><!-- Hupso Share Buttons --><\/div><h2>Con tres galardones en el festival de cine vasco, la\u00a0pel\u00edcula est\u00e1 ambientada en 1975 en una provincia argentina cualquiera en pleno apogeo de la Triple A.<\/h2>\n<p><img loading=\"lazy\" decoding=\"async\" class=\" wp-image-21011 aligncenter\" src=\"http:\/\/cronicasyversiones.com\/wp-content\/uploads\/2018\/10\/Rojo.jpg\" alt=\"\" width=\"751\" height=\"423\" srcset=\"http:\/\/cronicasyversiones.com\/wp-content\/uploads\/2018\/10\/Rojo.jpg 696w, http:\/\/cronicasyversiones.com\/wp-content\/uploads\/2018\/10\/Rojo-300x169.jpg 300w\" sizes=\"auto, (max-width: 751px) 100vw, 751px\" \/><\/p>\n<p>Se estrena <em><strong>\u00abRojo\u00bb,<\/strong><\/em> una pel\u00edcula ambientada en 1975 en una provincia argentina cualquiera, para describir el clima de ultranacionalismo, miedo e hipocres\u00eda burguesa que propici\u00f3 el golpe de Estado del a\u00f1o siguiente.<\/p>\n<p><em><strong>\u201cRojo\u201d<\/strong><\/em> es tercer largometraje de <strong>Benjam\u00edn Naishtat,<\/strong> que recibi\u00f3 tres premios en el <strong>Festival de Cine San Sebasti\u00e1n,<\/strong> incluido el del director, el de mejor actor para<strong> Dar\u00edo Grandinetti<\/strong> y la mejor fotograf\u00eda, el galard\u00f3n que recibi\u00f3 el brasile\u00f1o Pedro Sotero.<\/p>\n<p>Ambientada en un pueblo de una provincia de Argentina, y con un marco temporal a partir de septiembre de 1975, pleno apogeo de la <strong>Triple A<\/strong> y con el Golpe de Estado en ciernes.<\/p>\n<p>El protagonista \u201cel doctor\u201d <strong>Claudio Mor\u00e1n<\/strong> es un abogado respetado dentro de la comunidad pueblerina, casado con una mujer distinguida y padre de una adolescente, que est\u00e1 en plena iniciaci\u00f3n sexual con su novio Santi.<\/p>\n<p>A partir de ese cuarteto de personajes principales se construye la historia en donde habr\u00e1 intrigas de poder, venganzas por ofensas antiguas y tambi\u00e9n una cuota de acci\u00f3n por los organismos represivos del estado.<\/p>\n<p><strong>Dar\u00edo Grandinetti<\/strong> interpreta al abogado, mientras que <strong>Andrea Frigerio<\/strong> a su esposa Susana, y la Laura Grandinetti (la hija de de Dario en la vida real) es la hija adolescente de este matrimonio.\u00a0 El actor chileno Alfredo Castro se pone en la piel del detective Sinclair.<\/p>\n<p>El reparto se completa con Diego Cremonesi, Susana Pamp\u00edn, Rudy Chernicoff, Claudio Martinez Bel, Mara Bestelli y Rafael Federman, entre otros.<\/p>\n<p><em><strong>LEA TAMBI\u00c9N:\u00a0<\/strong><\/em><\/p>\n<div class=\"video-container\">\n<blockquote class=\"wp-embedded-content\" data-secret=\"hWVNnl7AE5\"><p><a href=\"http:\/\/cronicasyversiones.com\/?p=20869\">\u201cMarilyn, un joven que descubre su sexualidad en un ambiente hostil<\/a><\/p><\/blockquote>\n<p><iframe loading=\"lazy\" class=\"wp-embedded-content\" sandbox=\"allow-scripts\" security=\"restricted\" style=\"position: absolute; clip: rect(1px, 1px, 1px, 1px);\" title=\"\u00ab\u201cMarilyn, un joven que descubre su sexualidad en un ambiente hostil\u00bb \u2014    \" src=\"http:\/\/cronicasyversiones.com\/?p=20869&#038;embed=true#?secret=d1njPGBQHJ#?secret=hWVNnl7AE5\" data-secret=\"hWVNnl7AE5\" width=\"600\" height=\"338\" frameborder=\"0\" marginwidth=\"0\" marginheight=\"0\" scrolling=\"no\"><\/iframe><\/div>\n<p><strong>Benjam\u00edn Naishtat<\/strong> naci\u00f3 en Buenos Aires en 1986 y estudi\u00f3 cine en la Argentina y en Francia, dirigi\u00f3 cortometrajes de ficci\u00f3n y experimentales, antes de su primer largometraje.<\/p>\n<p>Su \u00f3pera prima fue<em><strong> \u201cHistoria del Miedo\u201d,<\/strong><\/em> de 2014, que se estren\u00f3 en el Festival de Berl\u00edn y que se proyect\u00f3 en el MoMA de Nueva York.<\/p>\n<p>Mientras que su segundo largometraje,\u00a0 <em><strong>\u201cEl movimiento\u201d<\/strong><\/em>, de 2015, se estren\u00f3 en el Festival de Locarno, en Suiza, y gan\u00f3 como Mejor Pel\u00edcula de la Competencia Argentina en el Festival de Mar del Plata.<\/p>\n<p><em><strong>El tr\u00e1iler:\u00a0<\/strong><\/em><\/p>\n<p><iframe loading=\"lazy\" src=\"https:\/\/www.youtube.com\/embed\/t-sR3LSx_Fs\" width=\"600\" height=\"350\" frameborder=\"0\" allowfullscreen=\"allowfullscreen\"><span data-mce-type=\"bookmark\" style=\"display: inline-block; width: 0px; overflow: hidden; line-height: 0;\" class=\"mce_SELRES_start\">?<\/span><\/iframe><\/p>\n<p>&nbsp;<\/p>\n<div style=\"padding-bottom:20px; padding-top:10px;\" class=\"hupso-share-buttons\"><!-- Hupso Share Buttons - https:\/\/www.hupso.com\/share\/ --><a class=\"hupso_counters\" href=\"https:\/\/www.hupso.com\/share\/\"><img decoding=\"async\" src=\"http:\/\/static.hupso.com\/share\/buttons\/lang\/es\/share-small.png\" style=\"border:0px; padding-top:2px; float:left;\" alt=\"Share Button\"\/><\/a><script type=\"text\/javascript\">var hupso_services_c=new Array(\"twitter\",\"facebook_like\",\"google\");var hupso_counters_lang = \"es_LA\";var hupso_image_folder_url = \"\";var hupso_twitter_via=\"crsyvrs\";var hupso_url_c=\"\";<\/script><script type=\"text\/javascript\" src=\"http:\/\/static.hupso.com\/share\/js\/counters.js\"><\/script><!-- Hupso Share Buttons --><\/div> ","protected":false},"excerpt":{"rendered":"<div style=\"padding-bottom:20px; padding-top:10px;\" class=\"hupso-share-buttons\"><!-- Hupso Share Buttons - https:\/\/www.hupso.com\/share\/ --><a class=\"hupso_counters\" href=\"https:\/\/www.hupso.com\/share\/\"><img src=\"http:\/\/static.hupso.com\/share\/buttons\/lang\/es\/share-small.png\" style=\"border:0px; padding-top:2px; float:left;\" alt=\"Share Button\"\/><\/a><script type=\"text\/javascript\">var hupso_services_c=new Array(\"twitter\",\"facebook_like\",\"google\");var hupso_counters_lang = \"es_LA\";var hupso_image_folder_url = \"\";var hupso_twitter_via=\"crsyvrs\";var hupso_url_c=\"\";<\/script><script type=\"text\/javascript\" src=\"http:\/\/static.hupso.com\/share\/js\/counters.js\"><\/script><!-- Hupso Share Buttons --><\/div><p>Con tres galardones en el festival de cine vasco, la\u00a0pel\u00edcula est\u00e1 ambientada en 1975 en una provincia argentina cualquiera en pleno apogeo de la Triple A. Se estrena \u00abRojo\u00bb, una pel\u00edcula ambientada en 1975 en una provincia argentina cualquiera,&#46;&#46;&#46;<\/p>\n<div style=\"padding-bottom:20px; padding-top:10px;\" class=\"hupso-share-buttons\"><!-- Hupso Share Buttons - https:\/\/www.hupso.com\/share\/ --><a class=\"hupso_counters\" href=\"https:\/\/www.hupso.com\/share\/\"><img src=\"http:\/\/static.hupso.com\/share\/buttons\/lang\/es\/share-small.png\" style=\"border:0px; padding-top:2px; float:left;\" alt=\"Share Button\"\/><\/a><script type=\"text\/javascript\">var hupso_services_c=new Array(\"twitter\",\"facebook_like\",\"google\");var hupso_counters_lang = \"es_LA\";var hupso_image_folder_url = \"\";var hupso_twitter_via=\"crsyvrs\";var hupso_url_c=\"\";<\/script><script type=\"text\/javascript\" src=\"http:\/\/static.hupso.com\/share\/js\/counters.js\"><\/script><!-- Hupso Share Buttons --><\/div>","protected":false},"author":5,"featured_media":21011,"comment_status":"open","ping_status":"closed","sticky":false,"template":"","format":"standard","meta":{"footnotes":""},"categories":[4],"tags":[9036,630,1080],"class_list":["post-21010","post","type-post","status-publish","format-standard","has-post-thumbnail","hentry","category-cine","tag-andrea-frigerio","tag-benjamin-naishtat","tag-dario-grandinetti"],"_links":{"self":[{"href":"http:\/\/cronicasyversiones.com\/index.php?rest_route=\/wp\/v2\/posts\/21010","targetHints":{"allow":["GET"]}}],"collection":[{"href":"http:\/\/cronicasyversiones.com\/index.php?rest_route=\/wp\/v2\/posts"}],"about":[{"href":"http:\/\/cronicasyversiones.com\/index.php?rest_route=\/wp\/v2\/types\/post"}],"author":[{"embeddable":true,"href":"http:\/\/cronicasyversiones.com\/index.php?rest_route=\/wp\/v2\/users\/5"}],"replies":[{"embeddable":true,"href":"http:\/\/cronicasyversiones.com\/index.php?rest_route=%2Fwp%2Fv2%2Fcomments&post=21010"}],"version-history":[{"count":0,"href":"http:\/\/cronicasyversiones.com\/index.php?rest_route=\/wp\/v2\/posts\/21010\/revisions"}],"wp:featuredmedia":[{"embeddable":true,"href":"http:\/\/cronicasyversiones.com\/index.php?rest_route=\/wp\/v2\/media\/21011"}],"wp:attachment":[{"href":"http:\/\/cronicasyversiones.com\/index.php?rest_route=%2Fwp%2Fv2%2Fmedia&parent=21010"}],"wp:term":[{"taxonomy":"category","embeddable":true,"href":"http:\/\/cronicasyversiones.com\/index.php?rest_route=%2Fwp%2Fv2%2Fcategories&post=21010"},{"taxonomy":"post_tag","embeddable":true,"href":"http:\/\/cronicasyversiones.com\/index.php?rest_route=%2Fwp%2Fv2%2Ftags&post=21010"}],"curies":[{"name":"wp","href":"https:\/\/api.w.org\/{rel}","templated":true}]}}